{"id":86508,"date":"2025-12-11T12:05:34","date_gmt":"2025-12-11T12:05:34","guid":{"rendered":"https:\/\/www.lab.eus\/?p=86508"},"modified":"2025-12-11T12:09:32","modified_gmt":"2025-12-11T12:09:32","slug":"representantes-sindicales-unen-gobierno-y-parlamento-con-una-cadena-humana-por-un-salario-minimo-navarro","status":"publish","type":"post","link":"https:\/\/www.lab.eus\/es\/representantes-sindicales-unen-gobierno-y-parlamento-con-una-cadena-humana-por-un-salario-minimo-navarro\/","title":{"rendered":"Representantes sindicales unen Gobierno y Parlamento con una cadena humana por un salario m\u00ednimo navarro"},"content":{"rendered":"\n<p><strong>Los sindicatos ELA, LAB, ESK, STEILAS, HIRU y ETXALDE exigen al Gobierno de Navarra y a todos los partidos con representaci\u00f3n en el Parlamento de Navarra que apuesten por un salario m\u00ednimo navarro. Tanto a la patronal CEN como a los sindicatos UGT y CCOO les han replicado que, ante su negativa a negociar, responder\u00e1n con movilizaci\u00f3n y acci\u00f3n sindical.<\/strong><\/p>\n\n\n\n<p>La patronal CEN, con el posicionamiento c\u00f3mplice de UGT, CCOO y el Gobierno de Navarra han bloqueado la v\u00eda de la negociaci\u00f3n colectiva. Una vez m\u00e1s, se han aliado con el objetivo de precarizar las condiciones de trabajo de la clase trabajadora navarra y cerrar cualquier posibilidad de que sean mejoradas. Y mientras tanto, alegando argumentos jur\u00eddicos, en el Parlamento de Navarra tambi\u00e9n se cerr\u00f3 la posibilidad de debatir al respecto. En cambio, los partidos pueden apostar por un salario m\u00ednimo propio presentando un proyecto de ley.<\/p>\n\n\n\n<p>Hay que recordar que en apenas tres meses se ha reunido el apoyo de 18.316 trabajadores y trabajadoras navarras, un n\u00famero de firmas que triplica el m\u00ednimo exigido para poner en marcha la Iniciativa Legislativa Popular. Una iniciativa para hacer frente a las situaciones de pobreza y a favor de un reparto equitativo de la riqueza.<\/p>\n\n\n\n<p>Es grave y antidemocr\u00e1tica la actitud partidista y corporativa del Gobierno de Navarra que favorece tanto a los intereses de los empresarios como a los sindicatos UGT y CCOO, apoyando la negaci\u00f3n de la negociaci\u00f3n de un salario m\u00ednimo propio, bueno y perfectamente leg\u00edtimo para Navarra y sus trabajadores y trabajadoras.<\/p>\n\n\n\n<p>Hoy, con la cadena humana formada por representantes sindicales, han interpelado al Gobierno de Navarra y al Parlamento para que apoyen a los trabajadores y trabajadoras. Tienen una gran oportunidad de reconsiderar su posici\u00f3n, para que el autogobierno mejore las condiciones de vida y de trabajo, para que gane la mayor\u00eda social de Navarra.<\/p>\n\n\n\n<p>Adem\u00e1s, se han dirigido a la CEN, UGT y CCOO para instarles a sentarse a negociar. De lo contrario, ante su negativa, responder\u00e1n con movilizaci\u00f3n y acci\u00f3n sindical.<\/p>\n","protected":false},"excerpt":{"rendered":"<p>Los sindicatos ELA, LAB, ESK, STEILAS, HIRU y ETXALDE exigen al Gobierno de Navarra y a todos los partidos con representaci\u00f3n en el Parlamento de Navarra que apuesten por un salario m\u00ednimo navarro. Tanto a la patronal CEN como a los sindicatos UGT y CCOO les han replicado que, ante su negativa a negociar, responder\u00e1n con movilizaci\u00f3n y acci\u00f3n sindical.<\/p>\n","protected":false},"author":1191,"featured_media":86504,"comment_status":"closed","ping_status":"closed","sticky":false,"template":"","format":"standard","meta":{"_monsterinsights_skip_tracking":false,"_monsterinsights_sitenote_active":false,"_monsterinsights_sitenote_note":"","_monsterinsights_sitenote_category":0,"footnotes":"","_links_to":"","_links_to_target":""},"categories":[18,3283],"tags":[3033,3178,3279,5356,5362],"class_list":{"0":"post-86508","1":"post","2":"type-post","3":"status-publish","4":"format-standard","5":"has-post-thumbnail","7":"category-es-accion-sindical","8":"category-sin-categorizar","9":"tag-accion-sindical-es","10":"tag-destacado-1","11":"tag-portada-es","12":"tag-salario-minimo-es","13":"tag-smi-es-3"},"_links":{"self":[{"href":"https:\/\/www.lab.eus\/es\/wp-json\/wp\/v2\/posts\/86508","targetHints":{"allow":["GET"]}}],"collection":[{"href":"https:\/\/www.lab.eus\/es\/wp-json\/wp\/v2\/posts"}],"about":[{"href":"https:\/\/www.lab.eus\/es\/wp-json\/wp\/v2\/types\/post"}],"author":[{"embeddable":true,"href":"https:\/\/www.lab.eus\/es\/wp-json\/wp\/v2\/users\/1191"}],"replies":[{"embeddable":true,"href":"https:\/\/www.lab.eus\/es\/wp-json\/wp\/v2\/comments?post=86508"}],"version-history":[{"count":1,"href":"https:\/\/www.lab.eus\/es\/wp-json\/wp\/v2\/posts\/86508\/revisions"}],"predecessor-version":[{"id":86509,"href":"https:\/\/www.lab.eus\/es\/wp-json\/wp\/v2\/posts\/86508\/revisions\/86509"}],"wp:featuredmedia":[{"embeddable":true,"href":"https:\/\/www.lab.eus\/es\/wp-json\/wp\/v2\/media\/86504"}],"wp:attachment":[{"href":"https:\/\/www.lab.eus\/es\/wp-json\/wp\/v2\/media?parent=86508"}],"wp:term":[{"taxonomy":"category","embeddable":true,"href":"https:\/\/www.lab.eus\/es\/wp-json\/wp\/v2\/categories?post=86508"},{"taxonomy":"post_tag","embeddable":true,"href":"https:\/\/www.lab.eus\/es\/wp-json\/wp\/v2\/tags?post=86508"}],"curies":[{"name":"wp","href":"https:\/\/api.w.org\/{rel}","templated":true}]}}