{"id":86501,"date":"2025-12-11T11:41:52","date_gmt":"2025-12-11T11:41:52","guid":{"rendered":"https:\/\/www.lab.eus\/?p=86501"},"modified":"2025-12-11T13:10:58","modified_gmt":"2025-12-11T13:10:58","slug":"la-plantilla-de-balenciaga-ha-dejado-claro-que-no-es-responsable-del-retraso-en-la-operacion-de-compra","status":"publish","type":"post","link":"https:\/\/www.lab.eus\/es\/la-plantilla-de-balenciaga-ha-dejado-claro-que-no-es-responsable-del-retraso-en-la-operacion-de-compra\/","title":{"rendered":"La plantilla de Balenciaga ha dejado claro que no es responsable del retraso en la operaci\u00f3n de compra"},"content":{"rendered":"\n<p><strong>La plantilla del astillero Balenciaga de Zumaia ha dejado claro que no es responsables del retraso en la operaci\u00f3n de compra. Los trabajadores han subrayado que la plantilla ha demostrado compromiso y responsabilidad desde el principio y piden que se mantenga la subrogaci\u00f3n total de la plantilla y las condiciones laborales. Asimismo, denuncian la falta de colaboraci\u00f3n de las instituciones, exceptuando al Ayuntamiento de Zumaia.<\/strong><\/p>\n\n\n\n<p><strong>Aqu\u00ed se puede leer el comunicado de la plantilla de Balenciaga:<\/strong><\/p>\n\n\n\n<p>Las trabajadoras y trabajadores de Astilleros Balenciaga queremos dejar claro que no somos responsables de los retrasos en la operaci\u00f3n de compra. Desde el primer momento hemos mostrado nuestra disposici\u00f3n, apoyando la oferta siempre que se garantizara la subrogaci\u00f3n \u00edntegra de la plantilla y el mantenimiento de nuestras condiciones laborales existentes.<\/p>\n\n\n\n<p>El 22 de julio de 2025 ya dimos nuestro visto bueno a la oferta de los inversores, que posteriormente presentaron en el juzgado. Durante los meses de Septiembre y Octubre se nos comunic\u00f3 que la operaci\u00f3n avanzaba pero les hac\u00eda falta m\u00e1s tiempo. El 12 noviembre, sin embargo, los inversores convocaron al Comit\u00e9 en Madrid a una reuni\u00f3n en la cual nos expusieron de aceptar 7 despidos e incluso un reajuste salarial a la baja del 25% y en algunos casos de hasta el 50%. Estas condiciones fueron rechazadas por el Comit\u00e9, pero la plantilla, con responsabilidad, ofreci\u00f3 una alternativa: mantener las condiciones laborales existentes con una congelaci\u00f3n salarial de 3 a\u00f1os. A d\u00eda de hoy seguimos sin respuesta.<\/p>\n\n\n\n<p>Y esto, cuando la administradora concursal ya nos hab\u00eda informado a finales de Octubre del 2025, que el inversor hab\u00eda fijado por escrito que la semana del 17 de Noviembre de 2025 para formalizar la compra.<\/p>\n\n\n\n<p>La situaci\u00f3n es insostenible. La administradora concursal tras la finalizaci\u00f3n del ERTE el 22 de junio de 2025, concedi\u00f3 un permiso retribuido que en la pr\u00e1ctica no se est\u00e1 abonando. Llevamos meses sin percibir salario, acumulando deudas y viviendo una incertidumbre que golpea duramente a nuestras familias.<\/p>\n\n\n\n<p>La falta de acompa\u00f1amiento de las administraciones e instituciones a excepci\u00f3n del ayuntamiento de Zumaia, en este momento cr\u00edtico no solo nos afecta a nosotros, sino que compromete el futuro de un sector estrat\u00e9gico como es la construcci\u00f3n naval clave para la econom\u00eda y la industria.<\/p>\n\n\n\n<p>Queremos subrayar que la plantilla ha demostrado siempre compromiso y responsabilidad. Hemos hecho concesiones, hemos esperado, hemos confiado y seguimos luchando.<\/p>\n\n\n\n<p>La plantilla est\u00e1 unida y seguir\u00e1 defendiendo sus puestos de trabajo. Queremos trabajar, queremos estabilidad, queremos un proyecto que nos garantice seguir avanzando dignamente con nuestra vida. No solo defendemos nuestros puestos de trabajo, sino tambi\u00e9n los de las nuevas incorporaciones, porque creemos en un futuro compartido y en la necesidad de garantizar oportunidades para quienes se sumen a este proyecto.<\/p>\n\n\n\n<p>No entendemos c\u00f3mo estando tan cerca como estamos para poder retomar la actividad, no nos han respondido a d\u00eda de hoy a la propuesta que se les present\u00f3.<\/p>\n","protected":false},"excerpt":{"rendered":"<p>La plantilla del astillero Balenciaga de Zumaia ha dejado claro que no es responsables del retraso en la operaci\u00f3n de compra. Los trabajadores han subrayado que la plantilla ha demostrado compromiso y responsabilidad desde el principio y piden que se mantenga la subrogaci\u00f3n total de la plantilla y las condiciones laborales. Asimismo, denuncian la falta de colaboraci\u00f3n de las instituciones, exceptuando al Ayuntamiento de Zumaia.<\/p>\n","protected":false},"author":1191,"featured_media":86497,"comment_status":"closed","ping_status":"closed","sticky":false,"template":"","format":"standard","meta":{"_monsterinsights_skip_tracking":false,"_monsterinsights_sitenote_active":false,"_monsterinsights_sitenote_note":"","_monsterinsights_sitenote_category":0,"footnotes":"","_links_to":"","_links_to_target":""},"categories":[18,2867,2868,3283],"tags":[3033,3178,2996],"class_list":{"0":"post-86501","1":"post","2":"type-post","3":"status-publish","4":"format-standard","5":"has-post-thumbnail","7":"category-es-accion-sindical","8":"category-federaciones","9":"category-industria-es","10":"category-sin-categorizar","11":"tag-accion-sindical-es","12":"tag-destacado-1","13":"tag-industria-es"},"_links":{"self":[{"href":"https:\/\/www.lab.eus\/es\/wp-json\/wp\/v2\/posts\/86501","targetHints":{"allow":["GET"]}}],"collection":[{"href":"https:\/\/www.lab.eus\/es\/wp-json\/wp\/v2\/posts"}],"about":[{"href":"https:\/\/www.lab.eus\/es\/wp-json\/wp\/v2\/types\/post"}],"author":[{"embeddable":true,"href":"https:\/\/www.lab.eus\/es\/wp-json\/wp\/v2\/users\/1191"}],"replies":[{"embeddable":true,"href":"https:\/\/www.lab.eus\/es\/wp-json\/wp\/v2\/comments?post=86501"}],"version-history":[{"count":3,"href":"https:\/\/www.lab.eus\/es\/wp-json\/wp\/v2\/posts\/86501\/revisions"}],"predecessor-version":[{"id":86514,"href":"https:\/\/www.lab.eus\/es\/wp-json\/wp\/v2\/posts\/86501\/revisions\/86514"}],"wp:featuredmedia":[{"embeddable":true,"href":"https:\/\/www.lab.eus\/es\/wp-json\/wp\/v2\/media\/86497"}],"wp:attachment":[{"href":"https:\/\/www.lab.eus\/es\/wp-json\/wp\/v2\/media?parent=86501"}],"wp:term":[{"taxonomy":"category","embeddable":true,"href":"https:\/\/www.lab.eus\/es\/wp-json\/wp\/v2\/categories?post=86501"},{"taxonomy":"post_tag","embeddable":true,"href":"https:\/\/www.lab.eus\/es\/wp-json\/wp\/v2\/tags?post=86501"}],"curies":[{"name":"wp","href":"https:\/\/api.w.org\/{rel}","templated":true}]}}