{"id":86493,"date":"2025-12-11T11:05:29","date_gmt":"2025-12-11T11:05:29","guid":{"rendered":"https:\/\/www.lab.eus\/?p=86493"},"modified":"2025-12-11T11:08:04","modified_gmt":"2025-12-11T11:08:04","slug":"huelga-en-la-recogida-de-vidrio-en-navidad-lab-convoca-siete-dias-de-paros-en-enviser","status":"publish","type":"post","link":"https:\/\/www.lab.eus\/es\/huelga-en-la-recogida-de-vidrio-en-navidad-lab-convoca-siete-dias-de-paros-en-enviser\/","title":{"rendered":"Huelga en la recogida de vidrio en Navidad: LAB convoca siete d\u00edas de paros en Enviser"},"content":{"rendered":"\n<p>El sindicato LAB ha convocado siete d\u00edas de huelga en la empresa Enviser, encargada de la recogida de vidrio en toda Navarra, los pr\u00f3ximos d\u00edas 24, 26, 29, 30 y 31 de diciembre de 2025, as\u00ed como los d\u00edas 2 y 5 de enero de 2026.<\/p>\n\n\n\n<p>Seg\u00fan LAB, ya han pasado casi cuatro a\u00f1os desde la adjudicaci\u00f3n del \u00faltimo contrato a Enviser, y durante este tiempo se han producido diversas negociaciones para renovar el Pacto de Empresa, que finaliz\u00f3 en enero de 2022.<\/p>\n\n\n\n<p>El sindicato denuncia que las negociaciones se han dilatado en el tiempo. Tras las \u00faltimas reuniones negociadoras, en las cuales todo hac\u00eda indicar que se cerrar\u00eda el acuerdo antes de acabar el a\u00f1o, la empresa volvi\u00f3 a bloquear el proceso al intentar establecer una serie de cl\u00e1usulas que consideramos abusivas y restrictivas. Entre estas cl\u00e1usulas, el sindicato destaca la vinculaci\u00f3n de la aplicaci\u00f3n efectiva de los costes e incrementos salariales acordados a su inclusi\u00f3n en el nuevo contrato administrativo.<\/p>\n\n\n\n<p>LAB subraya que, tras m\u00e1s de tres a\u00f1os de negociaciones y ante la falta de seriedad por parte de la direcci\u00f3n de Enviser, el sindicato ha decidido, por unanimidad, convocar estos d\u00edas de paros totales para buscar una resoluci\u00f3n definitiva a la situaci\u00f3n.<\/p>\n","protected":false},"excerpt":{"rendered":"<p>El sindicato LAB ha convocado siete d\u00edas de huelga en la empresa Enviser, encargada de la recogida de vidrio en toda Navarra, los pr\u00f3ximos d\u00edas 24, 26, 29, 30 y 31 de diciembre de 2025, as\u00ed como los d\u00edas 2 y 5 de enero de 2026.<\/p>\n","protected":false},"author":1191,"featured_media":86490,"comment_status":"closed","ping_status":"closed","sticky":false,"template":"","format":"standard","meta":{"_monsterinsights_skip_tracking":false,"_monsterinsights_sitenote_active":false,"_monsterinsights_sitenote_note":"","_monsterinsights_sitenote_category":0,"footnotes":"","_links_to":"","_links_to_target":""},"categories":[18,3283],"tags":[3033,3178],"class_list":{"0":"post-86493","1":"post","2":"type-post","3":"status-publish","4":"format-standard","5":"has-post-thumbnail","7":"category-es-accion-sindical","8":"category-sin-categorizar","9":"tag-accion-sindical-es","10":"tag-destacado-1"},"_links":{"self":[{"href":"https:\/\/www.lab.eus\/es\/wp-json\/wp\/v2\/posts\/86493","targetHints":{"allow":["GET"]}}],"collection":[{"href":"https:\/\/www.lab.eus\/es\/wp-json\/wp\/v2\/posts"}],"about":[{"href":"https:\/\/www.lab.eus\/es\/wp-json\/wp\/v2\/types\/post"}],"author":[{"embeddable":true,"href":"https:\/\/www.lab.eus\/es\/wp-json\/wp\/v2\/users\/1191"}],"replies":[{"embeddable":true,"href":"https:\/\/www.lab.eus\/es\/wp-json\/wp\/v2\/comments?post=86493"}],"version-history":[{"count":2,"href":"https:\/\/www.lab.eus\/es\/wp-json\/wp\/v2\/posts\/86493\/revisions"}],"predecessor-version":[{"id":86495,"href":"https:\/\/www.lab.eus\/es\/wp-json\/wp\/v2\/posts\/86493\/revisions\/86495"}],"wp:featuredmedia":[{"embeddable":true,"href":"https:\/\/www.lab.eus\/es\/wp-json\/wp\/v2\/media\/86490"}],"wp:attachment":[{"href":"https:\/\/www.lab.eus\/es\/wp-json\/wp\/v2\/media?parent=86493"}],"wp:term":[{"taxonomy":"category","embeddable":true,"href":"https:\/\/www.lab.eus\/es\/wp-json\/wp\/v2\/categories?post=86493"},{"taxonomy":"post_tag","embeddable":true,"href":"https:\/\/www.lab.eus\/es\/wp-json\/wp\/v2\/tags?post=86493"}],"curies":[{"name":"wp","href":"https:\/\/api.w.org\/{rel}","templated":true}]}}