{"id":86485,"date":"2025-12-11T10:41:54","date_gmt":"2025-12-11T10:41:54","guid":{"rendered":"https:\/\/www.lab.eus\/?p=86485"},"modified":"2025-12-11T10:41:57","modified_gmt":"2025-12-11T10:41:57","slug":"lab-denuncia-que-pnv-y-pse-han-aprobado-una-ley-a-medida-de-la-patronal-inmobiliaria","status":"publish","type":"post","link":"https:\/\/www.lab.eus\/es\/lab-denuncia-que-pnv-y-pse-han-aprobado-una-ley-a-medida-de-la-patronal-inmobiliaria\/","title":{"rendered":"LAB denuncia que PNV y PSE han aprobado una ley a medida de la patronal inmobiliaria"},"content":{"rendered":"\n<p>La ley de medidas urgentes de vivienda, aprobada hoy por los dos partidos que integran el Gobierno Vasco, no incluir\u00e1 ni una sola medida para proteger a la clase trabajadora y frenar la subida constante de los precios. En opini\u00f3n de LAB, en lugar de abrir la posibilidad de multiplicar los beneficios a las constructoras, hay que fomentar el alquiler p\u00fablico, barato y permanente.<\/p>\n\n\n\n<p>Vivimos una crisis de vivienda que est\u00e1 empobreciendo a cada vez m\u00e1s sectores de de la clase trabajadora. Al diagn\u00f3stico defendido por LAB se suman los informes realizados desde diferentes \u00e1mbitos y que han sido noticia en las \u00faltimas semanas, como las de las fundaciones Foessa y C\u00e1ritas, Zedarriak y el propio Soci\u00f3metro que recoge las principales preocupaciones de la poblaci\u00f3n. El precio de la vivienda es el factor b\u00e1sico que acent\u00faa esta crisis. Tanto los precios de compra como los de alquiler siguen creciendo y el esfuerzo econ\u00f3mico de la gente trabajadora es cada vez mayor, y m\u00e1s entre las personas migradas, mujeres y j\u00f3venes.<\/p>\n\n\n\n<p>LAB denuncia firmemente la ley de medidas urgentes de PNV y PSE. De hecho, dicen que hay que tomar medidas estructurales de urgencia, pero con el rumbo adoptado profundizar\u00e1n en la misma pol\u00edtica de vivienda que nos ha tra\u00eddo hasta este punto: todas la medidas responden a que constructores, promotores y, en definitiva, quienes hacen negocio con la vivienda puedan aumentar sus beneficios. <\/p>\n\n\n\n<p>En Etxebide hay casi 100.000 personas inscritas y la inmensa mayor\u00eda tiene como prioridad el alquiler p\u00fablico. El parque p\u00fablico protegido que no alcanza las 30.000 viviendas es totalmente insuficiente (aunque a\u00f1adamos las 17.000 que gestiona Alokabide). A las 7.000 nuevas viviendas anunciadas para los pr\u00f3ximos a\u00f1os hay que restarle las cerca de 5.000 que perder\u00e1n protecci\u00f3n a las y pasar\u00e1n al mercado privado (anteriores a la ley de 2003).<\/p>\n\n\n\n<p>Una situaci\u00f3n a la que el departamento de Denis Itxaso quiere dar salida construyendo m\u00e1s y m\u00e1s r\u00e1pido, aunque para ello tenga que reducir el n\u00famero legal de casas de protecci\u00f3n p\u00fablica de las promociones y flexibilizar los impactos naturales. Quieren vender que el problema es entre demanda y oferta y que hay que garantizar a los promotores y constructores una mayor rentabilidad para que la oferta sea mayor \u2014es decir, hacer m\u00e1s negocios con un derecho b\u00e1sico\u2014. Poco dicen, por no decir nada, de la presi\u00f3n fiscal para movilizar viviendas vac\u00edas, de los pisos tur\u00edsticos secuestrados para hacer negocio, de los alquileres de temporada o de las iniciativas para multiplicar la capacidad de compra preferente de la administraci\u00f3n.<\/p>\n\n\n\n<p>Mientras, las diputaciones de Bizkaia y Araba, gobernadas por ambos partidos, siguen sin publicar el \u00edndice de precios para establecer criterios para zonas tensionadas, lo que permitir\u00eda empezar a limitar la subida de precios. Y eso no es lo peor. La realidad es que no han propuesto ninguna medida para bajar los precios. Actualmente nadie cuestiona la necesidad de intervenir en el mercado, la cuesti\u00f3n es para qu\u00e9 y en beneficio de qui\u00e9n.<\/p>\n\n\n\n<p>Lo que hay que fomentar es el alquiler p\u00fablico, barato y sostenible. Para ello, en lugar de abrir oportunidades a los constructores para multiplicar sus beneficios, lo que realmente urge es una normativa para ampliar el parque de viviendas que son baratas y con las que ser\u00e1 imposible especular. Para que las viviendas sean para vivir y no para hacer negocio. Eso es tomar medidas a favor de la clase trabajadora en plena situaci\u00f3n de crisis. Pero, una vez m\u00e1s, PNV y PSE han tomado la decisi\u00f3n de aliarse con la patronal. Por en\u00e9sima vez.<\/p>\n\n\n\n<p>LAB quiere denunciar que el paquete de medidas presentado hoy nos son conocidas y se basan en un modelo fracasado. Asimismo, hace un llamamiento a la organizaci\u00f3n y a la lucha. El sindicato llama a dignificar las condiciones mediante la acci\u00f3n sindical conjunta a quienes corran el riesgo de renovar el alquiler y multiplicar el precio o desahuciar, a los vecinos que pierdan la calificaci\u00f3n de casa protegida y pasen al mercado privado y, en general, a las personas trabajadoras que sufran las consecuencias del negocio de la vivienda.<\/p>\n","protected":false},"excerpt":{"rendered":"<p>La ley de medidas urgentes de vivienda, aprobada hoy por los dos partidos que integran el Gobierno Vasco, no incluir\u00e1 ni una sola medida para proteger a la clase trabajadora y frenar la subida constante de los precios. En opini\u00f3n de LAB, en lugar de abrir la posibilidad de multiplicar los beneficios a las constructoras, [&hellip;]<\/p>\n","protected":false},"author":1191,"featured_media":86483,"comment_status":"closed","ping_status":"closed","sticky":false,"template":"","format":"standard","meta":{"_monsterinsights_skip_tracking":false,"_monsterinsights_sitenote_active":false,"_monsterinsights_sitenote_note":"","_monsterinsights_sitenote_category":0,"footnotes":"","_links_to":"","_links_to_target":""},"categories":[2994,303],"tags":[3182,3178,5352,3491],"class_list":{"0":"post-86485","1":"post","2":"type-post","3":"status-publish","4":"format-standard","5":"has-post-thumbnail","7":"category-accion-social","8":"category-es-vivienda","9":"tag-accion-social-es","10":"tag-destacado-1","11":"tag-ley-de-vivienda","12":"tag-vivienda"},"_links":{"self":[{"href":"https:\/\/www.lab.eus\/es\/wp-json\/wp\/v2\/posts\/86485","targetHints":{"allow":["GET"]}}],"collection":[{"href":"https:\/\/www.lab.eus\/es\/wp-json\/wp\/v2\/posts"}],"about":[{"href":"https:\/\/www.lab.eus\/es\/wp-json\/wp\/v2\/types\/post"}],"author":[{"embeddable":true,"href":"https:\/\/www.lab.eus\/es\/wp-json\/wp\/v2\/users\/1191"}],"replies":[{"embeddable":true,"href":"https:\/\/www.lab.eus\/es\/wp-json\/wp\/v2\/comments?post=86485"}],"version-history":[{"count":1,"href":"https:\/\/www.lab.eus\/es\/wp-json\/wp\/v2\/posts\/86485\/revisions"}],"predecessor-version":[{"id":86486,"href":"https:\/\/www.lab.eus\/es\/wp-json\/wp\/v2\/posts\/86485\/revisions\/86486"}],"wp:featuredmedia":[{"embeddable":true,"href":"https:\/\/www.lab.eus\/es\/wp-json\/wp\/v2\/media\/86483"}],"wp:attachment":[{"href":"https:\/\/www.lab.eus\/es\/wp-json\/wp\/v2\/media?parent=86485"}],"wp:term":[{"taxonomy":"category","embeddable":true,"href":"https:\/\/www.lab.eus\/es\/wp-json\/wp\/v2\/categories?post=86485"},{"taxonomy":"post_tag","embeddable":true,"href":"https:\/\/www.lab.eus\/es\/wp-json\/wp\/v2\/tags?post=86485"}],"curies":[{"name":"wp","href":"https:\/\/api.w.org\/{rel}","templated":true}]}}