{"id":86471,"date":"2025-12-10T17:26:21","date_gmt":"2025-12-10T17:26:21","guid":{"rendered":"https:\/\/www.lab.eus\/?p=86471"},"modified":"2025-12-10T17:26:38","modified_gmt":"2025-12-10T17:26:38","slug":"lab-denuncia-duramente-la-sentencia-del-tsjpv-contra-las-clausulas-linguisticas-para-poder-ser-contratado-por-la-administracion","status":"publish","type":"post","link":"https:\/\/www.lab.eus\/es\/lab-denuncia-duramente-la-sentencia-del-tsjpv-contra-las-clausulas-linguisticas-para-poder-ser-contratado-por-la-administracion\/","title":{"rendered":"LAB denuncia duramente la sentencia del TSJPV contra las cl\u00e1usulas ling\u00fc\u00edsticas para poder ser contratado por la administraci\u00f3n"},"content":{"rendered":"\n<p>Hemos conocido una nueva sentencia que supone la extensi\u00f3n y el agravamiento de la ofensiva judicial. Tras conocerse hace pocos d\u00edas que el Tribunal Superior de Justicia del Pa\u00eds Vasco recurr\u00eda al Tribunal Constitucional para poner en duda los perfiles ling\u00fc\u00edsticos de los puestos de trabajo p\u00fablicos, hoy hemos conocido que el mismo tribunal ha rechazado que las empresas tengan un m\u00ednimo uso del euskera para poder trabajar con la administraci\u00f3n p\u00fablica.<\/p>\n\n\n\n<p>Al igual que se hace con otros \u00e1mbitos para conseguir una sociedad m\u00e1s igualitaria y mejor (por ejemplo imponer cl\u00e1usulas para el cuidado del medio ambiente o para la igualdad de g\u00e9nero), son cl\u00e1usulas ling\u00fc\u00edsticas para fomentar el uso del euskera en el \u00e1mbito socioecon\u00f3mico las rechazadas por el tribunal. Es decir, se niega a las administraciones que la promoci\u00f3n del euskera pueda hacerse por esta v\u00eda. M\u00e1s grave a\u00fan, lo que se pretende promover en estos momentos con estas cl\u00e1usulas es que las empresas hagan un uso m\u00ednimo del euskera. Ni siquiera llegan a establecer el mismo nivel de exigencia que el espa\u00f1ol, pero incluso estando por debajo, son rechazadas. Los jueces y agentes euskarafobos dejan claro que no quieren una sociedad en la que el euskera est\u00e9 normalizado y tenga el mismo nivel de reconocimiento que el espa\u00f1ol. Quieren que el euskera siga en un segundo plano de dependencia.<\/p>\n\n\n\n<p>Ante ello, LAB denuncia con dureza esta nueva sentencia del Tribunal Superior de Justicia del Pa\u00eds Vasco. Una vez m\u00e1s, se pone de manifiesto que los jueces van m\u00e1s all\u00e1 de las competencias que les corresponden y que, contra la voluntad mayoritaria de la ciudadan\u00eda vasca y de los principales agentes socio-pol\u00edticos, hacen pol\u00edtica ling\u00fc\u00edstica contra el euskera de forma consciente y militante con estas resoluciones.<\/p>\n\n\n\n<p>Ante esta grave sentencia contra la normalizaci\u00f3n del euskera, LAB hace un llamamiento a ciudadanos y trabajadores a seguir moviliz\u00e1ndose en defensa de sus derechos y se suma a las movilizaciones que se convocar\u00e1n en los pr\u00f3ximos d\u00edas para responder a la sentencia. Asimismo, hacemos un llamamiento a reforzar las movilizaciones que la mayor\u00eda sindical vasca ha convocado en la administraci\u00f3n p\u00fablica para las pr\u00f3ximas semanas y meses, entre ellas las que realizaremos el 16 de diciembre en Iru\u00f1ea y el 17 de diciembre en Gasteiz.<\/p>\n","protected":false},"excerpt":{"rendered":"<p>Ante esta grave sentencia contra la normalizaci\u00f3n del euskera, LAB hace un llamamiento a ciudadanos y trabajadores a seguir moviliz\u00e1ndose en defensa de sus derechos.<\/p>\n","protected":false},"author":1191,"featured_media":86472,"comment_status":"closed","ping_status":"closed","sticky":false,"template":"","format":"standard","meta":{"_monsterinsights_skip_tracking":false,"_monsterinsights_sitenote_active":false,"_monsterinsights_sitenote_note":"","_monsterinsights_sitenote_category":0,"footnotes":"","_links_to":"","_links_to_target":""},"categories":[18,3280,2973,6],"tags":[3033,3178,3171],"class_list":{"0":"post-86471","1":"post","2":"type-post","3":"status-publish","4":"format-standard","5":"has-post-thumbnail","7":"category-es-accion-sindical","8":"category-secretaria-de-euskara","9":"category-secretarias","10":"category-es-servicios-publicos","11":"tag-accion-sindical-es","12":"tag-destacado-1","13":"tag-servicios-publicos-es"},"_links":{"self":[{"href":"https:\/\/www.lab.eus\/es\/wp-json\/wp\/v2\/posts\/86471","targetHints":{"allow":["GET"]}}],"collection":[{"href":"https:\/\/www.lab.eus\/es\/wp-json\/wp\/v2\/posts"}],"about":[{"href":"https:\/\/www.lab.eus\/es\/wp-json\/wp\/v2\/types\/post"}],"author":[{"embeddable":true,"href":"https:\/\/www.lab.eus\/es\/wp-json\/wp\/v2\/users\/1191"}],"replies":[{"embeddable":true,"href":"https:\/\/www.lab.eus\/es\/wp-json\/wp\/v2\/comments?post=86471"}],"version-history":[{"count":2,"href":"https:\/\/www.lab.eus\/es\/wp-json\/wp\/v2\/posts\/86471\/revisions"}],"predecessor-version":[{"id":86476,"href":"https:\/\/www.lab.eus\/es\/wp-json\/wp\/v2\/posts\/86471\/revisions\/86476"}],"wp:featuredmedia":[{"embeddable":true,"href":"https:\/\/www.lab.eus\/es\/wp-json\/wp\/v2\/media\/86472"}],"wp:attachment":[{"href":"https:\/\/www.lab.eus\/es\/wp-json\/wp\/v2\/media?parent=86471"}],"wp:term":[{"taxonomy":"category","embeddable":true,"href":"https:\/\/www.lab.eus\/es\/wp-json\/wp\/v2\/categories?post=86471"},{"taxonomy":"post_tag","embeddable":true,"href":"https:\/\/www.lab.eus\/es\/wp-json\/wp\/v2\/tags?post=86471"}],"curies":[{"name":"wp","href":"https:\/\/api.w.org\/{rel}","templated":true}]}}