{"id":86461,"date":"2025-12-10T11:59:07","date_gmt":"2025-12-10T11:59:07","guid":{"rendered":"https:\/\/www.lab.eus\/?p=86461"},"modified":"2025-12-10T13:15:43","modified_gmt":"2025-12-10T13:15:43","slug":"lab-advierte-a-la-patronal-de-que-no-aceptara-recortes-de-derechos-a-costa-del-bulo-del-absentismo","status":"publish","type":"post","link":"https:\/\/www.lab.eus\/es\/lab-advierte-a-la-patronal-de-que-no-aceptara-recortes-de-derechos-a-costa-del-bulo-del-absentismo\/","title":{"rendered":"LAB advierte a la patronal de que no aceptar\u00e1 recortes de derechos\u00a0a costa del bulo del absentismo"},"content":{"rendered":"\n<p><strong>La patronal quiere eliminar los complementos de incapacidad temporal en varios sectores a cambio de subidas salariales. As\u00ed lo ha se\u00f1alado en la negociaci\u00f3n de varios convenios de Bizkaia que est\u00e1 abierta, en sectores como limpieza de edificios y locales, comercio del metal, transporte de mercanc\u00edas o gesti\u00f3n directa de colectividades. Ante este hecho, LAB apuesta por garantizar la salud laboral y salarios m\u00ednimos dignos, adem\u00e1s de se\u00f1alar que no aceptar\u00e1 pasos atr\u00e1s en materia de derechos. As\u00ed, se ha movilizado en Bilbo, desde la Plaza El\u00edptica hasta la sede de Confebask.<\/strong><\/p>\n\n\n\n<p>La coordinadora general Garbi\u00f1e Aranburu ha participado en la movilizaci\u00f3n y ha denunciado que el objetivo de esta ofensiva de la patronal es mantener los salarios bajos, las condiciones laborales precarias y seguir abarat\u00e1ndolos. As\u00ed, la patronal quiere eliminar los complementos salariales que reciben las y los trabajadores por estar de baja.&nbsp;<\/p>\n\n\n\n<p>Seg\u00fan CEBEK, para actualizar los salarios se debe reducir el absentismo. Aranburu ha se\u00f1alado de forma clara que LAB no aceptar\u00e1 el \u201cchantaje\u201d, ya que \u201cla v\u00eda para reducir el absentismo es la prevenci\u00f3n\u201d. Ha a\u00f1adido que la salud laboral no es una prioridad para la patronal, y que no hay planes eficaces para prevenir riesgos psicosociales o problemas m\u00fasculo-esqul\u00e9ticos. As\u00ed, no se proporciona una tratamiento adecuado a las enfermedades profesionales, ya que se consideran enfermedades comunes.<\/p>\n\n\n\n<p>\u201cLa patronal quiere ahondar en las brechas entre trabajadoras\u201d, ha destacado Aranburu, subrayando que no es casualidad que muestre su cara m\u00e1s cruda en los sectores feminizados y m\u00e1s precarizados.&nbsp;<\/p>\n\n\n\n<p>El primer objetivo de esta ofensiva es conseguir convenios m\u00e1s baratos, pero seg\u00fan Aranburu, tambi\u00e9n tiene otros objetivos. Por un laso, exagerar artificialmente el bulo del absentismo y vincularlo con el debate del salario m\u00ednimo propio. Junto a ello, Aranburu ha se\u00f1alado la patronal ha cerrado las puertas al debate del salario m\u00ednimo propio a nivel intersectorial, ya que se ha negado en tres ocasiones a constituir una mesa de negociaci\u00f3n sobre este tema.<\/p>\n\n\n\n<p>Por otro laso, la patronal quiere dotar a las mutuas de cada vez m\u00e1s competencias para el control de las bajas: aumentar la presi\u00f3n a los y las trabajadoras para que puedan reincorporarse a sus puestos de trabajo aun estando enfermas o sin que est\u00e9n plenamente recuperadas. Esto supone debilitar el sistema sanitario p\u00fablico y fortalecer el privado.&nbsp;<\/p>\n\n\n\n<p>Aranburu ha a\u00f1adido que la patronal cuenta con el apoyo de PNV y PSE: \u201cEn los \u00faltimos meses se ha consolidado la alianza entre Confebask y los partidos que conforman el Gobierno Vasco. Concebask no quiere salarios dignos y se niega a negociar. Y el Gobierno se ha puesto al lado de los empresarios. Ha cerrado la puerta al debate parlamentario de la Iniciativa Legislativa Popular para un salario m\u00ednimo propio y ha asumido el discurso de la patronal sobre el absentismo\u201d.<\/p>\n\n\n\n<p>Aranburu se ha ratificado en la apuesta por la lucha: \u201cLos chatajes no nos van a amedrentar, no aceptaremos pasos atr\u00e1s y seguiremos firmes luchando por convenios dignos\u201d. Adem\u00e1s de generar conflictividad en los sectores mencionados, la coordinadora general ha precisado que el sindicato\u00a0tambi\u00e9n est\u00e1 trabajando para dar \u201cuna respuesta m\u00e1s general en defensa de los salarios, en contra de nuevos recortes y la precarizaci\u00f3n\u201d.\u00a0<\/p>\n\n\n\n<p><\/p>\n","protected":false},"excerpt":{"rendered":"<p>La patronal quiere eliminar los complementos de incapacidad temporal en varios sectores a cambio de subidas salariales. As\u00ed lo ha se\u00f1alado en la negociaci\u00f3n de varios convenios de Bizkaia que est\u00e1 abierta, en sectores como limpieza de edificios y locales, comercio del metal, transporte de mercanc\u00edas o gesti\u00f3n directa de colectividades. Ante este hecho, LAB [&hellip;]<\/p>\n","protected":false},"author":1191,"featured_media":86459,"comment_status":"closed","ping_status":"closed","sticky":false,"template":"","format":"standard","meta":{"_monsterinsights_skip_tracking":false,"_monsterinsights_sitenote_active":false,"_monsterinsights_sitenote_note":"","_monsterinsights_sitenote_category":0,"footnotes":"","_links_to":"","_links_to_target":""},"categories":[18,8],"tags":[3033,3279,3172],"class_list":{"0":"post-86461","1":"post","2":"type-post","3":"status-publish","4":"format-standard","5":"has-post-thumbnail","7":"category-es-accion-sindical","8":"category-es-servicios-privados","9":"tag-accion-sindical-es","10":"tag-portada-es","11":"tag-servicios-privados-es"},"_links":{"self":[{"href":"https:\/\/www.lab.eus\/es\/wp-json\/wp\/v2\/posts\/86461","targetHints":{"allow":["GET"]}}],"collection":[{"href":"https:\/\/www.lab.eus\/es\/wp-json\/wp\/v2\/posts"}],"about":[{"href":"https:\/\/www.lab.eus\/es\/wp-json\/wp\/v2\/types\/post"}],"author":[{"embeddable":true,"href":"https:\/\/www.lab.eus\/es\/wp-json\/wp\/v2\/users\/1191"}],"replies":[{"embeddable":true,"href":"https:\/\/www.lab.eus\/es\/wp-json\/wp\/v2\/comments?post=86461"}],"version-history":[{"count":1,"href":"https:\/\/www.lab.eus\/es\/wp-json\/wp\/v2\/posts\/86461\/revisions"}],"predecessor-version":[{"id":86462,"href":"https:\/\/www.lab.eus\/es\/wp-json\/wp\/v2\/posts\/86461\/revisions\/86462"}],"wp:featuredmedia":[{"embeddable":true,"href":"https:\/\/www.lab.eus\/es\/wp-json\/wp\/v2\/media\/86459"}],"wp:attachment":[{"href":"https:\/\/www.lab.eus\/es\/wp-json\/wp\/v2\/media?parent=86461"}],"wp:term":[{"taxonomy":"category","embeddable":true,"href":"https:\/\/www.lab.eus\/es\/wp-json\/wp\/v2\/categories?post=86461"},{"taxonomy":"post_tag","embeddable":true,"href":"https:\/\/www.lab.eus\/es\/wp-json\/wp\/v2\/tags?post=86461"}],"curies":[{"name":"wp","href":"https:\/\/api.w.org\/{rel}","templated":true}]}}