{"id":86444,"date":"2025-12-05T12:20:08","date_gmt":"2025-12-05T12:20:08","guid":{"rendered":"https:\/\/www.lab.eus\/?p=86444"},"modified":"2025-12-05T12:20:12","modified_gmt":"2025-12-05T12:20:12","slug":"lab-ha-participado-en-el-congreso-de-la-central-sindical-chipriota-peo","status":"publish","type":"post","link":"https:\/\/www.lab.eus\/es\/lab-ha-participado-en-el-congreso-de-la-central-sindical-chipriota-peo\/","title":{"rendered":"LAB ha participado en el congreso de la central sindical chipriota PEO"},"content":{"rendered":"\n<p><strong>El coordinador general de LAB, Igor Arroyo, se ha sumado a la reivindicaci\u00f3n de unidad y autodeterminaci\u00f3n de Chipre en en el congreso de la central sindical afiliada a la Federaci\u00f3n Sindical Mundial. Adem\u00e1s, ha destacado la necesidad de que los sindicatos se acerquena las y los trabajadores y a los sectores m\u00e1s precarios y de establecer alianzas con los movimientos sociales.<\/strong><\/p>\n\n\n\n<p>Los d\u00edas 4 y 5 de diciembre la central sindical PEO ha celebrado su congreso en Nicosia. Fundado en 1941, el PEO es la principal central sindical de Chipre y tiene gran importancia en la Federaci\u00f3n Sindical Mundial, FSM, a la que pertenece LAB: el antiguo secretario general del PEO, Pambis Kyritsis, es el actual jefe del FSM y la oficina central de este organismo internacional est\u00e1 ubicada en Nicosia.<\/p>\n\n\n\n<p>El congreso ha contado con la presencia de invitados internacionales de pa\u00edses como China, India, Palestina, Grecia, Italia, Portugal y Galicia. En representaci\u00f3n de Euskal Herria, ha participado el coordinador general de LAB, Igor Arroyo. LAB y PEO mantienen una estrecha relaci\u00f3n desde hace tiempo y, aunque cada uno tenga su propia realidad, comparten muchos criterios en cuanto a la estrategia sindical.<\/p>\n\n\n\n<p>En el congreso, en el que han participado 500 representantes del PEO, se ha reelegido a Sotiroula Charalambous como secretario general, quien, junto a la lucha de clases por las condiciones laborales y de vida de los trabajadores, ha reivindicado la unidad y la autodeterminaci\u00f3n de Chipre. Desde que Turqu\u00eda tom\u00f3 el norte por armas en 1974, la isla est\u00e1 partida por la mitad. El PEO reivindica un Estado confederal soberano que permita la convivencia de las dos principales comunidades de cultura griega y turca presentes en la isla. Muestra del apoyo que la reivindicaci\u00f3n de la unidad tiene entre las y lo trabajadores chipriotas es que haya estado presente y haya tomado la palabra en el congreso DEV-IS, que representa a los sindicatos turco-chipriotas.<\/p>\n\n\n\n<p>En la conferencia internacional celebrada en v\u00edsperas del congreso, Igor Arroyo ha intervenido en nombre de LAB. Arroyo ha afirmado que LAB siente cerca la reivindicaci\u00f3n de unidad y soberan\u00eda de Chipre, ya que en Euskal Herria tambi\u00e9n existe una frontera que no es fruto de la voluntad popular, sino de la decisi\u00f3n de potencias externas. Asimismo, ha destacado dos ideas para reforzar la lucha de clases: por un lado, el intento de acercar los sindicatos a las y los trabajadores, especialmente a los sectores m\u00e1s precarios; por otro, la importancia de colaborar con movimientos sociales como el feminismo, el ecologismo o el antirracismo, creando amplias alianzas que hagan frente al auge del fascismo.&nbsp;<\/p>\n","protected":false},"excerpt":{"rendered":"<p>El coordinador general de LAB, Igor Arroyo, se ha sumado a la reivindicaci\u00f3n de unidad y autodeterminaci\u00f3n de Chipre en en el congreso de la central sindical afiliada a la Federaci\u00f3n Sindical Mundial. Adem\u00e1s, ha destacado la necesidad de que los sindicatos se acerquena las y los trabajadores y a los sectores m\u00e1s precarios y [&hellip;]<\/p>\n","protected":false},"author":1191,"featured_media":86442,"comment_status":"closed","ping_status":"closed","sticky":false,"template":"","format":"standard","meta":{"_monsterinsights_skip_tracking":false,"_monsterinsights_sitenote_active":false,"_monsterinsights_sitenote_note":"","_monsterinsights_sitenote_category":0,"footnotes":"","_links_to":"","_links_to_target":""},"categories":[18],"tags":[3033,3178],"class_list":{"0":"post-86444","1":"post","2":"type-post","3":"status-publish","4":"format-standard","5":"has-post-thumbnail","7":"category-es-accion-sindical","8":"tag-accion-sindical-es","9":"tag-destacado-1"},"_links":{"self":[{"href":"https:\/\/www.lab.eus\/es\/wp-json\/wp\/v2\/posts\/86444","targetHints":{"allow":["GET"]}}],"collection":[{"href":"https:\/\/www.lab.eus\/es\/wp-json\/wp\/v2\/posts"}],"about":[{"href":"https:\/\/www.lab.eus\/es\/wp-json\/wp\/v2\/types\/post"}],"author":[{"embeddable":true,"href":"https:\/\/www.lab.eus\/es\/wp-json\/wp\/v2\/users\/1191"}],"replies":[{"embeddable":true,"href":"https:\/\/www.lab.eus\/es\/wp-json\/wp\/v2\/comments?post=86444"}],"version-history":[{"count":1,"href":"https:\/\/www.lab.eus\/es\/wp-json\/wp\/v2\/posts\/86444\/revisions"}],"predecessor-version":[{"id":86445,"href":"https:\/\/www.lab.eus\/es\/wp-json\/wp\/v2\/posts\/86444\/revisions\/86445"}],"wp:featuredmedia":[{"embeddable":true,"href":"https:\/\/www.lab.eus\/es\/wp-json\/wp\/v2\/media\/86442"}],"wp:attachment":[{"href":"https:\/\/www.lab.eus\/es\/wp-json\/wp\/v2\/media?parent=86444"}],"wp:term":[{"taxonomy":"category","embeddable":true,"href":"https:\/\/www.lab.eus\/es\/wp-json\/wp\/v2\/categories?post=86444"},{"taxonomy":"post_tag","embeddable":true,"href":"https:\/\/www.lab.eus\/es\/wp-json\/wp\/v2\/tags?post=86444"}],"curies":[{"name":"wp","href":"https:\/\/api.w.org\/{rel}","templated":true}]}}