{"id":86435,"date":"2025-12-05T11:46:38","date_gmt":"2025-12-05T11:46:38","guid":{"rendered":"https:\/\/www.lab.eus\/?p=86435"},"modified":"2025-12-05T12:23:14","modified_gmt":"2025-12-05T12:23:14","slug":"la-pretension-de-llevar-la-ley-de-empleo-publico-al-tribunal-constitucional-espanol-supone-un-agravamiento-de-la-ofensiva-judicial-contra-el-euskera","status":"publish","type":"post","link":"https:\/\/www.lab.eus\/es\/la-pretension-de-llevar-la-ley-de-empleo-publico-al-tribunal-constitucional-espanol-supone-un-agravamiento-de-la-ofensiva-judicial-contra-el-euskera\/","title":{"rendered":"La pretensi\u00f3n de llevar la Ley de Empleo P\u00fablico al Tribunal Constitucional espa\u00f1ol supone un agravamiento de la ofensiva judicial contra el euskera"},"content":{"rendered":"\n<p><strong>En contra de la opini\u00f3n de la sociedad vasca y de la mayor\u00eda de los empleados p\u00fablicos, la resoluci\u00f3n podr\u00eda prohibir situar el euskera al mismo nivel que el castellano y que el euskera pueda salir de la situaci\u00f3n subsidiaria secundaria. LAB llama a la ciudadan\u00eda y a las y a los trabajadores a movilizarse en favor del derecho a que el euskera sea lengua de servicio y trabajo, y a participar en las movilizaciones que la mayor\u00eda sindical celebrar\u00e1 el 16 de diciembre en Iru\u00f1ea y el 17 en Gasteiz.<\/strong><\/p>\n\n\n\n<p>El Tribunal Superior de Justicia del Pa\u00eds Vasco ha anunciado su intenci\u00f3n de llevar al Tribunal Constitucional espa\u00f1ol la Ley de Empleo P\u00fablico Vasco, con la excusa del recurso interpuesto por el PP y VOX al decreto de desarrollo de dicha ley.<\/p>\n\n\n\n<p>Es muy sospechosa la casualidad de que el anuncio de llevar esta ley al Tribunal Constitucional se produzca cuando en el Parlamento Vasco se ha abierto un proceso de debate para modificar la citada ley y blindar la euskaldunizaci\u00f3n de la administraci\u00f3n. Precisamente cuando ya haya transcurrido un a\u00f1o y medio desde la aprobaci\u00f3n del decreto utilizado como excusa y la introducci\u00f3n de los recursos contra el mismo. M\u00e1s que por los tiempos ritmos de los juzgados, parecer\u00eda que los jueces que han tomado esta decisi\u00f3n lo han hecho guiados por una pulsi\u00f3n pol\u00edtica; una vez m\u00e1s, la pulsi\u00f3n de hacer pol\u00edtica ling\u00fc\u00edstica desde los juzgados. De hecho, en estos cinco a\u00f1os de ofensiva judicial contra el euskera y con cerca de un centenar de sentencias y resoluciones judiciales los jueces han demostrado reiteradamente su pulsi\u00f3n por hacer pol\u00edtica ling\u00fc\u00edstica, yendo m\u00e1s all\u00e1 de sus competencias, por encima y subyugando la leg\u00edtima representaci\u00f3n parlamentaria obtenida en elecciones y la voluntad mayoritaria de la ciudadan\u00eda, imponiendo as\u00ed los jueces su ideolog\u00eda pol\u00edtica.<\/p>\n\n\n\n<p>Tampoco es casual que los autores de los recursos que han puesto en marcha este procedimiento sean el PP y Vox, adem\u00e1s de resultar muy elocuente. Los promotores y defensores de la ofensiva judicial han insistido en que quienes han interpuesto recursos ante los juzgados eran \u00abhumildes trabajadores en situaci\u00f3n precaria\u00bb, que se trataba de recursos incorporados a una convocatoria laboral que afectaba a su situaci\u00f3n concreta. Ha habido casos concretos de este tipo, pero solo en una peque\u00f1a proporci\u00f3n. En cambio, los autores de muchos otros recursos han sido personas, sindicatos y partidos que no ten\u00edan relaci\u00f3n directa con el caso. \u00bfAlguien defender\u00e1 que, cuando PP y Vox interponen recursos, lo hacen en defensa de los intereses de las y los humildes trabajadores precarios? Los sindicatos y partidos progresistas que dicen defender los intereses de estas trabajadoras y trabajadores y la euskaldunizaci\u00f3n de la administraci\u00f3n, tienen la oportunidad de denunciar esta iniciativa de PP y Vox y, de una vez por todas, proteger el derecho de los trabajadores a trabajar en la Administraci\u00f3n y el derecho de la ciudadan\u00eda ser atendida en euskera.<\/p>\n\n\n\n<p>Esta decisi\u00f3n adoptada por el Tribunal Superior de Justicia del Pa\u00eds Vasco supone elevar a otro nivel la acci\u00f3n pol\u00edtico-judicial contra la euskaldunizaci\u00f3n de la administraci\u00f3n. Si el Constitucional dictara una resoluci\u00f3n contraria a la imposici\u00f3n de perfiles ling\u00fc\u00edsticos en euskera a todos los puestos p\u00fablicos, comprometer\u00eda la euskaldunizaci\u00f3n de toda la administraci\u00f3n p\u00fablica vasca. Antes que nada, el Tribunal Constitucional espa\u00f1ol no resolver\u00e1 que en todos los puestos p\u00fablicos, expl\u00edcita o&nbsp;impl\u00edcitamente, el conocimiento del castellano deber\u00e1 ser obligatorio. El castellano ya es obligatorio y el euskera una opci\u00f3n, una imposici\u00f3n que no van a cuestionar. Pero, m\u00e1s all\u00e1 de eso, la resoluci\u00f3n podr\u00eda limitar totalmente la necesidad de que todo el personal p\u00fablico sea euskald\u00fan y pueda trabajar en euskera en la funci\u00f3n p\u00fablica. Es decir, en contra de la opini\u00f3n de la sociedad vasca y de la mayor\u00eda del personal p\u00fablico, podr\u00eda prohibir situar el euskera al mismo nivel que el castellano, y prohibir que el euskera pueda salir de la situaci\u00f3n subsidiaria y secundaria.<\/p>\n\n\n\n<p>Por eso, sin esperar a la resoluci\u00f3n del Constitucional, porque se vulnera el derecho de la ciudadan\u00eda a ser atendida en euskera en la administraci\u00f3n y el derecho del personal p\u00fablico a poder trabajar en euskera, LAB hace un llamamiento a la ciudadan\u00eda y a las y los trabajadores a seguir moviliz\u00e1ndose en defensa de sus derechos. En concreto, hace un llamamiento a impulsar las movilizaciones que la mayor\u00eda sindical vasca ha convocado en la administraci\u00f3n p\u00fablica para las pr\u00f3ximas semanas y meses: el 16 de diciembre en Iru\u00f1ea y el 17 en Gasteiz.&nbsp;<\/p>\n","protected":false},"excerpt":{"rendered":"<p>En contra de la opini\u00f3n de la sociedad vasca y de la mayor\u00eda de los empleados p\u00fablicos, la resoluci\u00f3n podr\u00eda prohibir situar el euskera al mismo nivel que el castellano y que el euskera pueda salir de la situaci\u00f3n subsidiaria secundaria. LAB llama a la ciudadan\u00eda y a las y a los trabajadores a movilizarse [&hellip;]<\/p>\n","protected":false},"author":1191,"featured_media":68096,"comment_status":"closed","ping_status":"closed","sticky":false,"template":"","format":"standard","meta":{"_monsterinsights_skip_tracking":false,"_monsterinsights_sitenote_active":false,"_monsterinsights_sitenote_note":"","_monsterinsights_sitenote_category":0,"footnotes":"","_links_to":"","_links_to_target":""},"categories":[18],"tags":[3033,3178],"class_list":{"0":"post-86435","1":"post","2":"type-post","3":"status-publish","4":"format-standard","5":"has-post-thumbnail","7":"category-es-accion-sindical","8":"tag-accion-sindical-es","9":"tag-destacado-1"},"_links":{"self":[{"href":"https:\/\/www.lab.eus\/es\/wp-json\/wp\/v2\/posts\/86435","targetHints":{"allow":["GET"]}}],"collection":[{"href":"https:\/\/www.lab.eus\/es\/wp-json\/wp\/v2\/posts"}],"about":[{"href":"https:\/\/www.lab.eus\/es\/wp-json\/wp\/v2\/types\/post"}],"author":[{"embeddable":true,"href":"https:\/\/www.lab.eus\/es\/wp-json\/wp\/v2\/users\/1191"}],"replies":[{"embeddable":true,"href":"https:\/\/www.lab.eus\/es\/wp-json\/wp\/v2\/comments?post=86435"}],"version-history":[{"count":2,"href":"https:\/\/www.lab.eus\/es\/wp-json\/wp\/v2\/posts\/86435\/revisions"}],"predecessor-version":[{"id":86447,"href":"https:\/\/www.lab.eus\/es\/wp-json\/wp\/v2\/posts\/86435\/revisions\/86447"}],"wp:featuredmedia":[{"embeddable":true,"href":"https:\/\/www.lab.eus\/es\/wp-json\/wp\/v2\/media\/68096"}],"wp:attachment":[{"href":"https:\/\/www.lab.eus\/es\/wp-json\/wp\/v2\/media?parent=86435"}],"wp:term":[{"taxonomy":"category","embeddable":true,"href":"https:\/\/www.lab.eus\/es\/wp-json\/wp\/v2\/categories?post=86435"},{"taxonomy":"post_tag","embeddable":true,"href":"https:\/\/www.lab.eus\/es\/wp-json\/wp\/v2\/tags?post=86435"}],"curies":[{"name":"wp","href":"https:\/\/api.w.org\/{rel}","templated":true}]}}