{"id":86431,"date":"2025-12-04T13:54:38","date_gmt":"2025-12-04T13:54:38","guid":{"rendered":"https:\/\/www.lab.eus\/?p=86431"},"modified":"2025-12-04T13:54:41","modified_gmt":"2025-12-04T13:54:41","slug":"lab-denuncia-de-forma-rotunda-que-hayan-dejado-a-111-personas-en-la-calle-en-el-barrio-de-martutene-de-donostia","status":"publish","type":"post","link":"https:\/\/www.lab.eus\/es\/lab-denuncia-de-forma-rotunda-que-hayan-dejado-a-111-personas-en-la-calle-en-el-barrio-de-martutene-de-donostia\/","title":{"rendered":"LAB denuncia de forma rotunda que hayan dejado\u00a0a 111 personas en la calle en el barrio de Martutene de Donostia"},"content":{"rendered":"\n<p><strong>LAB recuerda que toda la ciudadan\u00eda tiene derecho a tener una vida que merezca ser vivida, y ha reclamado a las instituciones que lo garanticen, adem\u00e1s de realizar un llamamiento a organizarse a favor de ello. Ha realizado un llamamiento a las y los trabajadores a participar en la movilizaci\u00f3n que se realizar\u00e1 en la tarde de hoy en Donostia.\u00a0<\/strong><\/p>\n\n\n\n<p>LAB est\u00e1 viviendo con preocupaci\u00f3n las crecientes actitudes xen\u00f3fobas y racistas que estamos viendo en nuestras calles y quiere condenar firmemente la decisi\u00f3n pol\u00edtico-institucional que ha dejado en la calle a 111 personas en el barrio donostiarra de Martutene. Aunque el desahucio estaba anunciado para febrero de 2026, han decidido llevarlo a cabo hoy mismo, sin garantizar ninguna soluci\u00f3n justa a quienes sobreviv\u00edan en ese mismo edificio.<\/p>\n\n\n\n<p>En Donostia son m\u00e1s de 500 las personas obligadas a sobrevivir en situaci\u00f3n de calle, y la \u00fanica opci\u00f3n que les ofrece el Ayuntamiento de Donostia es disponer de techo por cinco d\u00edas cada tres meses.&nbsp;<\/p>\n\n\n\n<p>LAB tambi\u00e9n quiere denunciar el protocolo vigente contra el fr\u00edo y exige que el Albergue Juvenil Ondarreta, conocido como La Sirena, que dispone de 100 plazas, permanezca abierto a diario durante todo el a\u00f1o.<\/p>\n\n\n\n<p>Adem\u00e1s de ser el momento de realizar una reflexi\u00f3n en profundidad, es hora de crear y alimentar, a trav\u00e9s de espacios de organizaci\u00f3n y lucha, proyectos plurales basados en la interculturalidad. Es hora de crear redes de conocimiento mutuo, establecer objetivos comunes y hacer frente a la invisibilidad con proyectos compartidos y salir a la calle.<\/p>\n\n\n\n<p>La supuesta inseguridad ha contaminado el discurso de la mayor\u00eda de los opinadores del entorno que, lejos de impulsar una actitud a favor de unas condiciones de vida dignas para toda la ciudadan\u00eda, hace tiempo que han optado por poner en el punto de mira a sus vecinas y vecinos m\u00e1s necesitados. Vincular migraci\u00f3n y delincuencia es un ejercicio miserable de hipocres\u00eda, con un claro objetivo de eludir la realidad y alimentar la aporofobia, la xenofobia, el clasismo y el racismo, bas\u00e1ndose en una estrategia orientada a dar paso a una guerra entre pobres y dejar intactos los privilegios. Sin embargo, nunca podremos hablar de seguridad real si no garantizamos el derecho a una vida que merezca ser vivida de quienes vivimos aqu\u00ed.<\/p>\n\n\n\n<p>Es sabido que la extrema derecha, que est\u00e1 experimentando una situaci\u00f3n de auge, quiere promover una cultura del miedo para impulsar su proyecto criminal, y LAB quiere mostrar su firme compromiso de ense\u00f1ar los dientes a ese perverso proyecto y revertir la situaci\u00f3n.<\/p>\n\n\n\n<p>Las redes de apoyo mutuo, las luchas compartidas, los v\u00ednculos de solidaridad y acci\u00f3n mutua entre las y los trabajadores son imprescindibles. Es el momento de la autodefensa y de crear fuertes alianzas. Junto a ello, queremos denunciar la irresponsabilidad de las instituciones y recordar la responsabilidad pol\u00edtica que tienen, ya que son las que cuentan con recursos para revertir la situaci\u00f3n. Ha llegado el momento de dejar la autocomplacencia a un lado y abordar el asunto en su conjunto.&nbsp;<\/p>\n\n\n\n<p>Por todo ello, LAB se suma a la manifestaci\u00f3n convocada por diferentes agentes que partir\u00e1 a las 19:00 horas desde el Juzgado de Egia en Donostia y realiza un llamamiento a la participaci\u00f3n de todos los trabajadores y trabajadoras de Donostia. Asimismo, exige que las y los detenidos sean liberados cuanto antes.&nbsp;<\/p>\n","protected":false},"excerpt":{"rendered":"<p>LAB recuerda que toda la ciudadan\u00eda tiene derecho a tener una vida que merezca ser vivida, y ha reclamado a las instituciones que lo garanticen, adem\u00e1s de realizar un llamamiento a organizarse a favor de ello. Ha realizado un llamamiento a las y los trabajadores a participar en la movilizaci\u00f3n que se realizar\u00e1 en la [&hellip;]<\/p>\n","protected":false},"author":1191,"featured_media":86429,"comment_status":"closed","ping_status":"closed","sticky":false,"template":"","format":"standard","meta":{"_monsterinsights_skip_tracking":false,"_monsterinsights_sitenote_active":false,"_monsterinsights_sitenote_note":"","_monsterinsights_sitenote_category":0,"footnotes":"","_links_to":"","_links_to_target":""},"categories":[2994],"tags":[3182,3178],"class_list":{"0":"post-86431","1":"post","2":"type-post","3":"status-publish","4":"format-standard","5":"has-post-thumbnail","7":"category-accion-social","8":"tag-accion-social-es","9":"tag-destacado-1"},"_links":{"self":[{"href":"https:\/\/www.lab.eus\/es\/wp-json\/wp\/v2\/posts\/86431","targetHints":{"allow":["GET"]}}],"collection":[{"href":"https:\/\/www.lab.eus\/es\/wp-json\/wp\/v2\/posts"}],"about":[{"href":"https:\/\/www.lab.eus\/es\/wp-json\/wp\/v2\/types\/post"}],"author":[{"embeddable":true,"href":"https:\/\/www.lab.eus\/es\/wp-json\/wp\/v2\/users\/1191"}],"replies":[{"embeddable":true,"href":"https:\/\/www.lab.eus\/es\/wp-json\/wp\/v2\/comments?post=86431"}],"version-history":[{"count":1,"href":"https:\/\/www.lab.eus\/es\/wp-json\/wp\/v2\/posts\/86431\/revisions"}],"predecessor-version":[{"id":86432,"href":"https:\/\/www.lab.eus\/es\/wp-json\/wp\/v2\/posts\/86431\/revisions\/86432"}],"wp:featuredmedia":[{"embeddable":true,"href":"https:\/\/www.lab.eus\/es\/wp-json\/wp\/v2\/media\/86429"}],"wp:attachment":[{"href":"https:\/\/www.lab.eus\/es\/wp-json\/wp\/v2\/media?parent=86431"}],"wp:term":[{"taxonomy":"category","embeddable":true,"href":"https:\/\/www.lab.eus\/es\/wp-json\/wp\/v2\/categories?post=86431"},{"taxonomy":"post_tag","embeddable":true,"href":"https:\/\/www.lab.eus\/es\/wp-json\/wp\/v2\/tags?post=86431"}],"curies":[{"name":"wp","href":"https:\/\/api.w.org\/{rel}","templated":true}]}}