{"id":86412,"date":"2025-12-04T12:09:07","date_gmt":"2025-12-04T12:09:07","guid":{"rendered":"https:\/\/www.lab.eus\/?p=86412"},"modified":"2025-12-04T12:09:10","modified_gmt":"2025-12-04T12:09:10","slug":"gobierno-vasco-garantiza-la-financiacion-necesaria-para-la-universidad-publica-partidos-politicos-del-parlamento-defended-firmemente-la-ehu","status":"publish","type":"post","link":"https:\/\/www.lab.eus\/es\/gobierno-vasco-garantiza-la-financiacion-necesaria-para-la-universidad-publica-partidos-politicos-del-parlamento-defended-firmemente-la-ehu\/","title":{"rendered":"Gobierno Vasco: \u00a1garantiza la financiaci\u00f3n necesaria para la universidad p\u00fablica! Partidos pol\u00edticos del Parlamento: \u00a1defended firmemente la EHU!"},"content":{"rendered":"\n<p><strong>El paro y la concentraci\u00f3n de hoy son la cuarta de las movilizaciones llevadas a cabo esta semana en los campus de la EHU, y dan continuidad a la reivindicaci\u00f3n de conseguir los recursos suficientes para la universidad p\u00fablica.<\/strong><\/p>\n\n\n\n<p>De hecho, cuando en el Parlamento Vasco est\u00e1n a punto de cerrarse los presupuestos de 2026 de la CAPV, es imprescindible poner de nuevo de manifiesto la falta de financiaci\u00f3n de la EHU y exigir a todos los partidos pol\u00edticos y, especialmente, al Gobierno Vasco, que adopten medidas claras en favor de la universidad p\u00fablica.<\/p>\n\n\n\n<p>Con ese objetivo, durante estos \u00faltimos meses hemos promovido varias iniciativas. En la misma l\u00ednea, el 20 de noviembre el propio Claustro de la EHU aprob\u00f3 un manifiesto denunciando la infrafinanciaci\u00f3n de la universidad p\u00fablica y exigiendo al Gobierno Vasco un incremento significativo de los recursos destinados a la EHU.<\/p>\n\n\n\n<p>Durante esta semana hemos realizado paros y concentraciones en todos los campus: el lunes en Leioa, el martes en Donostia, el mi\u00e9rcoles en Gasteiz y hoy en Bilbao. Con la movilizaci\u00f3n de hoy ponemos fin a las movilizaciones de estos cuatro d\u00edas, y lo hacemos deliberadamente frente al Gobierno Vasco. Porque es precisamente el Gobierno Vasco quien debe garantizar los recursos suficientes para que la EHU pueda ofrecer un servicio p\u00fablico de calidad y responder a las necesidades y desaf\u00edos que enfrenta la sociedad vasca en m\u00faltiples \u00e1mbitos.<\/p>\n\n\n\n<p>Sin embargo, lo que estamos viendo es que las universidades privadas reciben cada vez m\u00e1s facilidades y recursos por parte de las instituciones, promoviendo un modelo elitista de educaci\u00f3n universitaria y fomentando un abandono interesado de la universidad p\u00fablica. Mientras tanto, la EHU sigue ofreciendo el mejor servicio posible gracias al esfuerzo de sus trabajadores y trabajadoras, pero necesita mucha m\u00e1s inversi\u00f3n para desarrollar plenamente sus funciones y garantizar unas condiciones laborales adecuadas para toda su plantilla.<\/p>\n\n\n\n<p>A pesar de ello, el consejero de Ciencia, Universidades e Innovaci\u00f3n sigue negando muchas de las evidentes necesidades de la EHU, utilizando los datos que le convienen y ocultando los que no. Incluso ha llegado a insinuar que el personal docente e investigador est\u00e1 suficientemente bien pagado, en un intento de desviar la atenci\u00f3n ante el incumplimiento por parte del Gobierno Vasco de su obligaci\u00f3n legal con el personal de la EHU. El ejemplo m\u00e1s claro lo tenemos en los complementos salariales.<\/p>\n\n\n\n<p>En nuestras reivindicaciones, tambi\u00e9n hemos pedido al equipo rectoral una postura firme en defensa de la EHU para lograr la financiaci\u00f3n que necesita.<\/p>\n\n\n\n<p>Durante estos d\u00edas de movilizaci\u00f3n, la participaci\u00f3n de los trabajadores y trabajadoras de la EHU ha sido muy amplia, transmitiendo de manera clara a la sociedad que la financiaci\u00f3n de la universidad p\u00fablica es un problema grave y que, de un modo u otro, m\u00e1s pronto o m\u00e1s tarde, tendr\u00e1 consecuencias en muchos \u00e1mbitos de la sociedad.<\/p>\n\n\n\n<p>Hemos recordado, una vez m\u00e1s, que seguimos muy lejos del 1 % del PIB marcado por la LOSU como objetivo para 2030, permaneciendo todav\u00eda en el 0,42 % del PIB de la CAPV.<\/p>\n\n\n\n<p>Tambi\u00e9n hemos se\u00f1alado que los sueldos base del personal docente e investigador son inferiores a los de educaci\u00f3n secundaria; que desde 2008 el profesorado ha sufrido una p\u00e9rdida de poder adquisitivo del 24,3 %; que los complementos creados en 2006 para dignificar los salarios llevan congelados desde entonces; y que la promoci\u00f3n profesional es un derecho que debe garantizarse.<\/p>\n\n\n\n<p>Hemos denunciado situaciones de precariedad lamentables: el profesorado con dedicaci\u00f3n parcial cobra entre 400 y 800 euros, y no se reconoce gran parte del trabajo que realiza.<\/p>\n\n\n\n<p>Adem\u00e1s, las condiciones laborales del personal docente e investigador no son atractivas, y cada vez quedan m\u00e1s plazas nuevas sin cubrir, convirti\u00e9ndose en un problema grave la falta de relevo en algunos \u00e1mbitos.<\/p>\n\n\n\n<p>El Personal T\u00e9cnico, de Gesti\u00f3n y de Administraci\u00f3n y Servicios (PTGAS) ha sufrido una p\u00e9rdida de poder adquisitivo del 18,2 % en los \u00faltimos 15 a\u00f1os, y en muchos servicios y unidades es cada vez m\u00e1s dif\u00edcil cubrir sustituciones.<\/p>\n\n\n\n<p>La ratio PDI\/PTGAS sigue siendo la m\u00e1s alta entre las universidades p\u00fablicas del Estado y mucho mayor que la de la mayor\u00eda de los pa\u00edses europeos.<\/p>\n\n\n\n<p>Tambi\u00e9n es imprescindible incrementar la inversi\u00f3n en edificios, mantenimiento y en el equipamiento de departamentos y servicios.<\/p>\n\n\n\n<p>Los sindicatos seguiremos firmes en la defensa de la universidad p\u00fablica y de su personal.<\/p>\n\n\n\n<p><strong>\u00a1Garantizad la financiaci\u00f3n necesaria para la EHU!<br>LAB \u2013 STEILAS \u2013 ELA \u2013 CGT-LKN<\/strong><\/p>\n","protected":false},"excerpt":{"rendered":"<p>El paro y la concentraci\u00f3n de hoy son la cuarta de las movilizaciones llevadas a cabo esta semana en los campus de la EHU, y dan continuidad a la reivindicaci\u00f3n de conseguir los recursos suficientes para la universidad p\u00fablica. De hecho, cuando en el Parlamento Vasco est\u00e1n a punto de cerrarse los presupuestos de 2026 [&hellip;]<\/p>\n","protected":false},"author":1191,"featured_media":86410,"comment_status":"closed","ping_status":"closed","sticky":false,"template":"","format":"standard","meta":{"_monsterinsights_skip_tracking":false,"_monsterinsights_sitenote_active":false,"_monsterinsights_sitenote_note":"","_monsterinsights_sitenote_category":0,"footnotes":"","_links_to":"","_links_to_target":""},"categories":[18,33,6],"tags":[3033,3178,3194,3171],"class_list":{"0":"post-86412","1":"post","2":"type-post","3":"status-publish","4":"format-standard","5":"has-post-thumbnail","7":"category-es-accion-sindical","8":"category-es-ensenanza","9":"category-es-servicios-publicos","10":"tag-accion-sindical-es","11":"tag-destacado-1","12":"tag-ensenanza-es","13":"tag-servicios-publicos-es"},"_links":{"self":[{"href":"https:\/\/www.lab.eus\/es\/wp-json\/wp\/v2\/posts\/86412","targetHints":{"allow":["GET"]}}],"collection":[{"href":"https:\/\/www.lab.eus\/es\/wp-json\/wp\/v2\/posts"}],"about":[{"href":"https:\/\/www.lab.eus\/es\/wp-json\/wp\/v2\/types\/post"}],"author":[{"embeddable":true,"href":"https:\/\/www.lab.eus\/es\/wp-json\/wp\/v2\/users\/1191"}],"replies":[{"embeddable":true,"href":"https:\/\/www.lab.eus\/es\/wp-json\/wp\/v2\/comments?post=86412"}],"version-history":[{"count":1,"href":"https:\/\/www.lab.eus\/es\/wp-json\/wp\/v2\/posts\/86412\/revisions"}],"predecessor-version":[{"id":86413,"href":"https:\/\/www.lab.eus\/es\/wp-json\/wp\/v2\/posts\/86412\/revisions\/86413"}],"wp:featuredmedia":[{"embeddable":true,"href":"https:\/\/www.lab.eus\/es\/wp-json\/wp\/v2\/media\/86410"}],"wp:attachment":[{"href":"https:\/\/www.lab.eus\/es\/wp-json\/wp\/v2\/media?parent=86412"}],"wp:term":[{"taxonomy":"category","embeddable":true,"href":"https:\/\/www.lab.eus\/es\/wp-json\/wp\/v2\/categories?post=86412"},{"taxonomy":"post_tag","embeddable":true,"href":"https:\/\/www.lab.eus\/es\/wp-json\/wp\/v2\/tags?post=86412"}],"curies":[{"name":"wp","href":"https:\/\/api.w.org\/{rel}","templated":true}]}}