{"id":86199,"date":"2025-11-26T15:46:10","date_gmt":"2025-11-26T15:46:10","guid":{"rendered":"https:\/\/www.lab.eus\/?p=86199"},"modified":"2025-11-26T15:46:14","modified_gmt":"2025-11-26T15:46:14","slug":"las-y-los-trabajadores-de-las-ikastolas-haran-encierros-a-convocatoria-de-lab","status":"publish","type":"post","link":"https:\/\/www.lab.eus\/es\/las-y-los-trabajadores-de-las-ikastolas-haran-encierros-a-convocatoria-de-lab\/","title":{"rendered":"Las y los trabajadores de las ikastolas har\u00e1n encierros, a convocatoria de LAB"},"content":{"rendered":"\n<p><strong>El Departamento de Educaci\u00f3n est\u00e1 incumpliendo el Acuerdo Laboral que firm\u00f3. LAB, sin embargo, tiene todo el compromiso de seguir moviliz\u00e1ndose hasta que se cumpla lo firmado.<\/strong><\/p>\n\n\n\n<p>Las y los trabajadores de las ikastolas de Araba, Bizkaia y Gipuzkoa realizar\u00e1n hoy encierros para exigir al Departamento de Educaci\u00f3n del Gobierno Vasco el cumplimiento de los compromisos que se recogieron en el Acuerdo Laboral de 2023.<\/p>\n\n\n\n<p>Cuando las y los alumnos vuelvan a casa, las y los trabajadores llevar\u00e1n a cabo movilizaciones en los pueblos. Despu\u00e9s, volver\u00e1n a las ikastolas para permanecer en el encierro hasta la ma\u00f1ana siguiente. En total, LAB realizar\u00e1 encierros en 27 ikastolas de Araba, Bizkaia y Gipuzkoa, y movilizar\u00e1 a cientos de trabajadores.<\/p>\n\n\n\n<p>El sindicato LAB y el Departamento de Educaci\u00f3n firmaron en 2023 un Acuerdo Laboral para todos los trabajadores de las ikastolas de Araba, Bizkaia y Gipuzkoa. En el acuerdo se firm\u00f3 la equiparaci\u00f3n salarial de todas y todos los trabajadores con los de la red p\u00fablica y el estudio de homologaci\u00f3n de condiciones laborales.<\/p>\n\n\n\n<p>El Departamento de Educaci\u00f3n, sin embargo, est\u00e1 imcumpliendo la equiparaci\u00f3n salarial de algunas y algunos trabajadores y, en cuanto al an\u00e1lisis de la homologaci\u00f3n a realizar, aunque los plazos establecidos se hayan superado hace tiempo, no se aprecian indicios de voluntad de empezar.<\/p>\n\n\n\n<p>Por ello, en protesta por el incumplimiento de su palabra, LAB lleva realizando diversas movilizaciones en las ikastolas desde el pasado mes de junio. Y es que el incumplimiento del acuerdo est\u00e1 directamente relacionado con las condiciones laborales de las y los trabajadores.<\/p>\n\n\n\n<p>El Departamento de Educaci\u00f3n debe cumplir los compromisos adquiridos en el Acuerdo Laboral y las y los trabajadores de las ikastolas seguir\u00e1n luchando hasta que el Departamento de Educaci\u00f3n les d\u00e9 lo que les corresponde. LAB se compromete a seguir moviliz\u00e1ndose hasta que el Departamento de Educaci\u00f3n cumpla su palabra.<\/p>\n","protected":false},"excerpt":{"rendered":"<p>El Departamento de Educaci\u00f3n est\u00e1 incumpliendo el Acuerdo Laboral que firm\u00f3. LAB, sin embargo, tiene todo el compromiso de seguir moviliz\u00e1ndose hasta que se cumpla lo firmado.<\/p>\n","protected":false},"author":1191,"featured_media":86197,"comment_status":"closed","ping_status":"closed","sticky":false,"template":"","format":"standard","meta":{"_monsterinsights_skip_tracking":false,"_monsterinsights_sitenote_active":false,"_monsterinsights_sitenote_note":"","_monsterinsights_sitenote_category":0,"footnotes":"","_links_to":"","_links_to_target":""},"categories":[18,2867,6],"tags":[3033,3178],"class_list":{"0":"post-86199","1":"post","2":"type-post","3":"status-publish","4":"format-standard","5":"has-post-thumbnail","7":"category-es-accion-sindical","8":"category-federaciones","9":"category-es-servicios-publicos","10":"tag-accion-sindical-es","11":"tag-destacado-1"},"_links":{"self":[{"href":"https:\/\/www.lab.eus\/es\/wp-json\/wp\/v2\/posts\/86199","targetHints":{"allow":["GET"]}}],"collection":[{"href":"https:\/\/www.lab.eus\/es\/wp-json\/wp\/v2\/posts"}],"about":[{"href":"https:\/\/www.lab.eus\/es\/wp-json\/wp\/v2\/types\/post"}],"author":[{"embeddable":true,"href":"https:\/\/www.lab.eus\/es\/wp-json\/wp\/v2\/users\/1191"}],"replies":[{"embeddable":true,"href":"https:\/\/www.lab.eus\/es\/wp-json\/wp\/v2\/comments?post=86199"}],"version-history":[{"count":1,"href":"https:\/\/www.lab.eus\/es\/wp-json\/wp\/v2\/posts\/86199\/revisions"}],"predecessor-version":[{"id":86200,"href":"https:\/\/www.lab.eus\/es\/wp-json\/wp\/v2\/posts\/86199\/revisions\/86200"}],"wp:featuredmedia":[{"embeddable":true,"href":"https:\/\/www.lab.eus\/es\/wp-json\/wp\/v2\/media\/86197"}],"wp:attachment":[{"href":"https:\/\/www.lab.eus\/es\/wp-json\/wp\/v2\/media?parent=86199"}],"wp:term":[{"taxonomy":"category","embeddable":true,"href":"https:\/\/www.lab.eus\/es\/wp-json\/wp\/v2\/categories?post=86199"},{"taxonomy":"post_tag","embeddable":true,"href":"https:\/\/www.lab.eus\/es\/wp-json\/wp\/v2\/tags?post=86199"}],"curies":[{"name":"wp","href":"https:\/\/api.w.org\/{rel}","templated":true}]}}