{"id":86183,"date":"2025-11-26T13:50:21","date_gmt":"2025-11-26T13:50:21","guid":{"rendered":"https:\/\/www.lab.eus\/?p=86183"},"modified":"2025-11-26T14:16:44","modified_gmt":"2025-11-26T14:16:44","slug":"labek-pribatizatuta-dauden-langileen-lan-baldintzen-ekiparazioa-eta-zerbitzuaren-publifikazioa-exijitu-ditu-arabako-etxez-etxeko-laguntzako-hitzarmenaren-lehen-mahai-negoziatzailean","status":"publish","type":"post","link":"https:\/\/www.lab.eus\/es\/labek-pribatizatuta-dauden-langileen-lan-baldintzen-ekiparazioa-eta-zerbitzuaren-publifikazioa-exijitu-ditu-arabako-etxez-etxeko-laguntzako-hitzarmenaren-lehen-mahai-negoziatzailean\/","title":{"rendered":"LAB exige la equiparaci\u00f3n de las condiciones laborales de las y los trabajadores del sector privatizadas y la publificaci\u00f3n del servicio en la primera mesa negociadora del convenio de ayuda a domicilio de Araba"},"content":{"rendered":"\n<p><strong>El sindicato se ha dirigido a las patronales del sector, al Ayuntamiento de Gasteiz y a la Diputaci\u00f3n Foral de Araba para que se comprometan a dar pasos de cara a la publificaci\u00f3n del servicio para dignificar las condiciones laborales de las y los trabajadoras del sector.<\/strong><\/p>\n\n\n\n<p>Hace a\u00f1os que el sindicato LAB reivindica la necesidad de un cambio radical en el modelo de cuidados, reclamando a las administraciones p\u00fablicas y a las patronales del sector la erradicaci\u00f3n total de la privatizaci\u00f3n de los servicios de cuidados. En el caso del servicio de ayuda a domicilio, las administraciones p\u00fablicas son las responsables de los servicios que licitan, y cada a\u00f1o, dejan en manos privadas la gesti\u00f3n de estos servicios.<\/p>\n\n\n\n<p>Hoy, d\u00eda 26, se ha constituido en Gasteiz la mesa negociadora del convenio del servicio de ayuda a domicilio de Araba. De nuevo, las administraciones p\u00fablicas obligan a a los sindicatos a negociar con patronales y empresas privadas las condiciones laborales del sector, dejando de nuevo a un lado su responsabilidad en la mejora de las condiciones laborales.<\/p>\n\n\n\n<p>El sindicato LAB reivindica el servicio de ayuda a domicilio en Araba como un servicio esencial a gestionar desde la administraci\u00f3n p\u00fablica, con gesti\u00f3n y control p\u00fablico directo. Las trabajadoras del sector prestan un servicio p\u00fablico a la sociedad alavesa, por ello, hasta que no sea efectivo un proceso de publificaci\u00f3n, deben garantizarse a las y los trabajadores del sector privatizado las mismas condiciones laborales que al personal p\u00fablico.<\/p>\n\n\n\n<p>LAB exige la equiparaci\u00f3n de las condiciones laborales para las trabajadoras de ayuda a domicilio de Araba en la mesa negociadora del convenio sectorial que ha arrancado hoy.<\/p>\n","protected":false},"excerpt":{"rendered":"<p>Sektoreko patronalei, Gasteizko Udalari eta Arabako Foru Aldundiari zuzendu zaie sindikatua, sektoreko langileen lan baldintzak duintzeko zerbitzuaren publifikazioari bide emateko konpromisoak har ditzaten.<\/p>\n","protected":false},"author":1191,"featured_media":86184,"comment_status":"closed","ping_status":"closed","sticky":false,"template":"","format":"standard","meta":{"_monsterinsights_skip_tracking":false,"_monsterinsights_sitenote_active":false,"_monsterinsights_sitenote_note":"","_monsterinsights_sitenote_category":0,"footnotes":"","_links_to":"","_links_to_target":""},"categories":[18,2867,6,3283],"tags":[3033,3178,3171],"class_list":{"0":"post-86183","1":"post","2":"type-post","3":"status-publish","4":"format-standard","5":"has-post-thumbnail","7":"category-es-accion-sindical","8":"category-federaciones","9":"category-es-servicios-publicos","10":"category-sin-categorizar","11":"tag-accion-sindical-es","12":"tag-destacado-1","13":"tag-servicios-publicos-es"},"_links":{"self":[{"href":"https:\/\/www.lab.eus\/es\/wp-json\/wp\/v2\/posts\/86183","targetHints":{"allow":["GET"]}}],"collection":[{"href":"https:\/\/www.lab.eus\/es\/wp-json\/wp\/v2\/posts"}],"about":[{"href":"https:\/\/www.lab.eus\/es\/wp-json\/wp\/v2\/types\/post"}],"author":[{"embeddable":true,"href":"https:\/\/www.lab.eus\/es\/wp-json\/wp\/v2\/users\/1191"}],"replies":[{"embeddable":true,"href":"https:\/\/www.lab.eus\/es\/wp-json\/wp\/v2\/comments?post=86183"}],"version-history":[{"count":2,"href":"https:\/\/www.lab.eus\/es\/wp-json\/wp\/v2\/posts\/86183\/revisions"}],"predecessor-version":[{"id":86192,"href":"https:\/\/www.lab.eus\/es\/wp-json\/wp\/v2\/posts\/86183\/revisions\/86192"}],"wp:featuredmedia":[{"embeddable":true,"href":"https:\/\/www.lab.eus\/es\/wp-json\/wp\/v2\/media\/86184"}],"wp:attachment":[{"href":"https:\/\/www.lab.eus\/es\/wp-json\/wp\/v2\/media?parent=86183"}],"wp:term":[{"taxonomy":"category","embeddable":true,"href":"https:\/\/www.lab.eus\/es\/wp-json\/wp\/v2\/categories?post=86183"},{"taxonomy":"post_tag","embeddable":true,"href":"https:\/\/www.lab.eus\/es\/wp-json\/wp\/v2\/tags?post=86183"}],"curies":[{"name":"wp","href":"https:\/\/api.w.org\/{rel}","templated":true}]}}