{"id":86170,"date":"2025-11-26T10:16:42","date_gmt":"2025-11-26T10:16:42","guid":{"rendered":"https:\/\/www.lab.eus\/?p=86170"},"modified":"2025-11-26T10:17:03","modified_gmt":"2025-11-26T10:17:03","slug":"amplio-seguimiento-de-la-primeras-jornada-de-huelga-en-sidenor-en-gasteiz-para-exigir-la-reincorporacion-de-los-cuatro-companeros-despedidos-injustamente","status":"publish","type":"post","link":"https:\/\/www.lab.eus\/es\/amplio-seguimiento-de-la-primeras-jornada-de-huelga-en-sidenor-en-gasteiz-para-exigir-la-reincorporacion-de-los-cuatro-companeros-despedidos-injustamente\/","title":{"rendered":"Amplio seguimiento en la primera jornada de huelga en Sidenor, en Gasteiz, para exigir la reincorporaci\u00f3n de los cuatro compa\u00f1eros despedidos injustamente"},"content":{"rendered":"\n<p>Hoy, 26 de noviembre, la planta de Sidenor en Gasteiz secunda la primera jornada de huelga de las tres convocadas por ELA y LAB para esta semana para pedir que los cuatro compa\u00f1eros despedidos injustamente vuelvan a sus puestos de trabajo. La huelga ha paralizado o<br>condicionado varias secciones de la empresa.<\/p>\n\n\n\n<p>Los trabajadores despedidos reclamaron su categor\u00eda y, aunque la empresa les acept\u00f3 en un primer momento dicha mejora, revoc\u00f3 su decisi\u00f3n y les abri\u00f3 un expediente que finalizaron con el despido. LAB y ELA tienen claro que detr\u00e1s de esta decisi\u00f3n hay una persecuci\u00f3n sindical: la empresa quiere enviar un mensaje a las y los trabajadores con los despidos para que no vuelvan a hacerlo.<\/p>\n\n\n\n<p>Por otro, los sindicatos convocantes lamentan la actitud del comit\u00e9 en el que UGT tiene mayor\u00eda absoluta. UGT, junto con CCOO, no ha defendido los intereses de las y los trabajadores y argumenta que no se han abordado las v\u00edas internas de la empresa para conseguir peticiones de categor\u00eda. Esto es inaceptable porque los trabajadores han recorrido el camino que permite la ley. Es m\u00e1s, cuando les hemos pedido que convoquen una asamblea para hablar de la situaci\u00f3n con los trabajadores, se han negado alegando que para eso son los foros que la empresa ha convocado. En esos foros no est\u00e1n ni LAB ni ELA.<\/p>\n\n\n\n<p>Para denunciar esta situaci\u00f3n, las y los trabajadores se han concentrado ante la empresa y han realizado una rueda de prensa. Tambi\u00e9n se han unido trabajadores de otras empresas, como los huelguistas de Fibertecnic. Todos coinciden a la hora de reivindicar que hay que acabar con la persecuci\u00f3n sindical y piden la reincorporaci\u00f3n de los compa\u00f1eros despedidos.<\/p>\n","protected":false},"excerpt":{"rendered":"<p>La huelga ha paralizado o<br \/>\ncondicionado varias secciones de la empresa.<\/p>\n","protected":false},"author":1191,"featured_media":86163,"comment_status":"closed","ping_status":"closed","sticky":false,"template":"","format":"standard","meta":{"_monsterinsights_skip_tracking":false,"_monsterinsights_sitenote_active":false,"_monsterinsights_sitenote_note":"","_monsterinsights_sitenote_category":0,"footnotes":"","_links_to":"","_links_to_target":""},"categories":[18,2867,2868,3283],"tags":[3033,3178,2996],"class_list":{"0":"post-86170","1":"post","2":"type-post","3":"status-publish","4":"format-standard","5":"has-post-thumbnail","7":"category-es-accion-sindical","8":"category-federaciones","9":"category-industria-es","10":"category-sin-categorizar","11":"tag-accion-sindical-es","12":"tag-destacado-1","13":"tag-industria-es"},"_links":{"self":[{"href":"https:\/\/www.lab.eus\/es\/wp-json\/wp\/v2\/posts\/86170","targetHints":{"allow":["GET"]}}],"collection":[{"href":"https:\/\/www.lab.eus\/es\/wp-json\/wp\/v2\/posts"}],"about":[{"href":"https:\/\/www.lab.eus\/es\/wp-json\/wp\/v2\/types\/post"}],"author":[{"embeddable":true,"href":"https:\/\/www.lab.eus\/es\/wp-json\/wp\/v2\/users\/1191"}],"replies":[{"embeddable":true,"href":"https:\/\/www.lab.eus\/es\/wp-json\/wp\/v2\/comments?post=86170"}],"version-history":[{"count":2,"href":"https:\/\/www.lab.eus\/es\/wp-json\/wp\/v2\/posts\/86170\/revisions"}],"predecessor-version":[{"id":86172,"href":"https:\/\/www.lab.eus\/es\/wp-json\/wp\/v2\/posts\/86170\/revisions\/86172"}],"wp:featuredmedia":[{"embeddable":true,"href":"https:\/\/www.lab.eus\/es\/wp-json\/wp\/v2\/media\/86163"}],"wp:attachment":[{"href":"https:\/\/www.lab.eus\/es\/wp-json\/wp\/v2\/media?parent=86170"}],"wp:term":[{"taxonomy":"category","embeddable":true,"href":"https:\/\/www.lab.eus\/es\/wp-json\/wp\/v2\/categories?post=86170"},{"taxonomy":"post_tag","embeddable":true,"href":"https:\/\/www.lab.eus\/es\/wp-json\/wp\/v2\/tags?post=86170"}],"curies":[{"name":"wp","href":"https:\/\/api.w.org\/{rel}","templated":true}]}}