{"id":85273,"date":"2025-11-06T11:33:53","date_gmt":"2025-11-06T11:33:53","guid":{"rendered":"https:\/\/www.lab.eus\/?p=85273"},"modified":"2025-11-06T15:55:29","modified_gmt":"2025-11-06T15:55:29","slug":"lab-denuncia-en-las-capitales-de-hego-euskal-herria-que-los-presupuestos-no-recogen-las-medidas-necesarias-para-la-transformacion-de-los-cuidados","status":"publish","type":"post","link":"https:\/\/www.lab.eus\/es\/lab-denuncia-en-las-capitales-de-hego-euskal-herria-que-los-presupuestos-no-recogen-las-medidas-necesarias-para-la-transformacion-de-los-cuidados\/","title":{"rendered":"LAB denuncia en las capitales de Hego Euskal Herria que los presupuestos no recogen las medidas necesarias para la transformaci\u00f3n de los cuidados"},"content":{"rendered":"\n<p><strong>No se recogen medidas de corresponsabilidad en el reparto de las tareas de cuidado, ni de dignificaci\u00f3n de las condiciones de trabajo y vida de las personas trabajadoras de cuidados, ni decisiones pol\u00edticas para la constituci\u00f3n de un sistema p\u00fablico de cuidados comunitario, seg\u00fan LAB. El sindicato ha pedido a gobiernos y diputaciones que den pasos y compromisos hacia la publificaci\u00f3n y la equiparaci\u00f3n de las y los trabajadores.<\/strong><\/p>\n\n\n\n<p>En las movilizaciones llevadas a cabo en las cuatro capitales de Hego Euskal Herria, LAB ha denunciado que en los presupuestos de 2026 se ha optado por seguir privatizando los servicios de cuidados, por hacer negocio con los cuidados y por seguir precarizando a las y los trabajadores del sector. El sindicato ha denunciado que el PNV y el PSE-PSN hacen que los servicios de cuidados sean un negocio a trav\u00e9s de los presupuestos de las diputaciones y pretenden perpetuar la privatizaci\u00f3n. Por el contrario, el sindicato reivindica la necesidad de medidas para la construcci\u00f3n del sistema p\u00fablico comunitario de cuidados y la publificaci\u00f3n de los servicios de cuidados, as\u00ed como que los nuevos servicios presupuestados se presten a trav\u00e9s de la gesti\u00f3n p\u00fablica directa.<\/p>\n\n\n\n<p>La coordinadora general de LAB, Garbi\u00f1e Aranburu, ha se\u00f1alado en Bilbo que los trabajos de cuidados, a pesar de ser trabajos p\u00fablicos, se realizan \u201cen empresas subcontratadas y que hacen negocio con el cuidado\u201d. Los presupuestos los condicionan de lleno, seg\u00fan Aranburu: \u201cEs en los presupuestos donde se apuesta claramente por mantener el servicio p\u00fablico privatizado, y es en los presupuestos donde se fija cu\u00e1nto dinero se destinar\u00e1 a convenios colectivos, c\u00f3mo ser\u00e1n los ratios&#8230;\u201d Las diputaciones tienen la oportunidad de dar pasos hacia la equiparaci\u00f3n de las condiciones laborales y dar una soluci\u00f3n digna a las negociaciones colectivas que se van a dar en este \u00e1mbito a trav\u00e9s de los presupuestos. Por ello, LAB les ha recordado que la responsabilidad del bloqueo de los convenios es suya y ha considerado urgente, especialmente, desbloquear los convenios de las residencias de de Araba y Nafarroa, y conseguir de una vez por todas convenios laborales que regulen las condiciones de las y los trabajadores.<\/p>\n\n\n\n<p>LAB tambi\u00e9n ha puesto en el centro la necesidad de revisar y mejorar los ratios y ha reclamado pasos reales para dignificar la calidad del servicio recibido por las y los usuarios y las condiciones laborales del personal de cuidados privatizado. Asimismo, ha pedido a las administraciones que acuerden medidas para euskaldunizar al personal de cuidados privatizado.<\/p>\n\n\n\n<p>Aranburu ha lamentado que el rumbo de PNV y PSE-PSN es otro y que no hay ni medidas de corresponsabilidad en el reparto de las tareas de cuidados, ni medidas de dignificaci\u00f3n de las condiciones laborales y de vida de los trabajadores de cuidados, ni decisiones pol\u00edticas para configurar un sistema de cuidados p\u00fablico comunitario. \u201cPNV y PSE-PSN apuestan por mantener la l\u00f3gica privatizadora y mercantilista en el cuidado, apuestan por seguir sin desfeminizar, desfamiliarizar y publificar las tareas de cuidado\u201d. Adem\u00e1s, ha denunciado que con estos presupuestos se acepta que las labores de cuidado \u201cse realicen en condiciones de explotaci\u00f3n\u201d, especialmente entre las mujeres migradas y racializadas. \u201cTodas las trabas que establece la Ley de Extranjer\u00eda hacen que se conviertan en mano de obra barata y se est\u00e1n extendiendo las situaciones de explotaci\u00f3n extrema. Con estos presupuestos, son los gobiernos y los responsables de las diputaciones los que dan por buenas estas situaciones de explotaci\u00f3n, y las empresas privadas, quienes se aprovechan de ello\u201d, ha denunciado.<\/p>\n\n\n\n<p><strong>Fuera de la agenda<\/strong><\/p>\n\n\n\n<p>La coordinadora general tambi\u00e9n ha denunciado que en la agenda institucional el tema del cuidado ocupa \u201cmenos espacio del necesario\u201d y cuando lo hace no va en la direcci\u00f3n de cambiar la situaci\u00f3n actual. Ha puesto como ejemplo el caso de Gipuzkoa: \u201cUtilizar la palabra <em>transformaci\u00f3n<\/em> es puro cinismo. Hablan de poner a las personas en el centro, de modelos personalizados, pero en el fondo no hay una decisi\u00f3n para revertir el modelo actual\u201d.<\/p>\n\n\n\n<p>Por ello, LAB ha exigido \u201cvalent\u00eda y compromiso\u201d a las administraciones p\u00fablicas de Hego Euskal Herria y a los partidos implicados en la aprobaci\u00f3n de los presupuestos para que den pasos para \u201ccerrar las puertas a la l\u00f3gica privatizadora impulsada por PNV y PSE-PSN\u201d. Aranburu: \u201cPara mejorar la calidad del servicio, para superar la discriminaci\u00f3n que produce la organizaci\u00f3n social de los cuidados, para dignificar las condiciones laborales de las trabajadoras, hace falta una verdadera transformaci\u00f3n y por eso pedimos a gobierno y diputaciones que rectifiquen esos proyectos presupuestarios\u201d. Tambi\u00e9n ha concretado la forma de impulsar esta transformaci\u00f3n: establecer partidas econ\u00f3micas concretas para constituir un sistema p\u00fablico comunitario de cuidados, para impulsar procesos de publificaci\u00f3n y equiparaci\u00f3n, para asegurar convenios dignos y para la mejora de los ratios.<\/p>\n\n\n\n<figure class=\"wp-block-gallery has-nested-images columns-default is-cropped wp-block-gallery-1 is-layout-flex wp-block-gallery-is-layout-flex\">\n<figure class=\"wp-block-image size-large\"><img loading=\"lazy\" decoding=\"async\" width=\"1024\" height=\"683\" data-id=\"85403\" src=\"https:\/\/www.lab.eus\/wp-content\/uploads\/2025\/11\/1-1-1024x683.jpg\" alt=\"\" class=\"wp-image-85403\" srcset=\"https:\/\/www.lab.eus\/wp-content\/uploads\/2025\/11\/1-1-1024x683.jpg 1024w, https:\/\/www.lab.eus\/wp-content\/uploads\/2025\/11\/1-1-300x200.jpg 300w, https:\/\/www.lab.eus\/wp-content\/uploads\/2025\/11\/1-1-768x512.jpg 768w, https:\/\/www.lab.eus\/wp-content\/uploads\/2025\/11\/1-1-1536x1024.jpg 1536w, https:\/\/www.lab.eus\/wp-content\/uploads\/2025\/11\/1-1-2048x1365.jpg 2048w, https:\/\/www.lab.eus\/wp-content\/uploads\/2025\/11\/1-1-630x420.jpg 630w, https:\/\/www.lab.eus\/wp-content\/uploads\/2025\/11\/1-1-150x100.jpg 150w, https:\/\/www.lab.eus\/wp-content\/uploads\/2025\/11\/1-1-696x464.jpg 696w, https:\/\/www.lab.eus\/wp-content\/uploads\/2025\/11\/1-1-1068x712.jpg 1068w, https:\/\/www.lab.eus\/wp-content\/uploads\/2025\/11\/1-1-1920x1280.jpg 1920w\" sizes=\"auto, (max-width: 1024px) 100vw, 1024px\" \/><figcaption class=\"wp-element-caption\">Bilbo<\/figcaption><\/figure>\n\n\n\n<figure class=\"wp-block-image size-large\"><img loading=\"lazy\" decoding=\"async\" width=\"1024\" height=\"683\" data-id=\"85364\" src=\"https:\/\/www.lab.eus\/wp-content\/uploads\/2025\/11\/2-1-1024x683.jpg\" alt=\"\" class=\"wp-image-85364\" srcset=\"https:\/\/www.lab.eus\/wp-content\/uploads\/2025\/11\/2-1-1024x683.jpg 1024w, https:\/\/www.lab.eus\/wp-content\/uploads\/2025\/11\/2-1-300x200.jpg 300w, https:\/\/www.lab.eus\/wp-content\/uploads\/2025\/11\/2-1-768x512.jpg 768w, https:\/\/www.lab.eus\/wp-content\/uploads\/2025\/11\/2-1-1536x1024.jpg 1536w, https:\/\/www.lab.eus\/wp-content\/uploads\/2025\/11\/2-1-2048x1365.jpg 2048w, https:\/\/www.lab.eus\/wp-content\/uploads\/2025\/11\/2-1-630x420.jpg 630w, https:\/\/www.lab.eus\/wp-content\/uploads\/2025\/11\/2-1-150x100.jpg 150w, https:\/\/www.lab.eus\/wp-content\/uploads\/2025\/11\/2-1-696x464.jpg 696w, https:\/\/www.lab.eus\/wp-content\/uploads\/2025\/11\/2-1-1068x712.jpg 1068w, https:\/\/www.lab.eus\/wp-content\/uploads\/2025\/11\/2-1-1920x1280.jpg 1920w\" sizes=\"auto, (max-width: 1024px) 100vw, 1024px\" \/><figcaption class=\"wp-element-caption\">Bilbo<\/figcaption><\/figure>\n\n\n\n<figure class=\"wp-block-image size-large\"><img loading=\"lazy\" decoding=\"async\" width=\"1024\" height=\"683\" data-id=\"85378\" src=\"https:\/\/www.lab.eus\/wp-content\/uploads\/2025\/11\/3-1-1024x683.jpg\" alt=\"\" class=\"wp-image-85378\" srcset=\"https:\/\/www.lab.eus\/wp-content\/uploads\/2025\/11\/3-1-1024x683.jpg 1024w, https:\/\/www.lab.eus\/wp-content\/uploads\/2025\/11\/3-1-300x200.jpg 300w, https:\/\/www.lab.eus\/wp-content\/uploads\/2025\/11\/3-1-768x512.jpg 768w, https:\/\/www.lab.eus\/wp-content\/uploads\/2025\/11\/3-1-1536x1024.jpg 1536w, https:\/\/www.lab.eus\/wp-content\/uploads\/2025\/11\/3-1-2048x1365.jpg 2048w, https:\/\/www.lab.eus\/wp-content\/uploads\/2025\/11\/3-1-630x420.jpg 630w, https:\/\/www.lab.eus\/wp-content\/uploads\/2025\/11\/3-1-150x100.jpg 150w, https:\/\/www.lab.eus\/wp-content\/uploads\/2025\/11\/3-1-696x464.jpg 696w, https:\/\/www.lab.eus\/wp-content\/uploads\/2025\/11\/3-1-1068x712.jpg 1068w, https:\/\/www.lab.eus\/wp-content\/uploads\/2025\/11\/3-1-1920x1280.jpg 1920w\" sizes=\"auto, (max-width: 1024px) 100vw, 1024px\" \/><figcaption class=\"wp-element-caption\">Bilbo<\/figcaption><\/figure>\n\n\n\n<figure class=\"wp-block-image size-large\"><img loading=\"lazy\" decoding=\"async\" width=\"1024\" height=\"683\" data-id=\"85384\" src=\"https:\/\/www.lab.eus\/wp-content\/uploads\/2025\/11\/4-1-1024x683.jpg\" alt=\"\" class=\"wp-image-85384\" srcset=\"https:\/\/www.lab.eus\/wp-content\/uploads\/2025\/11\/4-1-1024x683.jpg 1024w, https:\/\/www.lab.eus\/wp-content\/uploads\/2025\/11\/4-1-300x200.jpg 300w, https:\/\/www.lab.eus\/wp-content\/uploads\/2025\/11\/4-1-768x512.jpg 768w, https:\/\/www.lab.eus\/wp-content\/uploads\/2025\/11\/4-1-1536x1024.jpg 1536w, https:\/\/www.lab.eus\/wp-content\/uploads\/2025\/11\/4-1-2048x1365.jpg 2048w, https:\/\/www.lab.eus\/wp-content\/uploads\/2025\/11\/4-1-630x420.jpg 630w, https:\/\/www.lab.eus\/wp-content\/uploads\/2025\/11\/4-1-150x100.jpg 150w, https:\/\/www.lab.eus\/wp-content\/uploads\/2025\/11\/4-1-696x464.jpg 696w, https:\/\/www.lab.eus\/wp-content\/uploads\/2025\/11\/4-1-1068x712.jpg 1068w, https:\/\/www.lab.eus\/wp-content\/uploads\/2025\/11\/4-1-1920x1280.jpg 1920w\" sizes=\"auto, (max-width: 1024px) 100vw, 1024px\" \/><figcaption class=\"wp-element-caption\">Bilbo<\/figcaption><\/figure>\n\n\n\n<figure class=\"wp-block-image size-large\"><img loading=\"lazy\" decoding=\"async\" width=\"1024\" height=\"683\" data-id=\"85372\" src=\"https:\/\/www.lab.eus\/wp-content\/uploads\/2025\/11\/5-1-1024x683.jpg\" alt=\"\" class=\"wp-image-85372\" srcset=\"https:\/\/www.lab.eus\/wp-content\/uploads\/2025\/11\/5-1-1024x683.jpg 1024w, https:\/\/www.lab.eus\/wp-content\/uploads\/2025\/11\/5-1-300x200.jpg 300w, https:\/\/www.lab.eus\/wp-content\/uploads\/2025\/11\/5-1-768x512.jpg 768w, https:\/\/www.lab.eus\/wp-content\/uploads\/2025\/11\/5-1-1536x1024.jpg 1536w, https:\/\/www.lab.eus\/wp-content\/uploads\/2025\/11\/5-1-2048x1365.jpg 2048w, https:\/\/www.lab.eus\/wp-content\/uploads\/2025\/11\/5-1-630x420.jpg 630w, https:\/\/www.lab.eus\/wp-content\/uploads\/2025\/11\/5-1-150x100.jpg 150w, https:\/\/www.lab.eus\/wp-content\/uploads\/2025\/11\/5-1-696x464.jpg 696w, https:\/\/www.lab.eus\/wp-content\/uploads\/2025\/11\/5-1-1068x712.jpg 1068w, https:\/\/www.lab.eus\/wp-content\/uploads\/2025\/11\/5-1-1920x1280.jpg 1920w\" sizes=\"auto, (max-width: 1024px) 100vw, 1024px\" \/><figcaption class=\"wp-element-caption\">Bilbo<\/figcaption><\/figure>\n\n\n\n<figure class=\"wp-block-image size-large\"><img loading=\"lazy\" decoding=\"async\" width=\"1024\" height=\"683\" data-id=\"85361\" src=\"https:\/\/www.lab.eus\/wp-content\/uploads\/2025\/11\/6-1-1024x683.jpg\" alt=\"\" class=\"wp-image-85361\" srcset=\"https:\/\/www.lab.eus\/wp-content\/uploads\/2025\/11\/6-1-1024x683.jpg 1024w, https:\/\/www.lab.eus\/wp-content\/uploads\/2025\/11\/6-1-300x200.jpg 300w, https:\/\/www.lab.eus\/wp-content\/uploads\/2025\/11\/6-1-768x512.jpg 768w, https:\/\/www.lab.eus\/wp-content\/uploads\/2025\/11\/6-1-1536x1024.jpg 1536w, https:\/\/www.lab.eus\/wp-content\/uploads\/2025\/11\/6-1-2048x1365.jpg 2048w, https:\/\/www.lab.eus\/wp-content\/uploads\/2025\/11\/6-1-630x420.jpg 630w, https:\/\/www.lab.eus\/wp-content\/uploads\/2025\/11\/6-1-150x100.jpg 150w, https:\/\/www.lab.eus\/wp-content\/uploads\/2025\/11\/6-1-696x464.jpg 696w, https:\/\/www.lab.eus\/wp-content\/uploads\/2025\/11\/6-1-1068x712.jpg 1068w, https:\/\/www.lab.eus\/wp-content\/uploads\/2025\/11\/6-1-1920x1280.jpg 1920w\" sizes=\"auto, (max-width: 1024px) 100vw, 1024px\" \/><figcaption class=\"wp-element-caption\">Donostia<\/figcaption><\/figure>\n\n\n\n<figure class=\"wp-block-image size-large\"><img loading=\"lazy\" decoding=\"async\" width=\"1024\" height=\"683\" data-id=\"85352\" src=\"https:\/\/www.lab.eus\/wp-content\/uploads\/2025\/11\/7-1-1024x683.jpg\" alt=\"\" class=\"wp-image-85352\" srcset=\"https:\/\/www.lab.eus\/wp-content\/uploads\/2025\/11\/7-1-1024x683.jpg 1024w, https:\/\/www.lab.eus\/wp-content\/uploads\/2025\/11\/7-1-300x200.jpg 300w, https:\/\/www.lab.eus\/wp-content\/uploads\/2025\/11\/7-1-768x512.jpg 768w, https:\/\/www.lab.eus\/wp-content\/uploads\/2025\/11\/7-1-1536x1024.jpg 1536w, https:\/\/www.lab.eus\/wp-content\/uploads\/2025\/11\/7-1-2048x1365.jpg 2048w, https:\/\/www.lab.eus\/wp-content\/uploads\/2025\/11\/7-1-630x420.jpg 630w, https:\/\/www.lab.eus\/wp-content\/uploads\/2025\/11\/7-1-150x100.jpg 150w, https:\/\/www.lab.eus\/wp-content\/uploads\/2025\/11\/7-1-696x464.jpg 696w, https:\/\/www.lab.eus\/wp-content\/uploads\/2025\/11\/7-1-1068x712.jpg 1068w, https:\/\/www.lab.eus\/wp-content\/uploads\/2025\/11\/7-1-1920x1280.jpg 1920w\" sizes=\"auto, (max-width: 1024px) 100vw, 1024px\" \/><figcaption class=\"wp-element-caption\">Donostia<\/figcaption><\/figure>\n\n\n\n<figure class=\"wp-block-image size-large\"><img loading=\"lazy\" decoding=\"async\" width=\"1024\" height=\"683\" data-id=\"85349\" src=\"https:\/\/www.lab.eus\/wp-content\/uploads\/2025\/11\/8-1-1024x683.jpg\" alt=\"\" class=\"wp-image-85349\" srcset=\"https:\/\/www.lab.eus\/wp-content\/uploads\/2025\/11\/8-1-1024x683.jpg 1024w, https:\/\/www.lab.eus\/wp-content\/uploads\/2025\/11\/8-1-300x200.jpg 300w, https:\/\/www.lab.eus\/wp-content\/uploads\/2025\/11\/8-1-768x512.jpg 768w, https:\/\/www.lab.eus\/wp-content\/uploads\/2025\/11\/8-1-1536x1024.jpg 1536w, https:\/\/www.lab.eus\/wp-content\/uploads\/2025\/11\/8-1-2048x1365.jpg 2048w, https:\/\/www.lab.eus\/wp-content\/uploads\/2025\/11\/8-1-630x420.jpg 630w, https:\/\/www.lab.eus\/wp-content\/uploads\/2025\/11\/8-1-150x100.jpg 150w, https:\/\/www.lab.eus\/wp-content\/uploads\/2025\/11\/8-1-696x464.jpg 696w, https:\/\/www.lab.eus\/wp-content\/uploads\/2025\/11\/8-1-1068x712.jpg 1068w, https:\/\/www.lab.eus\/wp-content\/uploads\/2025\/11\/8-1-1920x1280.jpg 1920w\" sizes=\"auto, (max-width: 1024px) 100vw, 1024px\" \/><figcaption class=\"wp-element-caption\">Donostia<\/figcaption><\/figure>\n\n\n\n<figure class=\"wp-block-image size-large\"><img loading=\"lazy\" decoding=\"async\" width=\"1024\" height=\"683\" data-id=\"85358\" src=\"https:\/\/www.lab.eus\/wp-content\/uploads\/2025\/11\/9-1-1024x683.jpg\" alt=\"\" class=\"wp-image-85358\" srcset=\"https:\/\/www.lab.eus\/wp-content\/uploads\/2025\/11\/9-1-1024x683.jpg 1024w, https:\/\/www.lab.eus\/wp-content\/uploads\/2025\/11\/9-1-300x200.jpg 300w, https:\/\/www.lab.eus\/wp-content\/uploads\/2025\/11\/9-1-768x512.jpg 768w, https:\/\/www.lab.eus\/wp-content\/uploads\/2025\/11\/9-1-1536x1024.jpg 1536w, https:\/\/www.lab.eus\/wp-content\/uploads\/2025\/11\/9-1-2048x1365.jpg 2048w, https:\/\/www.lab.eus\/wp-content\/uploads\/2025\/11\/9-1-630x420.jpg 630w, https:\/\/www.lab.eus\/wp-content\/uploads\/2025\/11\/9-1-150x100.jpg 150w, https:\/\/www.lab.eus\/wp-content\/uploads\/2025\/11\/9-1-696x464.jpg 696w, https:\/\/www.lab.eus\/wp-content\/uploads\/2025\/11\/9-1-1068x712.jpg 1068w, https:\/\/www.lab.eus\/wp-content\/uploads\/2025\/11\/9-1-1920x1280.jpg 1920w\" sizes=\"auto, (max-width: 1024px) 100vw, 1024px\" \/><figcaption class=\"wp-element-caption\">Donostia<\/figcaption><\/figure>\n\n\n\n<figure class=\"wp-block-image size-large\"><img loading=\"lazy\" decoding=\"async\" width=\"1024\" height=\"683\" data-id=\"85355\" src=\"https:\/\/www.lab.eus\/wp-content\/uploads\/2025\/11\/10-1-1024x683.jpg\" alt=\"\" class=\"wp-image-85355\" srcset=\"https:\/\/www.lab.eus\/wp-content\/uploads\/2025\/11\/10-1-1024x683.jpg 1024w, https:\/\/www.lab.eus\/wp-content\/uploads\/2025\/11\/10-1-300x200.jpg 300w, https:\/\/www.lab.eus\/wp-content\/uploads\/2025\/11\/10-1-768x512.jpg 768w, https:\/\/www.lab.eus\/wp-content\/uploads\/2025\/11\/10-1-1536x1024.jpg 1536w, https:\/\/www.lab.eus\/wp-content\/uploads\/2025\/11\/10-1-2048x1365.jpg 2048w, https:\/\/www.lab.eus\/wp-content\/uploads\/2025\/11\/10-1-630x420.jpg 630w, https:\/\/www.lab.eus\/wp-content\/uploads\/2025\/11\/10-1-150x100.jpg 150w, https:\/\/www.lab.eus\/wp-content\/uploads\/2025\/11\/10-1-696x464.jpg 696w, https:\/\/www.lab.eus\/wp-content\/uploads\/2025\/11\/10-1-1068x712.jpg 1068w, https:\/\/www.lab.eus\/wp-content\/uploads\/2025\/11\/10-1-1920x1280.jpg 1920w\" sizes=\"auto, (max-width: 1024px) 100vw, 1024px\" \/><figcaption class=\"wp-element-caption\">Donostia<\/figcaption><\/figure>\n\n\n\n<figure class=\"wp-block-image size-large\"><img loading=\"lazy\" decoding=\"async\" width=\"1024\" height=\"683\" data-id=\"85387\" src=\"https:\/\/www.lab.eus\/wp-content\/uploads\/2025\/11\/11-1-1024x683.jpg\" alt=\"\" class=\"wp-image-85387\" srcset=\"https:\/\/www.lab.eus\/wp-content\/uploads\/2025\/11\/11-1-1024x683.jpg 1024w, https:\/\/www.lab.eus\/wp-content\/uploads\/2025\/11\/11-1-300x200.jpg 300w, https:\/\/www.lab.eus\/wp-content\/uploads\/2025\/11\/11-1-768x512.jpg 768w, https:\/\/www.lab.eus\/wp-content\/uploads\/2025\/11\/11-1-1536x1024.jpg 1536w, https:\/\/www.lab.eus\/wp-content\/uploads\/2025\/11\/11-1-2048x1365.jpg 2048w, https:\/\/www.lab.eus\/wp-content\/uploads\/2025\/11\/11-1-630x420.jpg 630w, https:\/\/www.lab.eus\/wp-content\/uploads\/2025\/11\/11-1-150x100.jpg 150w, https:\/\/www.lab.eus\/wp-content\/uploads\/2025\/11\/11-1-696x464.jpg 696w, https:\/\/www.lab.eus\/wp-content\/uploads\/2025\/11\/11-1-1068x712.jpg 1068w, https:\/\/www.lab.eus\/wp-content\/uploads\/2025\/11\/11-1-1920x1280.jpg 1920w\" sizes=\"auto, (max-width: 1024px) 100vw, 1024px\" \/><figcaption class=\"wp-element-caption\">Gasteiz<\/figcaption><\/figure>\n\n\n\n<figure class=\"wp-block-image size-large\"><img loading=\"lazy\" decoding=\"async\" width=\"1024\" height=\"683\" data-id=\"85369\" src=\"https:\/\/www.lab.eus\/wp-content\/uploads\/2025\/11\/12-1-1024x683.jpg\" alt=\"\" class=\"wp-image-85369\" srcset=\"https:\/\/www.lab.eus\/wp-content\/uploads\/2025\/11\/12-1-1024x683.jpg 1024w, https:\/\/www.lab.eus\/wp-content\/uploads\/2025\/11\/12-1-300x200.jpg 300w, https:\/\/www.lab.eus\/wp-content\/uploads\/2025\/11\/12-1-768x512.jpg 768w, https:\/\/www.lab.eus\/wp-content\/uploads\/2025\/11\/12-1-1536x1024.jpg 1536w, https:\/\/www.lab.eus\/wp-content\/uploads\/2025\/11\/12-1-2048x1365.jpg 2048w, https:\/\/www.lab.eus\/wp-content\/uploads\/2025\/11\/12-1-630x420.jpg 630w, https:\/\/www.lab.eus\/wp-content\/uploads\/2025\/11\/12-1-150x100.jpg 150w, https:\/\/www.lab.eus\/wp-content\/uploads\/2025\/11\/12-1-696x464.jpg 696w, https:\/\/www.lab.eus\/wp-content\/uploads\/2025\/11\/12-1-1068x712.jpg 1068w, https:\/\/www.lab.eus\/wp-content\/uploads\/2025\/11\/12-1-1920x1280.jpg 1920w\" sizes=\"auto, (max-width: 1024px) 100vw, 1024px\" \/><figcaption class=\"wp-element-caption\">Gasteiz<\/figcaption><\/figure>\n\n\n\n<figure class=\"wp-block-image size-large\"><img loading=\"lazy\" decoding=\"async\" width=\"1024\" height=\"683\" data-id=\"85400\" src=\"https:\/\/www.lab.eus\/wp-content\/uploads\/2025\/11\/13-1-1024x683.jpg\" alt=\"\" class=\"wp-image-85400\" srcset=\"https:\/\/www.lab.eus\/wp-content\/uploads\/2025\/11\/13-1-1024x683.jpg 1024w, https:\/\/www.lab.eus\/wp-content\/uploads\/2025\/11\/13-1-300x200.jpg 300w, https:\/\/www.lab.eus\/wp-content\/uploads\/2025\/11\/13-1-768x512.jpg 768w, https:\/\/www.lab.eus\/wp-content\/uploads\/2025\/11\/13-1-1536x1024.jpg 1536w, https:\/\/www.lab.eus\/wp-content\/uploads\/2025\/11\/13-1-2048x1365.jpg 2048w, https:\/\/www.lab.eus\/wp-content\/uploads\/2025\/11\/13-1-630x420.jpg 630w, https:\/\/www.lab.eus\/wp-content\/uploads\/2025\/11\/13-1-150x100.jpg 150w, https:\/\/www.lab.eus\/wp-content\/uploads\/2025\/11\/13-1-696x464.jpg 696w, https:\/\/www.lab.eus\/wp-content\/uploads\/2025\/11\/13-1-1068x712.jpg 1068w, https:\/\/www.lab.eus\/wp-content\/uploads\/2025\/11\/13-1-1920x1280.jpg 1920w\" sizes=\"auto, (max-width: 1024px) 100vw, 1024px\" \/><figcaption class=\"wp-element-caption\">Gasteiz<\/figcaption><\/figure>\n\n\n\n<figure class=\"wp-block-image size-large\"><img loading=\"lazy\" decoding=\"async\" width=\"1024\" height=\"683\" data-id=\"85367\" src=\"https:\/\/www.lab.eus\/wp-content\/uploads\/2025\/11\/14-1-1024x683.jpg\" alt=\"\" class=\"wp-image-85367\" srcset=\"https:\/\/www.lab.eus\/wp-content\/uploads\/2025\/11\/14-1-1024x683.jpg 1024w, https:\/\/www.lab.eus\/wp-content\/uploads\/2025\/11\/14-1-300x200.jpg 300w, https:\/\/www.lab.eus\/wp-content\/uploads\/2025\/11\/14-1-768x512.jpg 768w, https:\/\/www.lab.eus\/wp-content\/uploads\/2025\/11\/14-1-1536x1024.jpg 1536w, https:\/\/www.lab.eus\/wp-content\/uploads\/2025\/11\/14-1-2048x1365.jpg 2048w, https:\/\/www.lab.eus\/wp-content\/uploads\/2025\/11\/14-1-630x420.jpg 630w, https:\/\/www.lab.eus\/wp-content\/uploads\/2025\/11\/14-1-150x100.jpg 150w, https:\/\/www.lab.eus\/wp-content\/uploads\/2025\/11\/14-1-696x464.jpg 696w, https:\/\/www.lab.eus\/wp-content\/uploads\/2025\/11\/14-1-1068x712.jpg 1068w, https:\/\/www.lab.eus\/wp-content\/uploads\/2025\/11\/14-1-1920x1280.jpg 1920w\" sizes=\"auto, (max-width: 1024px) 100vw, 1024px\" \/><figcaption class=\"wp-element-caption\">Gasteiz<\/figcaption><\/figure>\n\n\n\n<figure class=\"wp-block-image size-large\"><img loading=\"lazy\" decoding=\"async\" width=\"1024\" height=\"683\" data-id=\"85370\" src=\"https:\/\/www.lab.eus\/wp-content\/uploads\/2025\/11\/15-1-1024x683.jpg\" alt=\"\" class=\"wp-image-85370\" srcset=\"https:\/\/www.lab.eus\/wp-content\/uploads\/2025\/11\/15-1-1024x683.jpg 1024w, https:\/\/www.lab.eus\/wp-content\/uploads\/2025\/11\/15-1-300x200.jpg 300w, https:\/\/www.lab.eus\/wp-content\/uploads\/2025\/11\/15-1-768x512.jpg 768w, https:\/\/www.lab.eus\/wp-content\/uploads\/2025\/11\/15-1-1536x1024.jpg 1536w, https:\/\/www.lab.eus\/wp-content\/uploads\/2025\/11\/15-1-2048x1365.jpg 2048w, https:\/\/www.lab.eus\/wp-content\/uploads\/2025\/11\/15-1-630x420.jpg 630w, https:\/\/www.lab.eus\/wp-content\/uploads\/2025\/11\/15-1-150x100.jpg 150w, https:\/\/www.lab.eus\/wp-content\/uploads\/2025\/11\/15-1-696x464.jpg 696w, https:\/\/www.lab.eus\/wp-content\/uploads\/2025\/11\/15-1-1068x712.jpg 1068w, https:\/\/www.lab.eus\/wp-content\/uploads\/2025\/11\/15-1-1920x1280.jpg 1920w\" sizes=\"auto, (max-width: 1024px) 100vw, 1024px\" \/><figcaption class=\"wp-element-caption\">Gasteiz<\/figcaption><\/figure>\n\n\n\n<figure class=\"wp-block-image size-large\"><img loading=\"lazy\" decoding=\"async\" width=\"1024\" height=\"683\" data-id=\"85406\" src=\"https:\/\/www.lab.eus\/wp-content\/uploads\/2025\/11\/16-1-1024x683.jpg\" alt=\"\" class=\"wp-image-85406\" srcset=\"https:\/\/www.lab.eus\/wp-content\/uploads\/2025\/11\/16-1-1024x683.jpg 1024w, https:\/\/www.lab.eus\/wp-content\/uploads\/2025\/11\/16-1-300x200.jpg 300w, https:\/\/www.lab.eus\/wp-content\/uploads\/2025\/11\/16-1-768x512.jpg 768w, https:\/\/www.lab.eus\/wp-content\/uploads\/2025\/11\/16-1-1536x1024.jpg 1536w, https:\/\/www.lab.eus\/wp-content\/uploads\/2025\/11\/16-1-2048x1365.jpg 2048w, https:\/\/www.lab.eus\/wp-content\/uploads\/2025\/11\/16-1-630x420.jpg 630w, https:\/\/www.lab.eus\/wp-content\/uploads\/2025\/11\/16-1-150x100.jpg 150w, https:\/\/www.lab.eus\/wp-content\/uploads\/2025\/11\/16-1-696x464.jpg 696w, https:\/\/www.lab.eus\/wp-content\/uploads\/2025\/11\/16-1-1068x712.jpg 1068w, https:\/\/www.lab.eus\/wp-content\/uploads\/2025\/11\/16-1-1920x1280.jpg 1920w\" sizes=\"auto, (max-width: 1024px) 100vw, 1024px\" \/><figcaption class=\"wp-element-caption\">Iru\u00f1ea<\/figcaption><\/figure>\n\n\n\n<figure class=\"wp-block-image size-large\"><img loading=\"lazy\" decoding=\"async\" width=\"1024\" height=\"683\" data-id=\"85394\" src=\"https:\/\/www.lab.eus\/wp-content\/uploads\/2025\/11\/17-1-1024x683.jpg\" alt=\"\" class=\"wp-image-85394\" srcset=\"https:\/\/www.lab.eus\/wp-content\/uploads\/2025\/11\/17-1-1024x683.jpg 1024w, https:\/\/www.lab.eus\/wp-content\/uploads\/2025\/11\/17-1-300x200.jpg 300w, https:\/\/www.lab.eus\/wp-content\/uploads\/2025\/11\/17-1-768x512.jpg 768w, https:\/\/www.lab.eus\/wp-content\/uploads\/2025\/11\/17-1-1536x1024.jpg 1536w, https:\/\/www.lab.eus\/wp-content\/uploads\/2025\/11\/17-1-2048x1365.jpg 2048w, https:\/\/www.lab.eus\/wp-content\/uploads\/2025\/11\/17-1-630x420.jpg 630w, https:\/\/www.lab.eus\/wp-content\/uploads\/2025\/11\/17-1-150x100.jpg 150w, https:\/\/www.lab.eus\/wp-content\/uploads\/2025\/11\/17-1-696x464.jpg 696w, https:\/\/www.lab.eus\/wp-content\/uploads\/2025\/11\/17-1-1068x712.jpg 1068w, https:\/\/www.lab.eus\/wp-content\/uploads\/2025\/11\/17-1-1920x1280.jpg 1920w\" sizes=\"auto, (max-width: 1024px) 100vw, 1024px\" \/><figcaption class=\"wp-element-caption\">Iru\u00f1ea<\/figcaption><\/figure>\n\n\n\n<figure class=\"wp-block-image size-large\"><img loading=\"lazy\" decoding=\"async\" width=\"1024\" height=\"683\" data-id=\"85397\" src=\"https:\/\/www.lab.eus\/wp-content\/uploads\/2025\/11\/18-1-1024x683.jpg\" alt=\"\" class=\"wp-image-85397\" srcset=\"https:\/\/www.lab.eus\/wp-content\/uploads\/2025\/11\/18-1-1024x683.jpg 1024w, https:\/\/www.lab.eus\/wp-content\/uploads\/2025\/11\/18-1-300x200.jpg 300w, https:\/\/www.lab.eus\/wp-content\/uploads\/2025\/11\/18-1-768x512.jpg 768w, https:\/\/www.lab.eus\/wp-content\/uploads\/2025\/11\/18-1-1536x1024.jpg 1536w, https:\/\/www.lab.eus\/wp-content\/uploads\/2025\/11\/18-1-2048x1365.jpg 2048w, https:\/\/www.lab.eus\/wp-content\/uploads\/2025\/11\/18-1-630x420.jpg 630w, https:\/\/www.lab.eus\/wp-content\/uploads\/2025\/11\/18-1-150x100.jpg 150w, https:\/\/www.lab.eus\/wp-content\/uploads\/2025\/11\/18-1-696x464.jpg 696w, https:\/\/www.lab.eus\/wp-content\/uploads\/2025\/11\/18-1-1068x712.jpg 1068w, https:\/\/www.lab.eus\/wp-content\/uploads\/2025\/11\/18-1-1920x1280.jpg 1920w\" sizes=\"auto, (max-width: 1024px) 100vw, 1024px\" \/><figcaption class=\"wp-element-caption\">Iru\u00f1ea<\/figcaption><\/figure>\n\n\n\n<figure class=\"wp-block-image size-large\"><img loading=\"lazy\" decoding=\"async\" width=\"1024\" height=\"683\" data-id=\"85391\" src=\"https:\/\/www.lab.eus\/wp-content\/uploads\/2025\/11\/19-1-1024x683.jpg\" alt=\"\" class=\"wp-image-85391\" srcset=\"https:\/\/www.lab.eus\/wp-content\/uploads\/2025\/11\/19-1-1024x683.jpg 1024w, https:\/\/www.lab.eus\/wp-content\/uploads\/2025\/11\/19-1-300x200.jpg 300w, https:\/\/www.lab.eus\/wp-content\/uploads\/2025\/11\/19-1-768x512.jpg 768w, https:\/\/www.lab.eus\/wp-content\/uploads\/2025\/11\/19-1-1536x1024.jpg 1536w, https:\/\/www.lab.eus\/wp-content\/uploads\/2025\/11\/19-1-2048x1366.jpg 2048w, https:\/\/www.lab.eus\/wp-content\/uploads\/2025\/11\/19-1-630x420.jpg 630w, https:\/\/www.lab.eus\/wp-content\/uploads\/2025\/11\/19-1-150x100.jpg 150w, https:\/\/www.lab.eus\/wp-content\/uploads\/2025\/11\/19-1-696x464.jpg 696w, https:\/\/www.lab.eus\/wp-content\/uploads\/2025\/11\/19-1-1068x712.jpg 1068w, https:\/\/www.lab.eus\/wp-content\/uploads\/2025\/11\/19-1-1920x1280.jpg 1920w\" sizes=\"auto, (max-width: 1024px) 100vw, 1024px\" \/><figcaption class=\"wp-element-caption\">Iru\u00f1ea<\/figcaption><\/figure>\n\n\n\n<figure class=\"wp-block-image size-large\"><img loading=\"lazy\" decoding=\"async\" width=\"1024\" height=\"683\" data-id=\"85382\" src=\"https:\/\/www.lab.eus\/wp-content\/uploads\/2025\/11\/20-1-1024x683.jpg\" alt=\"\" class=\"wp-image-85382\" srcset=\"https:\/\/www.lab.eus\/wp-content\/uploads\/2025\/11\/20-1-1024x683.jpg 1024w, https:\/\/www.lab.eus\/wp-content\/uploads\/2025\/11\/20-1-300x200.jpg 300w, https:\/\/www.lab.eus\/wp-content\/uploads\/2025\/11\/20-1-768x512.jpg 768w, https:\/\/www.lab.eus\/wp-content\/uploads\/2025\/11\/20-1-1536x1024.jpg 1536w, https:\/\/www.lab.eus\/wp-content\/uploads\/2025\/11\/20-1-2048x1365.jpg 2048w, https:\/\/www.lab.eus\/wp-content\/uploads\/2025\/11\/20-1-630x420.jpg 630w, https:\/\/www.lab.eus\/wp-content\/uploads\/2025\/11\/20-1-150x100.jpg 150w, https:\/\/www.lab.eus\/wp-content\/uploads\/2025\/11\/20-1-696x464.jpg 696w, https:\/\/www.lab.eus\/wp-content\/uploads\/2025\/11\/20-1-1068x712.jpg 1068w, https:\/\/www.lab.eus\/wp-content\/uploads\/2025\/11\/20-1-1920x1280.jpg 1920w\" sizes=\"auto, (max-width: 1024px) 100vw, 1024px\" \/><figcaption class=\"wp-element-caption\">Iru\u00f1ea<\/figcaption><\/figure>\n<\/figure>\n","protected":false},"excerpt":{"rendered":"<p>No se recogen medidas de corresponsabilidad en el reparto de las tareas de cuidado, ni de dignificaci\u00f3n de las condiciones de trabajo y vida de las personas trabajadoras de cuidados, ni decisiones pol\u00edticas para la constituci\u00f3n de un sistema p\u00fablico de cuidados comunitario.<\/p>\n","protected":false},"author":1191,"featured_media":85278,"comment_status":"closed","ping_status":"closed","sticky":false,"template":"","format":"video","meta":{"_monsterinsights_skip_tracking":false,"_monsterinsights_sitenote_active":false,"_monsterinsights_sitenote_note":"","_monsterinsights_sitenote_category":0,"footnotes":"","_links_to":"","_links_to_target":""},"categories":[18,2867,3281,2973,6,3283],"tags":[3033,3279],"class_list":{"0":"post-85273","1":"post","2":"type-post","3":"status-publish","4":"format-video","5":"has-post-thumbnail","7":"category-es-accion-sindical","8":"category-federaciones","9":"category-secretaria-feminista","10":"category-secretarias","11":"category-es-servicios-publicos","12":"category-sin-categorizar","13":"tag-accion-sindical-es","14":"tag-portada-es","15":"post_format-post-format-video"},"_links":{"self":[{"href":"https:\/\/www.lab.eus\/es\/wp-json\/wp\/v2\/posts\/85273","targetHints":{"allow":["GET"]}}],"collection":[{"href":"https:\/\/www.lab.eus\/es\/wp-json\/wp\/v2\/posts"}],"about":[{"href":"https:\/\/www.lab.eus\/es\/wp-json\/wp\/v2\/types\/post"}],"author":[{"embeddable":true,"href":"https:\/\/www.lab.eus\/es\/wp-json\/wp\/v2\/users\/1191"}],"replies":[{"embeddable":true,"href":"https:\/\/www.lab.eus\/es\/wp-json\/wp\/v2\/comments?post=85273"}],"version-history":[{"count":3,"href":"https:\/\/www.lab.eus\/es\/wp-json\/wp\/v2\/posts\/85273\/revisions"}],"predecessor-version":[{"id":85411,"href":"https:\/\/www.lab.eus\/es\/wp-json\/wp\/v2\/posts\/85273\/revisions\/85411"}],"wp:featuredmedia":[{"embeddable":true,"href":"https:\/\/www.lab.eus\/es\/wp-json\/wp\/v2\/media\/85278"}],"wp:attachment":[{"href":"https:\/\/www.lab.eus\/es\/wp-json\/wp\/v2\/media?parent=85273"}],"wp:term":[{"taxonomy":"category","embeddable":true,"href":"https:\/\/www.lab.eus\/es\/wp-json\/wp\/v2\/categories?post=85273"},{"taxonomy":"post_tag","embeddable":true,"href":"https:\/\/www.lab.eus\/es\/wp-json\/wp\/v2\/tags?post=85273"}],"curies":[{"name":"wp","href":"https:\/\/api.w.org\/{rel}","templated":true}]}}