{"id":85266,"date":"2025-11-06T09:53:16","date_gmt":"2025-11-06T09:53:16","guid":{"rendered":"https:\/\/www.lab.eus\/?p=85266"},"modified":"2025-11-06T09:56:12","modified_gmt":"2025-11-06T09:56:12","slug":"4-trabajadores-de-sidenor-de-gasteiz-han-sido-despedidospor-reivindicar-sus-derechos","status":"publish","type":"post","link":"https:\/\/www.lab.eus\/es\/4-trabajadores-de-sidenor-de-gasteiz-han-sido-despedidospor-reivindicar-sus-derechos\/","title":{"rendered":"4 trabajadores de Sidenor de Gasteiz han sido despedidos por reivindicar sus derechos"},"content":{"rendered":"\n<p><strong>LAB denuncia la actitud de la empresa y exige la readmisi\u00f3n de los despedidos.<\/strong><\/p>\n\n\n\n<p>Hace unos d\u00edas LAB manifestaba que algunos trabajadores de la empresa Sidenor de Gasteiz estaban en riesgo de despido por reivindicar sus derechos. Como dijimos, estos cuatro trabajadores, entendiendo que estaban realizando funciones sobre su categor\u00eda, comenzaron a percibir en enero un plus que se consolid\u00f3 despu\u00e9s de 6 meses.<\/p>\n\n\n\n<p>Pues bien, en agosto dejaron de pagar, en septiembre se quit\u00f3 la misma y a principios de octubre se les notific\u00f3 que se lo descontar\u00edan de la n\u00f3mina. Pero el asunto no acabo as\u00ed, y la empresa les abri\u00f3 expediente la semana pasada, y ahora han sido despedidos.<\/p>\n\n\n\n<p>Esto es inaceptable. Los trabajadores han adoptado los cauces habituales para que se cumplan sus derechos y la direcci\u00f3n de la empresa, desde Basauri, ha ordenado su despido. Esta actitud, adem\u00e1s de antisindical y antidemocr\u00e1tica, significa romper todas las reglas b\u00e1sicas de juego. \u00bfLas y Los trabajadores tienen que aceptar cualquier vulneraci\u00f3n? \u00bfEs que no pueden reclamar nada que les corresponda? La empresa en conscientes de la situaci\u00f3n desde enero, al menos en Gasteiz. La decisi\u00f3n de despido es absolutamente desproporcionada.<\/p>\n\n\n\n<p>El mandatario de la empresa que est\u00e1 siendo investigado por colaborar con el genocidio, que esta semana ha entrado en la lista de las personas m\u00e1s ricas de Euskal Herria, ha hecho de su riqueza a expensas de los derechos laborales de las personas trabajadoras. \u00bfHasta cu\u00e1ndo van a seguir justificando desde el Gobierno Vasco a este personaje? Es evidente c\u00f3mo ha logrado amasar esa fortuna.<\/p>\n\n\n\n<p>LAB tiene claro que hay que responder a trav\u00e9s de la acci\u00f3n sindical. Los despedidos deben ser readmitidos y debe cesar el acoso sindical. En el seno del Comit\u00e9, en colaboraci\u00f3n, LAB propondr\u00e1 una respuesta proporcionada a lo ocurrido.<\/p>\n","protected":false},"excerpt":{"rendered":"<p>LAB denuncia la actitud de la empresa y exige la readmisi\u00f3n de los despedidos.<\/p>\n","protected":false},"author":1191,"featured_media":79700,"comment_status":"closed","ping_status":"closed","sticky":false,"template":"","format":"standard","meta":{"_monsterinsights_skip_tracking":false,"_monsterinsights_sitenote_active":false,"_monsterinsights_sitenote_note":"","_monsterinsights_sitenote_category":0,"footnotes":"","_links_to":"","_links_to_target":""},"categories":[18,2867,2868,3283],"tags":[3033,3178,2996],"class_list":{"0":"post-85266","1":"post","2":"type-post","3":"status-publish","4":"format-standard","5":"has-post-thumbnail","7":"category-es-accion-sindical","8":"category-federaciones","9":"category-industria-es","10":"category-sin-categorizar","11":"tag-accion-sindical-es","12":"tag-destacado-1","13":"tag-industria-es"},"_links":{"self":[{"href":"https:\/\/www.lab.eus\/es\/wp-json\/wp\/v2\/posts\/85266","targetHints":{"allow":["GET"]}}],"collection":[{"href":"https:\/\/www.lab.eus\/es\/wp-json\/wp\/v2\/posts"}],"about":[{"href":"https:\/\/www.lab.eus\/es\/wp-json\/wp\/v2\/types\/post"}],"author":[{"embeddable":true,"href":"https:\/\/www.lab.eus\/es\/wp-json\/wp\/v2\/users\/1191"}],"replies":[{"embeddable":true,"href":"https:\/\/www.lab.eus\/es\/wp-json\/wp\/v2\/comments?post=85266"}],"version-history":[{"count":2,"href":"https:\/\/www.lab.eus\/es\/wp-json\/wp\/v2\/posts\/85266\/revisions"}],"predecessor-version":[{"id":85268,"href":"https:\/\/www.lab.eus\/es\/wp-json\/wp\/v2\/posts\/85266\/revisions\/85268"}],"wp:featuredmedia":[{"embeddable":true,"href":"https:\/\/www.lab.eus\/es\/wp-json\/wp\/v2\/media\/79700"}],"wp:attachment":[{"href":"https:\/\/www.lab.eus\/es\/wp-json\/wp\/v2\/media?parent=85266"}],"wp:term":[{"taxonomy":"category","embeddable":true,"href":"https:\/\/www.lab.eus\/es\/wp-json\/wp\/v2\/categories?post=85266"},{"taxonomy":"post_tag","embeddable":true,"href":"https:\/\/www.lab.eus\/es\/wp-json\/wp\/v2\/tags?post=85266"}],"curies":[{"name":"wp","href":"https:\/\/api.w.org\/{rel}","templated":true}]}}