{"id":85261,"date":"2025-11-06T09:20:39","date_gmt":"2025-11-06T09:20:39","guid":{"rendered":"https:\/\/www.lab.eus\/?p=85261"},"modified":"2025-11-06T09:20:42","modified_gmt":"2025-11-06T09:20:42","slug":"la-plantilla-de-fibertecnic-decide-ir-a-huelga-indefinida","status":"publish","type":"post","link":"https:\/\/www.lab.eus\/es\/la-plantilla-de-fibertecnic-decide-ir-a-huelga-indefinida\/","title":{"rendered":"La plantilla de Fibertecnic decide ir a huelga indefinida"},"content":{"rendered":"\n<p><strong>A partir del lunes, d\u00eda 10, comenzar\u00e1 la huelga indefinida, precidida de 7 d\u00edas de huelgas.<\/strong><\/p>\n\n\n\n<p>La asamblea celebrada el d\u00eda de ayer ha dejado claro que la plantilla est\u00e1 dispuesta a subir el tono en la lucha por sus condiciones de trabajo. As\u00ed, se ha rechazado la \u00faltima propuesta de la empresa y se ha dado luz verde a comenzar con huelga indefinida a partir de la semana que viene.<\/p>\n\n\n\n<p>El comit\u00e9, en un ejercicio de responsabilidad, traslad\u00f3 a la empresa una propuesta la semana pasada. Pero esta respondi\u00f3 con otra propuesta final, que no cumpl\u00eda con las exigencias de la plantilla.<\/p>\n\n\n\n<p>Desde LAB creemos que el convocar una huelga indefinida no es solo no acudir a trabajar, sino que esta debe estar acompa\u00f1ada de un ciclo de movilizaciones acorde con el paso dado por la plantilla. Y es por eso que hemos puesto encima de la mesa toda una bater\u00eda de propuestas. Desde mociones en las otras empresas del grupo Aernnova, como trasladar la movilizaci\u00f3n a las puertas de los responsables de esta negociaci\u00f3n. As\u00ed pues, tambi\u00e9n creemos que hay que trasladar la protesta a las instituciones, puesto que p\u00fablicamente han comunicado el inter\u00e9s del Gobierno Vasco de entrar en Aernnova. Lo volvemos a repetir: no vale con regar con dinero p\u00fablico al sector privado sin condicionamiento alguno. El empleo de calidad que defienden est\u00e1 en que las plantillas tengan las condiciones de trabajo que necesitan y se merecen.<\/p>\n\n\n\n<p>Durante los pr\u00f3ximos d\u00edas, la plantilla de Fibertecnic elevar\u00e1 la intensidad de la protesta. Esperamos que la empresa rectifique y ponga encima de la mesa los contenidos necesarios para desbloquear el conflicto.<\/p>\n","protected":false},"excerpt":{"rendered":"<p>A partir del lunes, d\u00eda 10, comenzar\u00e1 la huelga indefinida, precidida de 7 d\u00edas de huelgas.<\/p>\n","protected":false},"author":1191,"featured_media":85257,"comment_status":"closed","ping_status":"closed","sticky":false,"template":"","format":"standard","meta":{"_monsterinsights_skip_tracking":false,"_monsterinsights_sitenote_active":false,"_monsterinsights_sitenote_note":"","_monsterinsights_sitenote_category":0,"footnotes":"","_links_to":"","_links_to_target":""},"categories":[18,2868],"tags":[3033,3178,2996],"class_list":{"0":"post-85261","1":"post","2":"type-post","3":"status-publish","4":"format-standard","5":"has-post-thumbnail","7":"category-es-accion-sindical","8":"category-industria-es","9":"tag-accion-sindical-es","10":"tag-destacado-1","11":"tag-industria-es"},"_links":{"self":[{"href":"https:\/\/www.lab.eus\/es\/wp-json\/wp\/v2\/posts\/85261","targetHints":{"allow":["GET"]}}],"collection":[{"href":"https:\/\/www.lab.eus\/es\/wp-json\/wp\/v2\/posts"}],"about":[{"href":"https:\/\/www.lab.eus\/es\/wp-json\/wp\/v2\/types\/post"}],"author":[{"embeddable":true,"href":"https:\/\/www.lab.eus\/es\/wp-json\/wp\/v2\/users\/1191"}],"replies":[{"embeddable":true,"href":"https:\/\/www.lab.eus\/es\/wp-json\/wp\/v2\/comments?post=85261"}],"version-history":[{"count":1,"href":"https:\/\/www.lab.eus\/es\/wp-json\/wp\/v2\/posts\/85261\/revisions"}],"predecessor-version":[{"id":85262,"href":"https:\/\/www.lab.eus\/es\/wp-json\/wp\/v2\/posts\/85261\/revisions\/85262"}],"wp:featuredmedia":[{"embeddable":true,"href":"https:\/\/www.lab.eus\/es\/wp-json\/wp\/v2\/media\/85257"}],"wp:attachment":[{"href":"https:\/\/www.lab.eus\/es\/wp-json\/wp\/v2\/media?parent=85261"}],"wp:term":[{"taxonomy":"category","embeddable":true,"href":"https:\/\/www.lab.eus\/es\/wp-json\/wp\/v2\/categories?post=85261"},{"taxonomy":"post_tag","embeddable":true,"href":"https:\/\/www.lab.eus\/es\/wp-json\/wp\/v2\/tags?post=85261"}],"curies":[{"name":"wp","href":"https:\/\/api.w.org\/{rel}","templated":true}]}}