{"id":85219,"date":"2025-11-04T11:48:12","date_gmt":"2025-11-04T11:48:12","guid":{"rendered":"https:\/\/www.lab.eus\/?p=85219"},"modified":"2025-11-04T11:48:15","modified_gmt":"2025-11-04T11:48:15","slug":"las-y-los-trabajadores-de-residencias-de-mayores-y-viviendas-comunitarias-de-alava-en-huelga","status":"publish","type":"post","link":"https:\/\/www.lab.eus\/es\/las-y-los-trabajadores-de-residencias-de-mayores-y-viviendas-comunitarias-de-alava-en-huelga\/","title":{"rendered":"Las y los trabajadores de Residencias de Mayores y Viviendas Comunitarias de \u00c1lava en huelga"},"content":{"rendered":"\n<p><strong>Las trabajadoras de las residencias para personas mayores y viviendas comunitarias en Araba han salido nuevamente a la calle hoy 4 de noviembre y lo haran tambien ma\u00f1ana dia 5, a traves de sendas convocatorias de huelga, respondiendo al llamado de LAB y otros sindicatos.<\/strong><\/p>\n\n\n\n<p>Han pasado seis a\u00f1os desde que las trabajadoras de Residencias de Mayores y Viviendas Comunitarias en \u00c1lava iniciamos nuestra lucha para conseguir el Primer Convenio Provincial para nuestro sector.&nbsp;<\/p>\n\n\n\n<p>Durante este tiempo, la pr\u00e1ctica desarrollada por la patronal ha respondido a una clara estrategia de desgaste y frustraci\u00f3n de las personas trabajadoras, reiterando las mismas propuestas una y otra vez, con movimientos totalmente insustanciales en cuanto a mejora de las condiciones laborales en el sector y una manifiesta actitud de desden hacia la labor esencial que las personas trabajadoras desarrollamos en nuestros centros de trabajo.&nbsp;<\/p>\n\n\n\n<p>Desde LAB queremos denunciar la grave falta de responsabilidad que supone mantener las actuales condiciones del sector, condiciones que dificultan de manera alarmante la posibilidad de ofrecer unos cuidados de calidad.<\/p>\n\n\n\n<p>Denunciamos asi mismo que la perpetuaci\u00f3n de esta situaci\u00f3n de maltrato institucional, tanto hacia las personas trabajadoras como hacia las personas que habitan en las residencias y viviendas comunitarias en Araba, solo es posible gracias al pleno apoyo del Gobierno Foral compuesto por PNV y PSE.<\/p>\n\n\n\n<p>Nos encontramos en un punto de inflexi\u00f3n ante la creciente privatizaci\u00f3n y consiguiente precarizaci\u00f3n de los servicios p\u00fablicos.&nbsp;<\/p>\n\n\n\n<p>Los diversos conflictos que se estan produciendo en muchas empresas de toda la provincia en los \u00faltimos meses, y particularmente en Gasteiz, como consecuencia de la incompetencia o la complicidad de las Instituciones mencionadas, ponen de manifiesto la necesidad de luchar y unirse en contra de las consecuencias de esta estrategia de privatizaci\u00f3n y en favor de un proceso de publificaci\u00f3n que garantice los derechos y dignifique las vidas de las personas implicadas.<\/p>\n\n\n\n<p>Las trabajadoras agrupadas en LAB queremos lanzar un claro mensaje a la patronal compuesta por GESCA Euskadi, LARES y ACRA\/ AEZE y tambien a las instituciones involucradas en este sin sentido: no hemos cedido y no cederemos, seguiremos luchando incansables por la consecuci\u00f3n de un convenio provincial que acabe con la precariedad del sector. Y lo hacemos simplemente porque no es posible vivir en Alava en el a\u00f1o 2025 con jornadas interminables y horarios imposibles por 1.000 euros al mes.&nbsp;<\/p>\n\n\n\n<p>Esta determinacion mostrada por las trabajadoras del sindicato LAB es la que ha posibilitado abrir una brecha en el muro patronal-institucional. Es la que est\u00e1 permitiendo profundizar y avanzar en las negociaciones durante las ultimas semanas. Continuaremos negociando y continuaremos movilizandonos hasta conseguir lo que es nuestro.&nbsp;<\/p>\n","protected":false},"excerpt":{"rendered":"<p>Las trabajadoras de las residencias para personas mayores y viviendas comunitarias en Araba han salido nuevamente a la calle hoy 4 de noviembre y lo haran tambien ma\u00f1ana dia 5, a traves de sendas convocatorias de huelga, respondiendo al llamado de LAB y otros sindicatos. Han pasado seis a\u00f1os desde que las trabajadoras de Residencias [&hellip;]<\/p>\n","protected":false},"author":1191,"featured_media":85217,"comment_status":"closed","ping_status":"closed","sticky":false,"template":"","format":"standard","meta":{"_monsterinsights_skip_tracking":false,"_monsterinsights_sitenote_active":false,"_monsterinsights_sitenote_note":"","_monsterinsights_sitenote_category":0,"footnotes":"","_links_to":"","_links_to_target":""},"categories":[18,2961,3000],"tags":[3033,3178,3273,3217],"class_list":{"0":"post-85219","1":"post","2":"type-post","3":"status-publish","4":"format-standard","5":"has-post-thumbnail","7":"category-es-accion-sindical","8":"category-residencias-personas-mayores","9":"category-servicio-sociocomunitario","10":"tag-accion-sindical-es","11":"tag-destacado-1","12":"tag-residencia-de-mayores","13":"tag-servicios-sociocomunitarios"},"_links":{"self":[{"href":"https:\/\/www.lab.eus\/es\/wp-json\/wp\/v2\/posts\/85219","targetHints":{"allow":["GET"]}}],"collection":[{"href":"https:\/\/www.lab.eus\/es\/wp-json\/wp\/v2\/posts"}],"about":[{"href":"https:\/\/www.lab.eus\/es\/wp-json\/wp\/v2\/types\/post"}],"author":[{"embeddable":true,"href":"https:\/\/www.lab.eus\/es\/wp-json\/wp\/v2\/users\/1191"}],"replies":[{"embeddable":true,"href":"https:\/\/www.lab.eus\/es\/wp-json\/wp\/v2\/comments?post=85219"}],"version-history":[{"count":1,"href":"https:\/\/www.lab.eus\/es\/wp-json\/wp\/v2\/posts\/85219\/revisions"}],"predecessor-version":[{"id":85220,"href":"https:\/\/www.lab.eus\/es\/wp-json\/wp\/v2\/posts\/85219\/revisions\/85220"}],"wp:featuredmedia":[{"embeddable":true,"href":"https:\/\/www.lab.eus\/es\/wp-json\/wp\/v2\/media\/85217"}],"wp:attachment":[{"href":"https:\/\/www.lab.eus\/es\/wp-json\/wp\/v2\/media?parent=85219"}],"wp:term":[{"taxonomy":"category","embeddable":true,"href":"https:\/\/www.lab.eus\/es\/wp-json\/wp\/v2\/categories?post=85219"},{"taxonomy":"post_tag","embeddable":true,"href":"https:\/\/www.lab.eus\/es\/wp-json\/wp\/v2\/tags?post=85219"}],"curies":[{"name":"wp","href":"https:\/\/api.w.org\/{rel}","templated":true}]}}