{"id":85196,"date":"2025-11-04T09:16:51","date_gmt":"2025-11-04T09:16:51","guid":{"rendered":"https:\/\/www.lab.eus\/?p=85196"},"modified":"2025-11-04T09:16:54","modified_gmt":"2025-11-04T09:16:54","slug":"sidenor-gasteiz-basta-de-sanciones-y-mentiras","status":"publish","type":"post","link":"https:\/\/www.lab.eus\/es\/sidenor-gasteiz-basta-de-sanciones-y-mentiras\/","title":{"rendered":"Sidenor gasteiz: Basta de sanciones y mentiras"},"content":{"rendered":"\n<p><strong>La empresa abre expediente y amenaza con despedir a 4 personas por reclamar una categor\u00eda superior.<\/strong><\/p>\n\n\n\n<p>El \u00faltimo movimiento que la empresa Sidenor de Gasteiz ha realizado contra los trabajadores de la secci\u00f3n de mantenimiento hidr\u00e1ulico roza la dictadura. Las personas trabajadoras de esta secci\u00f3n, al sentirse discriminadas y agraviadas respecto a otros compa\u00f1eros y compa\u00f1eras que realizan labores de mantenimiento en otras secciones de la empresa, solicitaron a finales del a\u00f1o 2024 un cambio de nivel, para que se les reconociera esas funciones que hac\u00edan por encima de su nivel reconocido.<\/p>\n\n\n\n<p>As\u00ed, entre los meses de enero a julio, los afectados por este caso recibieron en su n\u00f3mina la cantidad correspondiente. Pero cuando dicho grado qued\u00f3 consolidado, en agosto no se abon\u00f3, y en septiembre se recibi\u00f3 una carta desde Basauri que no solo no reconociendo el cambio de grado y revoc\u00e1ndolo, sino adem\u00e1s amenazando con que sanciones por haber optado a ello.<\/p>\n\n\n\n<p>Tras ello, a principios de octubre, los afectados por esta situaci\u00f3n recibieron otra comunicaci\u00f3n avisando de que en la n\u00f3mina de octubre iban a descontar todo lo que seg\u00fan la empresa no se deb\u00eda de haber abonado. Y reiteraba en la posible represalia, en un tono a\u00fan m\u00e1s duro. Es por ello, que algunos de los afectados acudieron a los servicios jur\u00eddicos de sus respectivos sindicatos para procedes a demandar esta actuaci\u00f3n. Por entender que la categor\u00eda se deb\u00eda de reconocer, y que hab\u00eda quedado consolidado. Ya les han descontado esa cantidad sin haber mediado palabra.<\/p>\n\n\n\n<p>Pues bien, la empresa ha decidido que abre expediente a estas personas, y estamos a la espera de saber si al final materializa la amenaza. Es completamente inaceptable. No podemos tolerar que una persona, por el simple hecho de que haya decidido reclamar su categor\u00eda, se encuentre amenazado de sanci\u00f3n, o incluso despido. La direcci\u00f3n de Gasteiz era conocedora de esta reclamaci\u00f3n desde enero, puesto que as\u00ed se estaba abonando. No sabemos si estamos ante una guerra interna entre Gasteiz y Basauri, pero desde luego que no vamos a quedarnos esperando a ver qu\u00e9 ocurre.&nbsp;<\/p>\n\n\n\n<p>Ya va siendo hora que aquellos que tan fan\u00e1ticamente est\u00e1n loando el buen hacer de Sidenor, se quiten la venda los ojos y empiecen a ver la realidad: una empresa que ha podido haber estado colaborando con un genocidio, y que no tiene el m\u00e1s m\u00ednimo reparo en abrir expedientes, amenazar con sanciones e incluso despidos, por el simple hecho de que su plantilla reclame sus derechos. Reclamaciones que, repetimos, se han realizado por los cauces internos y se han judicializado tal cual dice la norma. Esto es persecuci\u00f3n sindical.&nbsp;<\/p>\n","protected":false},"excerpt":{"rendered":"<p>La empresa abre expediente y amenaza con despedir a 4 personas por reclamar una categor\u00eda superior. El \u00faltimo movimiento que la empresa Sidenor de Gasteiz ha realizado contra los trabajadores de la secci\u00f3n de mantenimiento hidr\u00e1ulico roza la dictadura. Las personas trabajadoras de esta secci\u00f3n, al sentirse discriminadas y agraviadas respecto a otros compa\u00f1eros y [&hellip;]<\/p>\n","protected":false},"author":1191,"featured_media":78576,"comment_status":"closed","ping_status":"closed","sticky":false,"template":"","format":"standard","meta":{"_monsterinsights_skip_tracking":false,"_monsterinsights_sitenote_active":false,"_monsterinsights_sitenote_note":"","_monsterinsights_sitenote_category":0,"footnotes":"","_links_to":"","_links_to_target":""},"categories":[18,2868],"tags":[3033,3178,2996],"class_list":{"0":"post-85196","1":"post","2":"type-post","3":"status-publish","4":"format-standard","5":"has-post-thumbnail","7":"category-es-accion-sindical","8":"category-industria-es","9":"tag-accion-sindical-es","10":"tag-destacado-1","11":"tag-industria-es"},"_links":{"self":[{"href":"https:\/\/www.lab.eus\/es\/wp-json\/wp\/v2\/posts\/85196","targetHints":{"allow":["GET"]}}],"collection":[{"href":"https:\/\/www.lab.eus\/es\/wp-json\/wp\/v2\/posts"}],"about":[{"href":"https:\/\/www.lab.eus\/es\/wp-json\/wp\/v2\/types\/post"}],"author":[{"embeddable":true,"href":"https:\/\/www.lab.eus\/es\/wp-json\/wp\/v2\/users\/1191"}],"replies":[{"embeddable":true,"href":"https:\/\/www.lab.eus\/es\/wp-json\/wp\/v2\/comments?post=85196"}],"version-history":[{"count":1,"href":"https:\/\/www.lab.eus\/es\/wp-json\/wp\/v2\/posts\/85196\/revisions"}],"predecessor-version":[{"id":85197,"href":"https:\/\/www.lab.eus\/es\/wp-json\/wp\/v2\/posts\/85196\/revisions\/85197"}],"wp:featuredmedia":[{"embeddable":true,"href":"https:\/\/www.lab.eus\/es\/wp-json\/wp\/v2\/media\/78576"}],"wp:attachment":[{"href":"https:\/\/www.lab.eus\/es\/wp-json\/wp\/v2\/media?parent=85196"}],"wp:term":[{"taxonomy":"category","embeddable":true,"href":"https:\/\/www.lab.eus\/es\/wp-json\/wp\/v2\/categories?post=85196"},{"taxonomy":"post_tag","embeddable":true,"href":"https:\/\/www.lab.eus\/es\/wp-json\/wp\/v2\/tags?post=85196"}],"curies":[{"name":"wp","href":"https:\/\/api.w.org\/{rel}","templated":true}]}}