{"id":85183,"date":"2025-11-03T11:03:47","date_gmt":"2025-11-03T11:03:47","guid":{"rendered":"https:\/\/www.lab.eus\/?p=85183"},"modified":"2025-11-03T11:03:50","modified_gmt":"2025-11-03T11:03:50","slug":"los-sindicatos-protestaran-ante-las-sedes-del-gobierno-vasco-pnv-y-pse-ee-por-un-salario-minimo-propio","status":"publish","type":"post","link":"https:\/\/www.lab.eus\/es\/los-sindicatos-protestaran-ante-las-sedes-del-gobierno-vasco-pnv-y-pse-ee-por-un-salario-minimo-propio\/","title":{"rendered":"Los sindicatos protestar\u00e1n ante las sedes del Gobierno Vasco, PNV y PSE-EE por un salario m\u00ednimo propio"},"content":{"rendered":"\n<p><strong>Los sindicatos ELA, LAB, ESK, Steilas, HIRU y Etxalde se manifestar\u00e1n el pr\u00f3ximo 12 de noviembre en Bilbao, empezando desde la delegaci\u00f3n del Gobierno Vasco, siguiendo por la sede del PSE-EE para acabar ante Sabin Etxea, sede central del PNV, para reclamar que se admita a tr\u00e1mite la iniciativa legislativa popular por el salario m\u00ednimo y se debata en el Parlamento Vasco\u00a0<\/strong><\/p>\n\n\n\n<p>PNV y PSE-EE han hecho p\u00fablica su posici\u00f3n contraria al salario m\u00ednimo; los sindicatos consideran que constituye un m\u00ednimo democr\u00e1tico la posibilidad de debatir una iniciativa popular que viene respaldada por 138.495 firmas&nbsp;<\/p>\n\n\n\n<p>Los sindicatos ELA, LAB, ESK, Steilas, HIRU y Etxalde se manifestar\u00e1n el pr\u00f3ximo 12 de noviembre para demandar a PNV y PSE-EE que admitan para su debate en pleno la ILP por el salario m\u00ednimo. La manifestaci\u00f3n se desarrollar\u00e1 en Bilbao; partir\u00e1 a las 11:30 horas desde la sede del Gobierno Vasco (Gran V\u00eda), pasar\u00e1 por la del PSE-EE (Alameda Rekalde) y concluir\u00e1 ante Sabin Etxea, bajo el lema \u2018EAJ-PSE-Confebask, pobreziaren errudunak; SMI vasco ya!\u2019.<\/p>\n\n\n\n<p>Hay que recordar que el PNV hizo p\u00fablica ex profeso su posici\u00f3n contraria a la ILP por el salario m\u00ednimo. Este partido defiende que deber\u00eda reivindicarse la competencia plena en torno al salario m\u00ednimo, sin intervenci\u00f3n alguna del estado, y que la iniciativa sindical no se ajusta a esa ambici\u00f3n. Posteriormente el Gobierno Vasco dio a conocer su informe negativo sobre la ILP porque los sindicatos reclaman la competencia plena, existe el riesgo de romper la unidad de mercado de Espa\u00f1a y la materia del salario m\u00ednimo exige el consenso con la patronal.&nbsp;<\/p>\n\n\n\n<p>En el fondo, el PNV y el PSE-EE, al igual que han actuado con el movimiento de pensionistas, est\u00e1n indicando que pueden cometer un fraude democr\u00e1tico. Han sido 138.495 las trabajadoras y trabajadores que han demandado que el salario m\u00ednimo sea fijado en Hegoalde, y constituye un m\u00ednimo democr\u00e1tico que la reivindicaci\u00f3n de estas ciudadanas y ciudadanos sea debatida. Las ILPs son el mecanismo democr\u00e1tico de que dispone la ciudadan\u00eda para hacer pol\u00edtica; negar el debate supondr\u00eda un fraude absoluto y reflejar\u00eda una visi\u00f3n elitista y autoritaria de la pol\u00edtica.&nbsp;<\/p>\n\n\n\n<p>El PNV y el PSE-EE est\u00e1n a tiempo de atender la reclamaci\u00f3n ciudadana y admitir a tr\u00e1mite en el pleno del Parlamento Vasco la ILP por el salario m\u00ednimo para su debate. A continuaci\u00f3n cada fuerza pol\u00edtica puede poner sobre la mesa sus reivindicaciones, pero no es de recibo que se hurte el debate en s\u00ed. Los sindicatos est\u00e1n dispuestos a discutir las aportaciones de los partidos en el Parlamento; ser\u00eda incomprensible que los partidos diesen la espalda a esa disposici\u00f3n a negociar.&nbsp;<\/p>\n","protected":false},"excerpt":{"rendered":"<p>Los sindicatos ELA, LAB, ESK, Steilas, HIRU y Etxalde se manifestar\u00e1n el pr\u00f3ximo 12 de noviembre en Bilbao, empezando desde la delegaci\u00f3n del Gobierno Vasco, siguiendo por la sede del PSE-EE para acabar ante Sabin Etxea, sede central del PNV, para reclamar que se admita a tr\u00e1mite la iniciativa legislativa popular por el salario m\u00ednimo [&hellip;]<\/p>\n","protected":false},"author":1191,"featured_media":85181,"comment_status":"closed","ping_status":"closed","sticky":false,"template":"","format":"standard","meta":{"_monsterinsights_skip_tracking":false,"_monsterinsights_sitenote_active":false,"_monsterinsights_sitenote_note":"","_monsterinsights_sitenote_category":0,"footnotes":"","_links_to":"","_links_to_target":""},"categories":[18],"tags":[3033,3279,5362],"class_list":{"0":"post-85183","1":"post","2":"type-post","3":"status-publish","4":"format-standard","5":"has-post-thumbnail","7":"category-es-accion-sindical","8":"tag-accion-sindical-es","9":"tag-portada-es","10":"tag-smi-es-3"},"_links":{"self":[{"href":"https:\/\/www.lab.eus\/es\/wp-json\/wp\/v2\/posts\/85183","targetHints":{"allow":["GET"]}}],"collection":[{"href":"https:\/\/www.lab.eus\/es\/wp-json\/wp\/v2\/posts"}],"about":[{"href":"https:\/\/www.lab.eus\/es\/wp-json\/wp\/v2\/types\/post"}],"author":[{"embeddable":true,"href":"https:\/\/www.lab.eus\/es\/wp-json\/wp\/v2\/users\/1191"}],"replies":[{"embeddable":true,"href":"https:\/\/www.lab.eus\/es\/wp-json\/wp\/v2\/comments?post=85183"}],"version-history":[{"count":2,"href":"https:\/\/www.lab.eus\/es\/wp-json\/wp\/v2\/posts\/85183\/revisions"}],"predecessor-version":[{"id":85186,"href":"https:\/\/www.lab.eus\/es\/wp-json\/wp\/v2\/posts\/85183\/revisions\/85186"}],"wp:featuredmedia":[{"embeddable":true,"href":"https:\/\/www.lab.eus\/es\/wp-json\/wp\/v2\/media\/85181"}],"wp:attachment":[{"href":"https:\/\/www.lab.eus\/es\/wp-json\/wp\/v2\/media?parent=85183"}],"wp:term":[{"taxonomy":"category","embeddable":true,"href":"https:\/\/www.lab.eus\/es\/wp-json\/wp\/v2\/categories?post=85183"},{"taxonomy":"post_tag","embeddable":true,"href":"https:\/\/www.lab.eus\/es\/wp-json\/wp\/v2\/tags?post=85183"}],"curies":[{"name":"wp","href":"https:\/\/api.w.org\/{rel}","templated":true}]}}