{"id":85165,"date":"2025-11-03T10:17:32","date_gmt":"2025-11-03T10:17:32","guid":{"rendered":"https:\/\/www.lab.eus\/?p=85165"},"modified":"2025-11-03T10:17:35","modified_gmt":"2025-11-03T10:17:35","slug":"lab-denuncia-que-no-se-ha-dotado-de-los-recursos-acordados-en-el-convenio-del-consorcio-haurreskolak","status":"publish","type":"post","link":"https:\/\/www.lab.eus\/es\/lab-denuncia-que-no-se-ha-dotado-de-los-recursos-acordados-en-el-convenio-del-consorcio-haurreskolak\/","title":{"rendered":"LAB denuncia que no se ha dotado de los recursos acordados en el convenio del Consorcio Haurreskolak"},"content":{"rendered":"\n<p><strong>El departamento de Educaci\u00f3n est\u00e1 jugando al escondite. LAB exige al comit\u00e9 directivo del Consorcio P\u00fablico Haurreskolak y al Departamento de Educaci\u00f3n el cumplimiento \u00edntegro de lo recogido en el convenio colectivo del Consorcio Haurreskolak firmado el 10 de febrero de 2025 y la convocatoria inmediata de una mesa negociadora para el desarrollo del mismo.<\/strong><\/p>\n\n\n\n<p>El 10 de febrero de 2025 el sindicato LAB y el Consorcio Haurreskolak pactaron un nuevo convenio colectivo despu\u00e9s de 15 a\u00f1os, junto con el compromiso de implementar una serie de medidas para paliar las cargas de trabajo. El sindicato LAB calific\u00f3 el acuerdo como \u201chito\u201d, pero no \u201cmeta\u201d. Las palabras de Bego\u00f1a Pedrosa, consejera de Educaci\u00f3n y presidenta de la junta directiva del Consorcio Haurreskolak, fueron las siguientes: \u00abEs una muy buena noticia porque vamos a reforzar el servicio de Haurreskolak, queremos garantizar un servicio de calidad de cara al futuro, vamos a mejorar las condiciones laborales de las profesionales. Este acuerdo es fruto de lo trabajado desde hace tiempo y el objetivo siempre ha sido lograr el consenso. Y en este caso las haurreskolas seguir\u00e1n cumpliendo con todas sus funciones y con calidad: ofreceremos recursos suficientes al servicio y daremos seguridad y tranquilidad a las familias\u00bb.<\/p>\n\n\n\n<p>Pues bien, el sindicato LAB denuncia que el Departamento de Educaci\u00f3n no est\u00e1 cumpliendo integramente lo recogido en el convenio colectivo firmado el 10 de febrero de 2025 ni tampoco varios de los compromisos adquiridos, y que la negociaci\u00f3n de los criterios de adjudicaci\u00f3n de las plantillas est\u00e1 congelada, por lo que muchas educadoras y educadores no pueden realizar la jornada diaria que se pact\u00f3. Aunque la atenci\u00f3n directa a los ni\u00f1os es de 6 horas, se supera este tiempo por falta de personal.<\/p>\n\n\n\n<p>LAB denuncia que el Departamento de Educaci\u00f3n tiene suspendidos los contactos con la parte social del Consorcio Haurreskolak desde finales del curso anterior. Esto, adem\u00e1s de mostrar una clara falta de consideraci\u00f3n hacia el personal de haurreskolak, las familias y la negociaci\u00f3n colectiva, incide de forma muy negativa en el servicio de Educaci\u00f3n que ofrece el Consorcio Haurreskolak y en las condiciones laborales del personal.<\/p>\n\n\n\n<p>El sindicato a\u00f1ade a esta variable el incumplimiento del acuerdo firmado en 2024. El Gobierno Vasco no ha permitido la creaci\u00f3n de 63 puestos de trabajo que deb\u00edan crearse desde el pasado 1 de septiembre.<\/p>\n\n\n\n<p>Se puede concluir que el Gobierno Vasco no est\u00e1 dispuesto a aumentar los recursos personales, a pesar de que en los \u00faltimos a\u00f1os tras la firma de los acuerdos y la lucha del sindicato LAB junto con otros agentes, se ha producido un aumento espectacular de la matriculaci\u00f3n. De las \u00abnuevas formas de hacer\u00bb apuntadas por el lehendakari Imanol Pradales en su toma de posesi\u00f3n no hay indicios en las haurreskolak, nada nuevo bajo el sol.<\/p>\n\n\n\n<p>LAB, dada la responsabilidad para con el personal del Consorcio Haurreskolak y el primer ciclo de Educaci\u00f3n Infantil, firma acuerdos que mejoran las condiciones laborales del personal y la calidad del servicio. Por ello, tambi\u00e9n est\u00e1 obligado a hacer un seguimiento del cumplimiento de los acuerdos.\u00a0Ahora le toca el turno a la administraci\u00f3n: tiene que cumplir lo firmado y respetar los derechos de los trabajadores y acuerdos.<\/p>\n\n\n\n<p>As\u00ed las cosas, LAB no aceptar\u00e1 m\u00e1s demoras y excusas para que se cumplan los acuerdos firmados. En los pr\u00f3ximos d\u00edas estudiar\u00e1 junto a los trabajadores las acciones y movilizaciones que se consideren necesarias si el Departamento de Educaci\u00f3n no da los pasos correspondientes.&nbsp;<\/p>\n","protected":false},"excerpt":{"rendered":"<p>El departamento de Educaci\u00f3n est\u00e1 jugando al escondite. LAB exige al comit\u00e9 directivo del Consorcio P\u00fablico Haurreskolak y al Departamento de Educaci\u00f3n el cumplimiento \u00edntegro de lo recogido en el convenio colectivo del Consorcio Haurreskolak firmado el 10 de febrero de 2025 y la convocatoria inmediata de una mesa negociadora para el desarrollo del mismo. [&hellip;]<\/p>\n","protected":false},"author":1191,"featured_media":85163,"comment_status":"closed","ping_status":"closed","sticky":false,"template":"","format":"standard","meta":{"_monsterinsights_skip_tracking":false,"_monsterinsights_sitenote_active":false,"_monsterinsights_sitenote_note":"","_monsterinsights_sitenote_category":0,"footnotes":"","_links_to":"","_links_to_target":""},"categories":[18,2990,6],"tags":[3033,3178,3266,3171],"class_list":{"0":"post-85165","1":"post","2":"type-post","3":"status-publish","4":"format-standard","5":"has-post-thumbnail","7":"category-es-accion-sindical","8":"category-educacion","9":"category-es-servicios-publicos","10":"tag-accion-sindical-es","11":"tag-destacado-1","12":"tag-educacion-es","13":"tag-servicios-publicos-es"},"_links":{"self":[{"href":"https:\/\/www.lab.eus\/es\/wp-json\/wp\/v2\/posts\/85165","targetHints":{"allow":["GET"]}}],"collection":[{"href":"https:\/\/www.lab.eus\/es\/wp-json\/wp\/v2\/posts"}],"about":[{"href":"https:\/\/www.lab.eus\/es\/wp-json\/wp\/v2\/types\/post"}],"author":[{"embeddable":true,"href":"https:\/\/www.lab.eus\/es\/wp-json\/wp\/v2\/users\/1191"}],"replies":[{"embeddable":true,"href":"https:\/\/www.lab.eus\/es\/wp-json\/wp\/v2\/comments?post=85165"}],"version-history":[{"count":1,"href":"https:\/\/www.lab.eus\/es\/wp-json\/wp\/v2\/posts\/85165\/revisions"}],"predecessor-version":[{"id":85166,"href":"https:\/\/www.lab.eus\/es\/wp-json\/wp\/v2\/posts\/85165\/revisions\/85166"}],"wp:featuredmedia":[{"embeddable":true,"href":"https:\/\/www.lab.eus\/es\/wp-json\/wp\/v2\/media\/85163"}],"wp:attachment":[{"href":"https:\/\/www.lab.eus\/es\/wp-json\/wp\/v2\/media?parent=85165"}],"wp:term":[{"taxonomy":"category","embeddable":true,"href":"https:\/\/www.lab.eus\/es\/wp-json\/wp\/v2\/categories?post=85165"},{"taxonomy":"post_tag","embeddable":true,"href":"https:\/\/www.lab.eus\/es\/wp-json\/wp\/v2\/tags?post=85165"}],"curies":[{"name":"wp","href":"https:\/\/api.w.org\/{rel}","templated":true}]}}