{"id":85158,"date":"2025-11-03T09:42:02","date_gmt":"2025-11-03T09:42:02","guid":{"rendered":"https:\/\/www.lab.eus\/?p=85158"},"modified":"2025-11-03T09:42:05","modified_gmt":"2025-11-03T09:42:05","slug":"en-diez-dias-el-sector-forestal-registra-un-muerto-y-un-herido-grave-en-la-misma-empresa-y-bosque","status":"publish","type":"post","link":"https:\/\/www.lab.eus\/es\/en-diez-dias-el-sector-forestal-registra-un-muerto-y-un-herido-grave-en-la-misma-empresa-y-bosque\/","title":{"rendered":"En diez d\u00edas, el sector forestal registra un muerto y un herido grave en la misma empresa y bosque"},"content":{"rendered":"\n<p><strong>En el plazo de 10 d\u00edas, dos trabajadores de la empresa ZUBILAGA SARALEGI S.L. de Leitza han sufrido graves accidentes laborales en el monte de la localidad de Iturmendi, en Sakana. El 22 de octubre, un trabajador de 34 a\u00f1os tuvo que ser evacuado en helic\u00f3ptero tras una ca\u00edda de altura. Ayer, en la misma zona forestal de Iturmendi, el trabajador E.A.D., de 62 a\u00f1os, falleci\u00f3 al caerle una rama encima cuando realizaba labores forestales.<\/strong><\/p>\n\n\n\n<p>LAB identifica el sector forestal como el que presenta la mayor mortalidad. De hecho, indica el sindicato, cada a\u00f1o, la tasa de mortalidad es 10 veces mayor que en la construcci\u00f3n. Ha causado ya dos muertes en 2025, tres en 2024, y todos los a\u00f1os hay una larga lista de heridos graves. \u201cTeniendo en cuenta que el sector no llega a los 1000 trabajadores en toda Euskal Herria, los datos son escalofriantes\u201d.<\/p>\n\n\n\n<p>El sindicato LAB ha denunciado que detr\u00e1s de esta siniestralidad hay un incumplimiento generalizado de las medidas preventivas. \u201cLa patronal forestal no ofrece ninguna garant\u00eda en salud. El sector utiliza a los trabajadores m\u00e1s precarizados para garantizar sus beneficios, no utiliza el instrumental adecuado y da escasa formaci\u00f3n a los trabajadores\u201d. Seg\u00fan el sindicato, otra clave adicional detr\u00e1s de esta tasa de accidentes, es la ingente cantidad de horas en la jornada laboral. \u201cEs habitual encontrar trabajadores en el bosque desde la madrugada hasta la medianoche, lo que supone una jornada de 12 horas en funci\u00f3n de la \u00e9poca del a\u00f1o\u201d. La fatiga, por tanto, es un factor de riesgo especialmente significativo en este sector, causa importante de accidentes.<\/p>\n\n\n\n<p>Dado que en Navarra las labores forestales se desarrollan principalmente en espacios p\u00fablicos, LAB denuncia que \u201cla Administraci\u00f3n tiene instrumentos para limitar las infracciones de la normativa patronal\u201d. A\u00f1ade que \u201clos pliegos de adjudicaci\u00f3n pueden ser utilizados para evitar incumplimientos de la normativa, limitar de forma contractual las horas de trabajo e imponer otras condiciones que hagan obligatoria la presencia del Recurso Preventivo en todos los trabajos forestales\u201d.<\/p>\n\n\n\n<p>Para denunciar esta situaci\u00f3n, los sindicatos LAB, ESK, STEILAS, EHNE-etxalde, HIRU y CGT-LKN, que forman parte de la intersindical de salud laboral, han organizado un acto especial el 10 de noviembre en la Plaza del Castillo.<\/p>\n","protected":false},"excerpt":{"rendered":"<p>En el plazo de 10 d\u00edas, dos trabajadores de la empresa ZUBILAGA SARALEGI S.L. de Leitza han sufrido graves accidentes laborales en el monte de la localidad de Iturmendi, en Sakana. El 22 de octubre, un trabajador de 34 a\u00f1os tuvo que ser evacuado en helic\u00f3ptero tras una ca\u00edda de altura. Ayer, en la misma [&hellip;]<\/p>\n","protected":false},"author":1191,"featured_media":85156,"comment_status":"closed","ping_status":"closed","sticky":false,"template":"","format":"standard","meta":{"_monsterinsights_skip_tracking":false,"_monsterinsights_sitenote_active":false,"_monsterinsights_sitenote_note":"","_monsterinsights_sitenote_category":0,"footnotes":"","_links_to":"","_links_to_target":""},"categories":[18],"tags":[3033,3178,3263,3083],"class_list":{"0":"post-85158","1":"post","2":"type-post","3":"status-publish","4":"format-standard","5":"has-post-thumbnail","7":"category-es-accion-sindical","8":"tag-accion-sindical-es","9":"tag-destacado-1","10":"tag-la-precariedad-mata-es-2","11":"tag-salud-laboral-es"},"_links":{"self":[{"href":"https:\/\/www.lab.eus\/es\/wp-json\/wp\/v2\/posts\/85158","targetHints":{"allow":["GET"]}}],"collection":[{"href":"https:\/\/www.lab.eus\/es\/wp-json\/wp\/v2\/posts"}],"about":[{"href":"https:\/\/www.lab.eus\/es\/wp-json\/wp\/v2\/types\/post"}],"author":[{"embeddable":true,"href":"https:\/\/www.lab.eus\/es\/wp-json\/wp\/v2\/users\/1191"}],"replies":[{"embeddable":true,"href":"https:\/\/www.lab.eus\/es\/wp-json\/wp\/v2\/comments?post=85158"}],"version-history":[{"count":1,"href":"https:\/\/www.lab.eus\/es\/wp-json\/wp\/v2\/posts\/85158\/revisions"}],"predecessor-version":[{"id":85159,"href":"https:\/\/www.lab.eus\/es\/wp-json\/wp\/v2\/posts\/85158\/revisions\/85159"}],"wp:featuredmedia":[{"embeddable":true,"href":"https:\/\/www.lab.eus\/es\/wp-json\/wp\/v2\/media\/85156"}],"wp:attachment":[{"href":"https:\/\/www.lab.eus\/es\/wp-json\/wp\/v2\/media?parent=85158"}],"wp:term":[{"taxonomy":"category","embeddable":true,"href":"https:\/\/www.lab.eus\/es\/wp-json\/wp\/v2\/categories?post=85158"},{"taxonomy":"post_tag","embeddable":true,"href":"https:\/\/www.lab.eus\/es\/wp-json\/wp\/v2\/tags?post=85158"}],"curies":[{"name":"wp","href":"https:\/\/api.w.org\/{rel}","templated":true}]}}