{"id":85140,"date":"2025-10-31T11:50:53","date_gmt":"2025-10-31T11:50:53","guid":{"rendered":"https:\/\/www.lab.eus\/?p=85140"},"modified":"2025-10-31T11:50:57","modified_gmt":"2025-10-31T11:50:57","slug":"el-gobierno-de-pradales-ha-presentado-unos-presupuestos-hechos-a-medida-de-confebask","status":"publish","type":"post","link":"https:\/\/www.lab.eus\/es\/el-gobierno-de-pradales-ha-presentado-unos-presupuestos-hechos-a-medida-de-confebask\/","title":{"rendered":"El gobierno de Pradales ha presentado unos presupuestos hechos a medida de Confebask"},"content":{"rendered":"\n<p><strong>Con la presentaci\u00f3n de unos presupuestos neoliberales tras negarse a debatir sobre el salario m\u00ednimo y la pensi\u00f3n, Pradales ha hecho suya la l\u00ednea de Urkullu, tanto en forma como en fondo.<\/strong><\/p>\n\n\n\n<p><strong>El 6 de noviembre LAB se movilizar\u00e1 en las cuatro capitales para reivindicar una mayor inversi\u00f3n para ir construyendo un sistema p\u00fablico de cuidados.<\/strong><\/p>\n\n\n\n<p>El coordinador general de LAB, Igor Arroyo, y el responsable de Acci\u00f3n Social, Endika P\u00e9rez, han comparecido hoy para hacer una valoraci\u00f3n de los presupuestos de la CAV presentados esta semana. P\u00e9rez ha denunciado el fraude que subyace en los titulares de los presupuestos de esta semana: \u201cComo es habitual, el gobierno ha puesto de relieve los incrementos que hay respecto a los presupuestos del a\u00f1o anterior, pero esta comparaci\u00f3n es fraudulenta, ya que, a medida que el IPC sube cada a\u00f1o, es l\u00f3gico que los presupuestos tambi\u00e9n suban. Lo que s\u00ed quieren ocultar es que el Gobierno ha renunciado a la reforma fiscal, que se ha endeudado en 1.000 millones y que aprovechar\u00e1 ese dinero, principalmente, para la industria armament\u00edstica y para beneficiar a la patronal\u201d.<\/p>\n\n\n\n<p>El responsable de Acci\u00f3n Social ha se\u00f1alado que el gobierno de Pradales aprovechar\u00e1 la oportunidad abierta por Madrid mediante decreto ley para dotar econ\u00f3micamente mediante Euskadi Eraldatuz un plan industrial dise\u00f1ado sin la participaci\u00f3n de los sindicatos y a medida de la patronal. \u201cEste endeudamiento de 1.000 millones se ha materializado tras negarse a elevar la presi\u00f3n fiscal a las rentas de capital. El pr\u00f3ximo a\u00f1o tendremos que pagar intereses mediante el actual sistema de recaudaci\u00f3n injusto, y, adem\u00e1s, no se destina ni un solo c\u00e9ntimo a pol\u00edticas sociales. Todo va en beneficio de un plan industrial que considera el contexto b\u00e9lico una oportunidad, lejos de proteger a los trabajadores para garantizar la rentabilidad de las empresas \u201d.<\/p>\n\n\n\n<p>P\u00e9rez desgrana as\u00ed lo que hay detr\u00e1s de los titulares que han subrayado un incremento del 53% en inversiones en sanidad y educaci\u00f3n.<\/p>\n\n\n\n<p>En <strong>sanidad<\/strong> se han anunciado 210,2 millones de euros m\u00e1s (un total de 5.321,7 millones). Sin embargo, estos 210,2 millones no se destinar\u00e1n a dimensionar la plantilla, fortalecer Osakidetza, a la cartera de servicios o a estructurar la red de salud mental. Se trata de una financiaci\u00f3n para seguir profundizando en la colaboraci\u00f3n p\u00fablico-privada para externalizar los trabajos que el departamento dedicado a la sanidad puede realizar con personal propio. En este sentido, hay que recordar que, hasta el momento, el sindicato LAB ha paralizado el paso de 303 millones de euros a manos privadas. As\u00ed las cosas, se mantiene la cifra destinada a la sanidad respecto al PIB, que se sit\u00faa en el 5,04% sobre el PIB, cuando el gasto medio de los \u00faltimos a\u00f1os de la Uni\u00f3n Europea (2019, dato previo a la pandemia) es superior al 9,9% sobre el PIB.<\/p>\n\n\n\n<p>En cuanto a la <strong>educaci\u00f3n<\/strong>, se ha concretado un incremento del 5,44% (195,3 millones m\u00e1s; en total, 3.789,1). De esos 195,3 millones, 80 millones han sido consecuencia de las movilizaciones y huelgas de las y los trabajadores, ya que se destinar\u00e1n a las medidas recogidas en los convenios laborales de la ense\u00f1anza p\u00fablica que ha firmado LAB. En educaci\u00f3n tambi\u00e9n se mantiene la cifra destinada al PIB. Representa el 3,59% sobre el PIB, cuando en los \u00faltimos a\u00f1os el gasto medio de la Uni\u00f3n Europea ha sido superior al 6,6% sobre el PIB.<\/p>\n\n\n\n<p>El titular, sin embargo, ha sido el consejero de Hacienda, Noel D &#8216;Anjou, quien, ocultando el referido endeudamiento, se ha referido a las partidas que m\u00e1s han subido; vivienda, universidades y seguridad. Se se\u00f1ala que se ha apostado por <strong>el conocimiento y el tejido universitario<\/strong>, pero esta inversi\u00f3n no llega al 1% del PIB que fija la ley. Este mismo mi\u00e9rcoles, el rectorado de EHU ha denunciado que solo recibir\u00e1 la mitad del presupuesto que necesitan, lo que cerrar\u00e1 la puerta a la dignificaci\u00f3n de las condiciones laborales de las y los trabajadores.<\/p>\n\n\n\n<p>Ante la situaci\u00f3n de incertidumbre creada por el contexto econ\u00f3mico, son las <strong>prestaciones sociales<\/strong> y el fortalecimiento de los servicios p\u00fablicos los que dan seguridad a las y los ciudadanos para poder llevar vidas habitables. Sin embargo, aunque se haya querido vender lo contrario, en estos presupuestos no se ha invertido nada en la seguridad de los ciudadanos. La partida de esta \u00faltima baja en 12,5 millones de euros y la de la Renta de Garant\u00eda de Ingresos sube s\u00f3lamente un 2,5%. Hay que recordar que este Gobierno defendi\u00f3 el modelo de la RGI para complementar las pensiones m\u00ednimas y cerr\u00f3 la puerta con ese argumento a la iniciativa legislativa popular promovida por el Movimiento de Pensionistas de Euskal Herria con 145.000 firmas. Pues bien, con estos presupuestos este a\u00f1o tampoco se complementar\u00e1 la pensi\u00f3n m\u00ednima a los pensionistas de la CAV hasta el salario m\u00ednimo, y se mantendr\u00e1 la brecha de g\u00e9nero actualmente vigente.<\/p>\n\n\n\n<p>La \u00faltima reflexi\u00f3n de P\u00e9rez ha girado en torno a la mayor partida presentada por el Gobierno, la del <strong>departamento de Vivienda y Urbanismo<\/strong> que lidera Denis Itxaso. La cantidad destinada a la pol\u00edtica de vivienda ascender\u00e1 a 442 millones. P\u00e9rez ha destacado que la vivienda se ha convertido en la principal causa de empobrecimiento y precarizaci\u00f3n de amplios sectores de la clase trabajadora y ha denunciado que, si se est\u00e1 dificultando el acceso a la vivienda, es porque no se pone freno al negocio de la vivienda a trav\u00e9s de pol\u00edticas p\u00fablcias, y, al contrario, se promueve.<\/p>\n\n\n\n<p>Seg\u00fan el Observatorio Vasco de la Vivienda, hay 103.000 personas inscritas en Etxebide, y el propio consejero Itxaso ha se\u00f1alado que s\u00f3lo se ayuda al 60%; a la inmensa mayor\u00eda mediante prestaciones, y a la minor\u00eda mediante viviendas protegidas. En este proyecto presupuestario, sin embargo, con las partidas econ\u00f3micas concedidas a Visesa y Alokabide, adem\u00e1s de las que ya est\u00e1n en marcha, se construir\u00e1n menos de 800 nuevas viviendas protegidas. Ahora que PNV y PSE han hecho una apuesta importante por la construcci\u00f3n, llegan a eso con los presupuestos: 800 viviendas. Eso s\u00ed, esta colaboraci\u00f3n p\u00fablico-privada cuenta con beneficiarios, ya que se ofrece a los constructores la posibilidad de recibir una subvenci\u00f3n de 50.000 euros por vivienda, y, adem\u00e1s, dichas viviendas se comercializar\u00e1n a un precio superior a la media a trav\u00e9s del denominado alquiler asequible. En Gasteiz, por ejemplo, este tipo de viviendas se alquilar\u00e1n a un precio de 889 euros, cuando el precio medio en la capital es de 739 euros.<\/p>\n\n\n\n<p>Es evidente que hay que ampliar el parque p\u00fablico de viviendas y que eso no se puede conseguir a trav\u00e9s de un nuevo ciclo de construcci\u00f3n. \u201cLlevamos meses denunciando que la pol\u00edtica de vivienda de PNV y PSE depende de la patronal inmobiliaria y se ha dise\u00f1ado para seguir haciendo negocio con la vivienda, y el proyecto presupuestario no hace m\u00e1s que corroborarlo\u201d, ha se\u00f1alado el portavoz de Acci\u00f3n Social.<\/p>\n\n\n\n<p>Arroyo ha denunciado que los presupuestos presentados son unos presupuestos a la medida de Confebask: \u201cConfebask tiene tres demandas principales, y con las decisiones de Pradales de las \u00faltimas semanas (tras negarse a debatir sobre el salario m\u00ednimo y las pensiones) se ha plegado a tres: uno, los bajos impuestos para las y los empresarios; dos, los bajos salarios para las y los trabajadores; y tres, destinar el dinero p\u00fablico a hacer negocio, ya sea utilizando principalmente el endeudamiento que se pagar\u00e1 con las rentas de las y los trabajadores para garantizar la rentabilidad de las empresas o a trav\u00e9s de la privatizaci\u00f3n de los servicios p\u00fablicos, para que las empresas sigan haciendo negocio a costa de Osakidetza o de los cuidados\u201d.<\/p>\n\n\n\n<p>Arroyo ha se\u00f1alado que los presupuestos navarros tambi\u00e9n est\u00e1n hechos a la medida de la CEN: \u201cEn el Impuesto sobre la Renta de las Personas F\u00edsicas hay una mayor progresividad en comparaci\u00f3n con la CAV, pero se mantiene el privilegio fiscal de las y los empresarios y de las rentas altas. Por otro lado, a pesar de la publificaci\u00f3n de algunos servicios, el \u00faltimo en el transporte sanitario, no existe una apuesta estrat\u00e9gica para el desarrollo de los servicios p\u00fablicos \u201d.<\/p>\n\n\n\n<p>De vuelta a la CAV, Arroyo ha afirmado que la operaci\u00f3n Pradales es un fraude: \u201cHa querido escenificar la distancia con el gobierno de Urkullu, pero al final ha tomado la misma l\u00ednea, tanto en la forma como en el fondo. En cuanto a la forma, el Gobierno Vasco ha rechazado debatir sobre el salario m\u00ednimo y la pensi\u00f3n, rechazando dos iniciativas legislativas populares que contaban con el apoyo de casi 300.000 personas; en la Mesa de Salud se han rechazado las peticiones de publificaci\u00f3n de los sindicatos; y en los presupuestos no se han tenido en cuenta las demandas sociales de los \u00faltimos meses. En cuanto al fondo, Pradales ha mantenido pol\u00edticas neoliberales, tanto en pol\u00edtica presupuestaria como en \u00e1mbitos como la sanidad o el cuidado\u201d.<\/p>\n\n\n\n<p>Precisamente para exigir que se atiendan las reivindicaciones de lass trabajadoras del \u00e1mbito de los cuidados, LAB ha organizado movilizaciones para el 6 de noviembre en las cuatro capitales, bajo el lema <em>\u00a1Las trabajadores de cuidados privatizados somos trabajadoras p\u00fablicas!<\/em>.<\/p>\n\n\n\n<p><strong>Peticiones prioritarias para LAB de cara a los presupuestos de la CAV:<\/strong><\/p>\n\n\n\n<ul class=\"wp-block-list\">\n<li>Partida de 310 millones de euros destinada a complementar la pensi\u00f3n m\u00ednima hasta el salario m\u00ednimo.<\/li>\n\n\n\n<li>Crear una partida para que todo el personal dependiente del Gobierno, directo o subcontratado, en plena din\u00e1mica de encarecimiento de la vida, perciba un salario m\u00ednimo de 1600 euros (tanto celadores como auxiliares administrativos entre el personal de los servicios de Osakidetza, m\u00e1s del 70% del total de trabajadores de los Centros Especiales de Empleo como Katea Legaia, Gureak Lanean, Lantegi Batuak, Ilunion Lavanderia Euskalduna o Centro de Ayuda Especial del Gobierno).<\/li>\n\n\n\n<li>Partida econ\u00f3mica destinada a la creaci\u00f3n de una unidad espec\u00edfica de inspecci\u00f3n y control p\u00fablico para el seguimiento de la contrataci\u00f3n de empleadas y empleados de hogar, registro de jornada y control de medidas de salud laboral.<\/li>\n\n\n\n<li>Partida econ\u00f3mica para el primer convenio laboral del sector de trabajadoras y trabajadores de los Centros Especiales de Empleo.<\/li>\n\n\n\n<li>Partida econ\u00f3mica para la publificaci\u00f3n del servicio de teleasistencia.<\/li>\n\n\n\n<li>Financiaci\u00f3n para la unificaci\u00f3n y mejora de los ratios de personal subcontratado en los servicios de cuidados acogidos a la ley de servicios sociales.<\/li>\n\n\n\n<li>Financiaci\u00f3n para el fortalecimiento del sistema sanitario p\u00fablico, orientado a la atenci\u00f3n primaria y a la publificaci\u00f3n y no a la privatizaci\u00f3n. Adem\u00e1s, financiaci\u00f3n para medidas excepcionales de estabilizaci\u00f3n para reducir la temporalidad, creaci\u00f3n de 7000 puestos de trabajo estructurales ocultos y estabilizaci\u00f3n de personal, dimensionamiento de plantilla, reducci\u00f3n de ratios m\u00e9dico-enfermeras y ampliaci\u00f3n de la cartera de servicios con recursos p\u00fablicos y propios.<\/li>\n\n\n\n<li>Financiaci\u00f3n de los recursos adicionales para reforzar el servicio de salud mental desde la p\u00fablica y estructurar y publificar la Red de Salud Mental.<\/li>\n\n\n\n<li>Partida econ\u00f3mica necesaria para el plan y servicio de publificaci\u00f3n de ambulancias.<\/li>\n\n\n\n<li>Incremento de la inversi\u00f3n para hacer de la escuela p\u00fablica y del Consorcio P\u00fablico Haurreskolak el eje del sistema educativo. Se requiere una inversi\u00f3n de impacto en infraestructuras y una financiaci\u00f3n suficiente para el cumplimiento y desarrollo de los convenios laborales: para el cumplimiento de los ratios de personal de servicios, para la implantaci\u00f3n de nuevos puestos y medidas derivados de los criterios de asignaci\u00f3n de plantillas en las haurreskolas y en la educaci\u00f3n especial; y para la creaci\u00f3n de nuevos puestos de trabajo que puedan derivarse de la compensaci\u00f3n por el descenso de la hora lectiva en el colectivo de docentes.<\/li>\n\n\n\n<li>Financiaci\u00f3n correspondiente a este a\u00f1o para equiparar los salarios de las y los trabajadores de las ikastolas y de la iniciativa social con los de las y los empleados p\u00fablicos para el a\u00f1o 2027.<\/li>\n\n\n\n<li>Partida econ\u00f3mica para la realizaci\u00f3n de planes de publificaci\u00f3n (comedor, limpieza y transporte) en los sectores subcontratadas en educaci\u00f3n.<\/li>\n<\/ul>\n","protected":false},"excerpt":{"rendered":"<p>Con la presentaci\u00f3n de unos presupuestos neoliberales tras negarse a debatir sobre el salario m\u00ednimo y la pensi\u00f3n, Pradales ha hecho suya la l\u00ednea de Urkullu, tanto en forma como en fondo. El 6 de noviembre LAB se movilizar\u00e1 en las cuatro capitales para reivindicar una mayor inversi\u00f3n para ir construyendo un sistema p\u00fablico de cuidados.<\/p>\n","protected":false},"author":1191,"featured_media":85145,"comment_status":"closed","ping_status":"closed","sticky":false,"template":"","format":"standard","meta":{"_monsterinsights_skip_tracking":false,"_monsterinsights_sitenote_active":false,"_monsterinsights_sitenote_note":"","_monsterinsights_sitenote_category":0,"footnotes":"","_links_to":"","_links_to_target":""},"categories":[18],"tags":[3033,3279],"class_list":{"0":"post-85140","1":"post","2":"type-post","3":"status-publish","4":"format-standard","5":"has-post-thumbnail","7":"category-es-accion-sindical","8":"tag-accion-sindical-es","9":"tag-portada-es"},"_links":{"self":[{"href":"https:\/\/www.lab.eus\/es\/wp-json\/wp\/v2\/posts\/85140","targetHints":{"allow":["GET"]}}],"collection":[{"href":"https:\/\/www.lab.eus\/es\/wp-json\/wp\/v2\/posts"}],"about":[{"href":"https:\/\/www.lab.eus\/es\/wp-json\/wp\/v2\/types\/post"}],"author":[{"embeddable":true,"href":"https:\/\/www.lab.eus\/es\/wp-json\/wp\/v2\/users\/1191"}],"replies":[{"embeddable":true,"href":"https:\/\/www.lab.eus\/es\/wp-json\/wp\/v2\/comments?post=85140"}],"version-history":[{"count":1,"href":"https:\/\/www.lab.eus\/es\/wp-json\/wp\/v2\/posts\/85140\/revisions"}],"predecessor-version":[{"id":85141,"href":"https:\/\/www.lab.eus\/es\/wp-json\/wp\/v2\/posts\/85140\/revisions\/85141"}],"wp:featuredmedia":[{"embeddable":true,"href":"https:\/\/www.lab.eus\/es\/wp-json\/wp\/v2\/media\/85145"}],"wp:attachment":[{"href":"https:\/\/www.lab.eus\/es\/wp-json\/wp\/v2\/media?parent=85140"}],"wp:term":[{"taxonomy":"category","embeddable":true,"href":"https:\/\/www.lab.eus\/es\/wp-json\/wp\/v2\/categories?post=85140"},{"taxonomy":"post_tag","embeddable":true,"href":"https:\/\/www.lab.eus\/es\/wp-json\/wp\/v2\/tags?post=85140"}],"curies":[{"name":"wp","href":"https:\/\/api.w.org\/{rel}","templated":true}]}}