{"id":85126,"date":"2025-10-30T16:37:32","date_gmt":"2025-10-30T16:37:32","guid":{"rendered":"https:\/\/www.lab.eus\/?p=85126"},"modified":"2025-10-30T16:37:36","modified_gmt":"2025-10-30T16:37:36","slug":"la-atomizacion-el-control-excesivo-en-definitiva-la-precariedad-mata","status":"publish","type":"post","link":"https:\/\/www.lab.eus\/es\/la-atomizacion-el-control-excesivo-en-definitiva-la-precariedad-mata\/","title":{"rendered":"La atomizaci\u00f3n, el control excesivo\u2026 en definitiva, la precariedad mata"},"content":{"rendered":"\n<p><strong>Ayer tuvimos conocimiento de un nuevo accidente laboral mortal. En este caso, el trabajador D.J.G., de 39 a\u00f1os de edad, de la empresa GRUSAR LOG\u00cdSTICA Y DISTRIBUCI\u00d3N (subcontrata de Amazon), falleci\u00f3 cuando la furgoneta que conduc\u00eda fue arrollada por un tren en un paso a nivel sin barreras en Zalla. Seg\u00fan las informaciones de las que disponemos, el trabajador ten\u00eda que realizar repartos a ambos lados de la v\u00eda del tren en el punto donde se produjo el accidente.<\/strong><\/p>\n\n\n\n<p>Desde LAB queremos mostrar nuestro m\u00e1s sincero apoyo y solidaridad con la familia, as\u00ed como con las compa\u00f1eras y compa\u00f1eros del trabajador fallecido, haciendo extensible este apoyo a la clase trabajadora en general.<\/p>\n\n\n\n<p>En lo que llevamos de 2025, al menos 58 trabajadores y trabajadoras han muerto en o por causa de su trabajo:<\/p>\n\n\n\n<ul class=\"wp-block-list\">\n<li>10 en <strong>Araba<\/strong>,<\/li>\n\n\n\n<li>13 en <strong>Bizkaia<\/strong>,<\/li>\n\n\n\n<li>13 en <strong>Gipuzkoa<\/strong>,<\/li>\n\n\n\n<li>19 en <strong>Nafarroa<\/strong>,<\/li>\n\n\n\n<li>y 2 fuera del territorio.<\/li>\n<\/ul>\n\n\n\n<p>Este accidente no es algo casual. Responde a un modelo de relaciones laborales impulsado por Amazon, basado en altos ritmos de trabajo, presi\u00f3n y control. De hecho, cada transportista est\u00e1 geolocalizado en todo momento tanto por la contratista como por Amazon, y recibe llamadas de control cuando, por cualquier raz\u00f3n (tr\u00e1fico, meteorolog\u00eda, etc.), no cumple con el ritmo establecido por la aplicaci\u00f3n.<\/p>\n\n\n\n<p>Amazon emplea una red de empresas subcontratadas que aplican condiciones laborales precarias para aumentar sus multimillonarios beneficios, a costa de la vida de sus transportistas.<\/p>\n\n\n\n<p>En Bizkaia existen cinco subcontratas de Amazon:<\/p>\n\n\n\n<ul class=\"wp-block-list\">\n<li><strong>CITYLOGIN IBERICA S.L.<\/strong><\/li>\n\n\n\n<li><strong>GRUSAR LOG\u00cdSTICA Y DISTRIBUCI\u00d3N<\/strong><\/li>\n\n\n\n<li><strong>BESAIDE LOGISTICS SLU<\/strong><\/li>\n\n\n\n<li><strong>FLASH DELIVERY SOCIEDAD LIMITADA<\/strong><\/li>\n\n\n\n<li><strong>E-BOX LAST MILLE S.L.<\/strong><\/li>\n<\/ul>\n\n\n\n<p>Estas empresas cuentan con m\u00e1s de 300 repartidores y repartidoras en Bizkaia, quienes asumen jornadas de m\u00e1s de 10 horas diarias, trabajan en festivos y son penalizados si no completan todas las entregas. La temporalidad es generalizada en estas compa\u00f1\u00edas, y adem\u00e1s utilizan personal eventual de ETT, lo que agrava a\u00fan m\u00e1s la precariedad laboral.<\/p>\n\n\n\n<p>Esto no es un accidente, es la cr\u00f3nica de una muerte anunciada, ya que responde a unas condiciones de trabajo precarias que ponen en riesgo la vida de las trabajadoras y trabajadores.<\/p>\n\n\n\n<p>Tenemos claro que el \u00fanico camino posible es la movilizaci\u00f3n y la lucha. Por ello, hacemos un llamado a participar en una movilizaci\u00f3n el pr\u00f3ximo d\u00eda 3 de noviembre, a las 10 de la ma\u00f1ana, en la entrada de las instalaciones de Amazon, convocada por los sindicatos LAB, ESK, STEILAS, ETXALDE y HIRU.<\/p>\n","protected":false},"excerpt":{"rendered":"<p>Ayer tuvimos conocimiento de un nuevo accidente laboral mortal. En este caso, el trabajador D.J.G., de 39 a\u00f1os de edad, de la empresa GRUSAR LOG\u00cdSTICA Y DISTRIBUCI\u00d3N (subcontrata de Amazon), falleci\u00f3 cuando la furgoneta que conduc\u00eda fue arrollada por un tren en un paso a nivel sin barreras en Zalla. Seg\u00fan las informaciones de las [&hellip;]<\/p>\n","protected":false},"author":1191,"featured_media":85130,"comment_status":"closed","ping_status":"closed","sticky":false,"template":"","format":"standard","meta":{"_monsterinsights_skip_tracking":false,"_monsterinsights_sitenote_active":false,"_monsterinsights_sitenote_note":"","_monsterinsights_sitenote_category":0,"footnotes":"","_links_to":"","_links_to_target":""},"categories":[18,130,15,1],"tags":[3033,3178,3005,3083],"class_list":{"0":"post-85126","1":"post","2":"type-post","3":"status-publish","4":"format-standard","5":"has-post-thumbnail","7":"category-es-accion-sindical","8":"category-es-la-precariedad-mata-es-salud-laboral","9":"category-es-salud-laboral","10":"category-uncategorized-eu","11":"tag-accion-sindical-es","12":"tag-destacado-1","13":"tag-la-precariedad-mata","14":"tag-salud-laboral-es"},"_links":{"self":[{"href":"https:\/\/www.lab.eus\/es\/wp-json\/wp\/v2\/posts\/85126","targetHints":{"allow":["GET"]}}],"collection":[{"href":"https:\/\/www.lab.eus\/es\/wp-json\/wp\/v2\/posts"}],"about":[{"href":"https:\/\/www.lab.eus\/es\/wp-json\/wp\/v2\/types\/post"}],"author":[{"embeddable":true,"href":"https:\/\/www.lab.eus\/es\/wp-json\/wp\/v2\/users\/1191"}],"replies":[{"embeddable":true,"href":"https:\/\/www.lab.eus\/es\/wp-json\/wp\/v2\/comments?post=85126"}],"version-history":[{"count":1,"href":"https:\/\/www.lab.eus\/es\/wp-json\/wp\/v2\/posts\/85126\/revisions"}],"predecessor-version":[{"id":85133,"href":"https:\/\/www.lab.eus\/es\/wp-json\/wp\/v2\/posts\/85126\/revisions\/85133"}],"wp:featuredmedia":[{"embeddable":true,"href":"https:\/\/www.lab.eus\/es\/wp-json\/wp\/v2\/media\/85130"}],"wp:attachment":[{"href":"https:\/\/www.lab.eus\/es\/wp-json\/wp\/v2\/media?parent=85126"}],"wp:term":[{"taxonomy":"category","embeddable":true,"href":"https:\/\/www.lab.eus\/es\/wp-json\/wp\/v2\/categories?post=85126"},{"taxonomy":"post_tag","embeddable":true,"href":"https:\/\/www.lab.eus\/es\/wp-json\/wp\/v2\/tags?post=85126"}],"curies":[{"name":"wp","href":"https:\/\/api.w.org\/{rel}","templated":true}]}}