{"id":85107,"date":"2025-10-30T08:48:14","date_gmt":"2025-10-30T08:48:14","guid":{"rendered":"https:\/\/www.lab.eus\/?p=85107"},"modified":"2025-10-30T10:37:38","modified_gmt":"2025-10-30T10:37:38","slug":"la-plantilla-de-fibertecnic-ha-llevado-su-clamor-al-parlamento-vasco","status":"publish","type":"post","link":"https:\/\/www.lab.eus\/es\/la-plantilla-de-fibertecnic-ha-llevado-su-clamor-al-parlamento-vasco\/","title":{"rendered":"La plantilla de FIBERTECNIC ha llevado su clamor al Parlamento Vasco"},"content":{"rendered":"\n<p><strong>Cuando llevan 5 d\u00edas de huelga en favor de la renovaci\u00f3n de su convenio, piden que el Gobierno tenga en cuenta tambi\u00e9n a los y las trabajadoras de esta empresa del grupo AERNNOVA.<\/strong><\/p>\n\n\n\n<p>Las personas trabajadoras de Fibertecnic, de Vitoria-Gasteiz, secundan hoy la 5\u00aa jornada de huelga en defensa de su convenio. En esta empresa qu\u00edmica del grupo Aernnova trabajan unas 165 personas, y el seguimiento de las jornadas de huelga es un \u00e9xito en la producci\u00f3n, que est\u00e1 totalmente paralizada.<\/p>\n\n\n\n<p>Aunque la negociaci\u00f3n comenz\u00f3 en mayo, tras 9 reuniones no hay avances. La empresa est\u00e1 empe\u00f1ada en empeorar la progresi\u00f3n de las categor\u00edas, no propone ninguna mejora y, cuando la media de edad de la plantilla es muy alta, tampoco quiere garantizar el contrato relevo. Esta \u00faltima supone un retiro digno de las personas trabajadoras y el rejuvenecimiento para consolidar el futuro de la empresa.<\/p>\n\n\n\n<p>As\u00ed las cosas, la semana pasada, con el lehendakari Pradeles a la cabeza, el Gobierno Vasco compareci\u00f3 con los l\u00edderes del grupo Aernnova reivindicando el arraigo de la empresa y el empleo de calidad. La plantilla de Fibertecnic quiere recordar al Gobierno que el arraigo y la calidad del empleo est\u00e1n directamente relacionados con las condiciones laborales de las y los trabajadores. Por ello, se han acercado al Parlamento Vasco para recordarles que estos trabajadores y trabajadoras est\u00e1n en huelga y que, cuando se est\u00e1 dando este blanqueo con la empresa, est\u00e1n decididos a no mejorar las condiciones de las y los trabajadores.<\/p>\n\n\n\n<p>Por \u00faltimo, el comit\u00e9 de empresa ha decidido convocar otros 2 d\u00edas de huelgas para los d\u00edas 5 y 6 de noviembre. Desde LAB manifestamos que, si la negociaci\u00f3n no avanza, apostaremos por aumentar la intensidad de la lucha.<\/p>\n","protected":false},"excerpt":{"rendered":"<p>Cuando llevan 5 d\u00edas de huelga en favor de la renovaci\u00f3n de su convenio, piden que el Gobierno tenga en cuenta tambi\u00e9n a los y las trabajadoras de esta empresa del grupo AERNNOVA. Las personas trabajadoras de Fibertecnic, de Vitoria-Gasteiz, secundan hoy la 5\u00aa jornada de huelga en defensa de su convenio. En esta empresa [&hellip;]<\/p>\n","protected":false},"author":1191,"featured_media":85105,"comment_status":"closed","ping_status":"closed","sticky":false,"template":"","format":"standard","meta":{"_monsterinsights_skip_tracking":false,"_monsterinsights_sitenote_active":false,"_monsterinsights_sitenote_note":"","_monsterinsights_sitenote_category":0,"footnotes":"","_links_to":"","_links_to_target":""},"categories":[18,2868],"tags":[3033,3178,2996],"class_list":{"0":"post-85107","1":"post","2":"type-post","3":"status-publish","4":"format-standard","5":"has-post-thumbnail","7":"category-es-accion-sindical","8":"category-industria-es","9":"tag-accion-sindical-es","10":"tag-destacado-1","11":"tag-industria-es"},"_links":{"self":[{"href":"https:\/\/www.lab.eus\/es\/wp-json\/wp\/v2\/posts\/85107","targetHints":{"allow":["GET"]}}],"collection":[{"href":"https:\/\/www.lab.eus\/es\/wp-json\/wp\/v2\/posts"}],"about":[{"href":"https:\/\/www.lab.eus\/es\/wp-json\/wp\/v2\/types\/post"}],"author":[{"embeddable":true,"href":"https:\/\/www.lab.eus\/es\/wp-json\/wp\/v2\/users\/1191"}],"replies":[{"embeddable":true,"href":"https:\/\/www.lab.eus\/es\/wp-json\/wp\/v2\/comments?post=85107"}],"version-history":[{"count":2,"href":"https:\/\/www.lab.eus\/es\/wp-json\/wp\/v2\/posts\/85107\/revisions"}],"predecessor-version":[{"id":85112,"href":"https:\/\/www.lab.eus\/es\/wp-json\/wp\/v2\/posts\/85107\/revisions\/85112"}],"wp:featuredmedia":[{"embeddable":true,"href":"https:\/\/www.lab.eus\/es\/wp-json\/wp\/v2\/media\/85105"}],"wp:attachment":[{"href":"https:\/\/www.lab.eus\/es\/wp-json\/wp\/v2\/media?parent=85107"}],"wp:term":[{"taxonomy":"category","embeddable":true,"href":"https:\/\/www.lab.eus\/es\/wp-json\/wp\/v2\/categories?post=85107"},{"taxonomy":"post_tag","embeddable":true,"href":"https:\/\/www.lab.eus\/es\/wp-json\/wp\/v2\/tags?post=85107"}],"curies":[{"name":"wp","href":"https:\/\/api.w.org\/{rel}","templated":true}]}}