{"id":85098,"date":"2025-10-29T14:13:38","date_gmt":"2025-10-29T14:13:38","guid":{"rendered":"https:\/\/www.lab.eus\/?p=85098"},"modified":"2025-10-29T14:13:41","modified_gmt":"2025-10-29T14:13:41","slug":"lab-rechaza-el-erte-en-zf-aftermarket-y-critica-la-confianza-ciega-de-los-sindicatos-firmantes","status":"publish","type":"post","link":"https:\/\/www.lab.eus\/es\/lab-rechaza-el-erte-en-zf-aftermarket-y-critica-la-confianza-ciega-de-los-sindicatos-firmantes\/","title":{"rendered":"LAB rechaza el ERTE en ZF Aftermarket y critica la \u201cconfianza ciega\u201d de los sindicatos firmantes"},"content":{"rendered":"\n<p><strong>LAB valora negativamente el acuerdo del ERTE firmado entre la mayor\u00eda social y la empresa ZF Aftermarket y considera que refleja \u201cuna confianza ciega\u201d de los sindicatos firmantes hacia la compa\u00f1\u00eda. Advierte, adem\u00e1s, de que el expediente no incluye garant\u00edas de futuro ni protege adecuadamente a las personas trabajadoras.<\/strong><\/p>\n\n\n\n<p>El ERTE se present\u00f3 por causas productivas y organizativas, pero LAB denuncia que \u201cdesde el primer d\u00eda, la \u00fanica soluci\u00f3n propuesta por la empresa es la de sacar producci\u00f3n a su planta de China, para ser m\u00e1s productiva\u201d, y que \u201cno hay m\u00e1s propuestas, ni aunque por unanimidad la parte social as\u00ed se lo demand\u00e1ramos a la empresa\u201d.<\/p>\n\n\n\n<p>El sindicato explica que la empresa \u201cha denegado todo plan de futuro o de viabilidad, alegando que no pueden prever nada m\u00e1s all\u00e1 de seis semanas, ni producciones, ni inversiones, ni garant\u00edas\u201d, lo que contradice, seg\u00fan LAB, \u201ctotalmente el solicitar entonces un ERTE para un a\u00f1o entero\u201d.<\/p>\n\n\n\n<p>LAB critica tambi\u00e9n que, tras los resultados de las cuentas auditadas de 2023, en las que el grupo de empresas se reparti\u00f3 dividendos, \u201cni siquiera se han firmado complementos salariales al 100% para las personas afectadas\u201d. Seg\u00fan el sindicato, hay trabajadores y trabajadoras que permanecer\u00e1n casi todo el a\u00f1o bajo el ERTE, con el perjuicio que ello conlleva para su desempleo, seg\u00fan el calendario de afectaci\u00f3n firmado.<\/p>\n\n\n\n<p>El sindicato cuestiona la actitud de algunos sindicatos que \u201chan hecho p\u00fablico su agrado con lo firmado y aseguran adem\u00e1s haber conseguido garant\u00edas de empleo, cuando es mentira\u201d, e insiste en que \u201ceso es precisamente lo que hace que LAB ni nos hayamos planteado la firma, aun habiendo estado hasta el final en las negociaciones haciendo propuestas\u201d.<\/p>\n\n\n\n<p>En la \u00faltima reuni\u00f3n, LAB denuncia que las \u201cl\u00edneas rojas\u201d acordadas por todos los sindicatos al inicio se fueron traspasando progresivamente, hasta que algunos ya daban por hecho que firmar\u00edan lo que la empresa pusiera sobre la mesa.<\/p>\n\n\n\n<p>Finalmente, el sindicato valora negativamente un ERTE que considera \u201cacordado sin miras al futuro de la empresa\u201d y se\u00f1ala con preocupaci\u00f3n otros casos, como los de MOVINORD en Berrioplano o BSH en Esquiroz, plantas que tambi\u00e9n atravesaron ERTEs y cuyo resultado genera inquietud sobre un posible desenlace similar para los trabajadores.<\/p>\n","protected":false},"excerpt":{"rendered":"<p>LAB valora negativamente el acuerdo del ERTE firmado entre la mayor\u00eda social y la empresa ZF Aftermarket y considera que refleja \u201cuna confianza ciega\u201d de los sindicatos firmantes hacia la compa\u00f1\u00eda. Advierte, adem\u00e1s, de que el expediente no incluye garant\u00edas de futuro ni protege adecuadamente a las personas trabajadoras. El ERTE se present\u00f3 por causas [&hellip;]<\/p>\n","protected":false},"author":1191,"featured_media":85096,"comment_status":"closed","ping_status":"closed","sticky":false,"template":"","format":"standard","meta":{"_monsterinsights_skip_tracking":false,"_monsterinsights_sitenote_active":false,"_monsterinsights_sitenote_note":"","_monsterinsights_sitenote_category":0,"footnotes":"","_links_to":"","_links_to_target":""},"categories":[18,2868],"tags":[3033,3178,2996],"class_list":{"0":"post-85098","1":"post","2":"type-post","3":"status-publish","4":"format-standard","5":"has-post-thumbnail","7":"category-es-accion-sindical","8":"category-industria-es","9":"tag-accion-sindical-es","10":"tag-destacado-1","11":"tag-industria-es"},"_links":{"self":[{"href":"https:\/\/www.lab.eus\/es\/wp-json\/wp\/v2\/posts\/85098","targetHints":{"allow":["GET"]}}],"collection":[{"href":"https:\/\/www.lab.eus\/es\/wp-json\/wp\/v2\/posts"}],"about":[{"href":"https:\/\/www.lab.eus\/es\/wp-json\/wp\/v2\/types\/post"}],"author":[{"embeddable":true,"href":"https:\/\/www.lab.eus\/es\/wp-json\/wp\/v2\/users\/1191"}],"replies":[{"embeddable":true,"href":"https:\/\/www.lab.eus\/es\/wp-json\/wp\/v2\/comments?post=85098"}],"version-history":[{"count":1,"href":"https:\/\/www.lab.eus\/es\/wp-json\/wp\/v2\/posts\/85098\/revisions"}],"predecessor-version":[{"id":85099,"href":"https:\/\/www.lab.eus\/es\/wp-json\/wp\/v2\/posts\/85098\/revisions\/85099"}],"wp:featuredmedia":[{"embeddable":true,"href":"https:\/\/www.lab.eus\/es\/wp-json\/wp\/v2\/media\/85096"}],"wp:attachment":[{"href":"https:\/\/www.lab.eus\/es\/wp-json\/wp\/v2\/media?parent=85098"}],"wp:term":[{"taxonomy":"category","embeddable":true,"href":"https:\/\/www.lab.eus\/es\/wp-json\/wp\/v2\/categories?post=85098"},{"taxonomy":"post_tag","embeddable":true,"href":"https:\/\/www.lab.eus\/es\/wp-json\/wp\/v2\/tags?post=85098"}],"curies":[{"name":"wp","href":"https:\/\/api.w.org\/{rel}","templated":true}]}}