{"id":85090,"date":"2025-10-29T13:26:04","date_gmt":"2025-10-29T13:26:04","guid":{"rendered":"https:\/\/www.lab.eus\/?p=85090"},"modified":"2025-10-29T13:26:07","modified_gmt":"2025-10-29T13:26:07","slug":"bm-no-respeta-a-los-y-las-trabajadoras-de-aiaraldea","status":"publish","type":"post","link":"https:\/\/www.lab.eus\/es\/bm-no-respeta-a-los-y-las-trabajadoras-de-aiaraldea\/","title":{"rendered":"BM no respeta a los y las trabajadoras de Aiaraldea"},"content":{"rendered":"\n<p><strong>BM pretende recortar derechos a los y las trabajadoras de Amurrio y Llodio<\/strong><\/p>\n\n\n\n<p>Hace dos a\u00f1os, BM negocio y firm\u00f3 un nuevo acuerdo con todas tiendas de Vitoria-Gasteiz y \u00c1lava, dejando de lado a las tiendas de Aiaraldea (Amurrio y Laudio-Llodio). Desde entonces y en especial durante todo el \u00faltimo a\u00f1o, los representantes de la empresa dijeron y se comprometieron con el comit\u00e9 de BM Ayala a que se negociar\u00eda un nuevo acuerdo y que no perder\u00edan derechos.<\/p>\n\n\n\n<p>Cuando ha llegado el momento de negociar, la empresa ha retrasado en varias ocasiones la negociaci\u00f3n y finalmente ha renunciado a una negociaci\u00f3n real. La empresa est\u00e1 tratando de imponer a los y las trabajadoras las condiciones que unilateralmente quiere la direcci\u00f3n. BM incluso ha renunciado a cualquier intento de conciliaci\u00f3n y mediaci\u00f3n propuesta en y desde el CRL (Consejo de Relaciones Laborales) en septiembre.<\/p>\n\n\n\n<p>Ademas de dejar a las trabajadoras sin acuerdo, podemos decir claramente que han mentido y enga\u00f1ado a los y las trabajadoras y a sus representantes. En varias reuniones, actas y conversaciones, los representante de la empresa dijeron y se comprometieron a negociar y acordar un nuevo acuerdo, y no s\u00f3lo eso, sino que tambi\u00e9n trasladaron que no iban a perder ni derechos ni poder adquisitivo.&nbsp;<\/p>\n\n\n\n<p>Pero lejos de esto, la empresa esta imponiendo sus condiciones y negando cualquier tipo de negociaci\u00f3n y acuerdo. A d\u00eda de hoy, las tiendas de BM de Amurrio y Laudio, son las \u00fanicas que se encuentran en esta situaci\u00f3n tan lamentable.&nbsp;<\/p>\n\n\n\n<p>Adem\u00e1s, respecto a las condicones laborales y las cargas de trabajo, la empresa lejos de mejorar la precaria situaci\u00f3n laboral, no esta reforzando la plantilla como deberia, y cada vez mas trabjadoras no son renovadas, ni son sustituidas, e incluso debido a toda esta situaci\u00f3n optan por dejar la empresa.<\/p>\n\n\n\n<p>Por si todo esto fuera poco, en los ultimos meses varias trabajadoras y represetantes de las trabajadoras han tenido que sufrir la presi\u00f3n y chantaje, tanto en las tiendas como en unas jornadas organizadas por la empresa.<\/p>\n\n\n\n<p>Desde LAB no estamos dispuestos a quedarnos callados ante estas imposiciones. Defender los derechos y unas condiciones dignas para las trabajadoras es legitimo. Por todo lo mecionado, durante el verano se han realizado diferentes acciones sindicales y visto que la situaci\u00f3n no ha cambiado ni mejorado, hoy 29 de octubre hemos realizado un paro de 3 horas en las tiendas de Amurrio y Laudio, y nos hemos movilizado delante de la oficinas de BM en Bilbao.&nbsp;<\/p>\n","protected":false},"excerpt":{"rendered":"<p>BM pretende recortar derechos a los y las trabajadoras de Amurrio y Llodio Hace dos a\u00f1os, BM negocio y firm\u00f3 un nuevo acuerdo con todas tiendas de Vitoria-Gasteiz y \u00c1lava, dejando de lado a las tiendas de Aiaraldea (Amurrio y Laudio-Llodio). Desde entonces y en especial durante todo el \u00faltimo a\u00f1o, los representantes de la [&hellip;]<\/p>\n","protected":false},"author":1191,"featured_media":85088,"comment_status":"closed","ping_status":"closed","sticky":false,"template":"","format":"standard","meta":{"_monsterinsights_skip_tracking":false,"_monsterinsights_sitenote_active":false,"_monsterinsights_sitenote_note":"","_monsterinsights_sitenote_category":0,"footnotes":"","_links_to":"","_links_to_target":""},"categories":[18],"tags":[3033,3178],"class_list":{"0":"post-85090","1":"post","2":"type-post","3":"status-publish","4":"format-standard","5":"has-post-thumbnail","7":"category-es-accion-sindical","8":"tag-accion-sindical-es","9":"tag-destacado-1"},"_links":{"self":[{"href":"https:\/\/www.lab.eus\/es\/wp-json\/wp\/v2\/posts\/85090","targetHints":{"allow":["GET"]}}],"collection":[{"href":"https:\/\/www.lab.eus\/es\/wp-json\/wp\/v2\/posts"}],"about":[{"href":"https:\/\/www.lab.eus\/es\/wp-json\/wp\/v2\/types\/post"}],"author":[{"embeddable":true,"href":"https:\/\/www.lab.eus\/es\/wp-json\/wp\/v2\/users\/1191"}],"replies":[{"embeddable":true,"href":"https:\/\/www.lab.eus\/es\/wp-json\/wp\/v2\/comments?post=85090"}],"version-history":[{"count":1,"href":"https:\/\/www.lab.eus\/es\/wp-json\/wp\/v2\/posts\/85090\/revisions"}],"predecessor-version":[{"id":85091,"href":"https:\/\/www.lab.eus\/es\/wp-json\/wp\/v2\/posts\/85090\/revisions\/85091"}],"wp:featuredmedia":[{"embeddable":true,"href":"https:\/\/www.lab.eus\/es\/wp-json\/wp\/v2\/media\/85088"}],"wp:attachment":[{"href":"https:\/\/www.lab.eus\/es\/wp-json\/wp\/v2\/media?parent=85090"}],"wp:term":[{"taxonomy":"category","embeddable":true,"href":"https:\/\/www.lab.eus\/es\/wp-json\/wp\/v2\/categories?post=85090"},{"taxonomy":"post_tag","embeddable":true,"href":"https:\/\/www.lab.eus\/es\/wp-json\/wp\/v2\/tags?post=85090"}],"curies":[{"name":"wp","href":"https:\/\/api.w.org\/{rel}","templated":true}]}}