{"id":85083,"date":"2025-10-29T12:52:02","date_gmt":"2025-10-29T12:52:02","guid":{"rendered":"https:\/\/www.lab.eus\/?p=85083"},"modified":"2025-10-29T12:52:05","modified_gmt":"2025-10-29T12:52:05","slug":"gobierno-vasco-garantiza-financiacion-suficiente-para-la-ehu-en-los-presupuestos-prioridad-para-la-universidad-publica","status":"publish","type":"post","link":"https:\/\/www.lab.eus\/es\/gobierno-vasco-garantiza-financiacion-suficiente-para-la-ehu-en-los-presupuestos-prioridad-para-la-universidad-publica\/","title":{"rendered":"Gobierno Vasco: \u00a1Garantiza financiaci\u00f3n suficiente para la EHU en los presupuestos! \u00a1Prioridad para la universidad p\u00fablica!"},"content":{"rendered":"\n<p><strong>El debate parlamentario de los presupuestos vascos de 2026 ha comenzado y es imprescindible, una vez m\u00e1s, poner de manifiesto la subfinanciaci\u00f3n de la universidad p\u00fablica. De hecho, aunque para 2026 se prev\u00e9 un ligero aumento de la financiaci\u00f3n destinada a la EHU, seguir\u00e1 estando muy lejos de cubrir sus necesidades, incluso del 1% del PIB marcado como objetivo por la LOSU. En paralelo, los recursos destinados a las universidades privadas, ya sea financiaci\u00f3n directa o cesi\u00f3n de otros recursos p\u00fablicos, son cada vez mayores.<\/strong><\/p>\n\n\n\n<p>Volvemos a afirmar que hay una dejadez intencionada hacia la universidad p\u00fablica que no permite hacer frente a las carencias end\u00e9micas que padece la EHU.<\/p>\n\n\n\n<p>Los salarios del personal docente e investigador (PDI) que entra en la EHU son inferiores a los salarios del profesorado novel en secundaria y la p\u00e9rdida de poder adquisitivo ha sido muy evidente. Por aportar un dato, desde 2008 los salarios del profesorado agregado y titular de universidades han sufrido una p\u00e9rdida del 24,3%. A ello hay que a\u00f1adir que se mantienen congelados los complementos creados en 2006 para complementar los salarios, cuando el incremento del IPC ha sido el 46,6% desde ese a\u00f1o.<\/p>\n\n\n\n<p>Adem\u00e1s, se mantienen situaciones insostenibles de precariedad. A pesar de que se ha encontrado la v\u00eda para poder contratar profesorado sustituto a tiempo completo, el profesorado a dedicaci\u00f3n parcial sigue cobrando entre 400 y 800 euros, sin tener reconocidas algunas de las actividades imprescindibles que realizan. Al menos desde el punto de vista econ\u00f3mico, la carrera de fondo para ser personal docente e investigador universitario no hace atractiva esta profesi\u00f3n y en algunas \u00e1reas de conocimiento cada vez se est\u00e1n quedando vacantes m\u00e1s plazas docentes de nueva creaci\u00f3n. Esto tendr\u00e1 graves consecuencias a medio y largo plazo, ya que en algunos departamentos de la universidad p\u00fablica no habr\u00e1 suficiente profesorado.<\/p>\n\n\n\n<p>En el caso del Personal T\u00e9cnico, de Gesti\u00f3n y de Administraci\u00f3n y Servicios (PTGAS), la p\u00e9rdida de poder adquisitivo ocurrida en los \u00faltimos 15 a\u00f1os ha sido del 18,2%, y en muchos servicios y departamentos se necesita m\u00e1s personal. Los puestos de trabajo con menor nivel retributivo deben ser revisados y garantizando unas condiciones salariales dignas y acordes con el coste real de la vida. Para el adecuado desarrollo de la docencia, investigaci\u00f3n y dem\u00e1s actividades es imprescindible el trabajo del PTGAS. Sin embargo, mientras que en otros pa\u00edses europeos la ratio PDI \/ PTGAS es de 2, en la EHU es de 2,76.<\/p>\n\n\n\n<p>Para que la universidad p\u00fablica pueda responder a las necesidades de formaci\u00f3n, investigaci\u00f3n y\/o transferencia de conocimiento de la sociedad vasca es necesario disponer de plantilla suficiente, garantizar el derecho a la promoci\u00f3n, disponer de unas condiciones laborales dignas y cuidar a las y los trabajadores. Es necesario aumentar el n\u00famero de contratos para las tesis doctorales, garantizar recursos suficientes para la investigaci\u00f3n, poner en marcha las necesarias nuevas instalaciones, realizar el mantenimiento de los edificios (en algunos centros nos hemos acostumbrado a las goteras anuales&#8230;), acabar con la privatizaci\u00f3n de algunos servicios, as\u00ed como dotar bien a los departamentos y servicios generales.<\/p>\n\n\n\n<p>Asimismo, exigimos al equipo rectoral una actitud firme para conseguir la financiaci\u00f3n necesaria para la EHU. Es responsabilidad de la direcci\u00f3n de la EHU defender con energ\u00eda ante el Gobierno Vasco una financiaci\u00f3n que responda a las necesidades de una universidad p\u00fablica al servicio de la sociedad.<\/p>\n\n\n\n<p>De hecho, la financiaci\u00f3n que destina el Gobierno Vasco sigue siendo muy baja. De hecho, su aportaci\u00f3n a la EHU para 2025 ha supuesto el 0,46% del Producto Interior Bruto de la Comunidad Aut\u00f3noma Vasca en 2024, muy lejos del 1% del PIB que marca la Ley Org\u00e1nica del Sistema Universitario para 2031. Lo peor es que el consejero de Ciencia, Universidades e Innovaci\u00f3n, en declaraciones realizadas en algunos medios, deja claro que no tienen ninguna intenci\u00f3n de acercarse a esa cifra. Tampoco menciona la posibilidad que ofrece LOSU de que las universidades que tengan dos lenguas oficiales obtengan mayor financiaci\u00f3n. Mientras en muchos Estados europeos la financiaci\u00f3n de las universidades p\u00fablicas supera el 1% del PIB, los encargados de financiar la EHU est\u00e1n conscientemente comprometiendo su presente y futuro.<\/p>\n\n\n\n<p>Al mismo tiempo, el Gobierno Vasco pone la alfombra roja a las universidades privadas promoviendo un modelo elitista de educaci\u00f3n universitaria. La EHU, que deber\u00eda ser un barco fuerte para todos, se est\u00e1 hundiendo poco a poco, mientras la flota de universidades privadas es cada vez m\u00e1s diversa y potente, con todas las facilidades desde las instituciones y financiada directa o indirectamente con dinero p\u00fablico.<\/p>\n\n\n\n<p>Por eso, hoy en la comisi\u00f3n de Ciencia, Universidades e Innovaci\u00f3n estamos exponiendo la situaci\u00f3n y necesidades de la EHU. Por eso, ahora que se est\u00e1n definiendo los presupuestos, exigimos a todos los partidos pol\u00edticos que defiendan la universidad p\u00fablica que necesita la sociedad vasca frente a un modelo privatizador y neoliberal y que garanticen su financiaci\u00f3n y, especialmente, al Gobierno Vasco y al Consejero de Ciencia, Universidades e Innovaci\u00f3n que tienen en sus manos la decisi\u00f3n de fortalecer o debilitar la EHU.<\/p>\n\n\n\n<p><strong>\u00a1En defensa de la universidad p\u00fablica, que se garantice la financiaci\u00f3n necesaria para la EHU!<\/strong><\/p>\n","protected":false},"excerpt":{"rendered":"<p>El debate parlamentario de los presupuestos vascos de 2026 ha comenzado y es imprescindible, una vez m\u00e1s, poner de manifiesto la subfinanciaci\u00f3n de la universidad p\u00fablica. De hecho, aunque para 2026 se prev\u00e9 un ligero aumento de la financiaci\u00f3n destinada a la EHU, seguir\u00e1 estando muy lejos de cubrir sus necesidades, incluso del 1% del [&hellip;]<\/p>\n","protected":false},"author":1191,"featured_media":85081,"comment_status":"closed","ping_status":"closed","sticky":false,"template":"","format":"standard","meta":{"_monsterinsights_skip_tracking":false,"_monsterinsights_sitenote_active":false,"_monsterinsights_sitenote_note":"","_monsterinsights_sitenote_category":0,"footnotes":"","_links_to":"","_links_to_target":""},"categories":[18,33,6,3059],"tags":[3033,3178,3194,3171],"class_list":{"0":"post-85083","1":"post","2":"type-post","3":"status-publish","4":"format-standard","5":"has-post-thumbnail","7":"category-es-accion-sindical","8":"category-es-ensenanza","9":"category-es-servicios-publicos","10":"category-universidad","11":"tag-accion-sindical-es","12":"tag-destacado-1","13":"tag-ensenanza-es","14":"tag-servicios-publicos-es"},"_links":{"self":[{"href":"https:\/\/www.lab.eus\/es\/wp-json\/wp\/v2\/posts\/85083","targetHints":{"allow":["GET"]}}],"collection":[{"href":"https:\/\/www.lab.eus\/es\/wp-json\/wp\/v2\/posts"}],"about":[{"href":"https:\/\/www.lab.eus\/es\/wp-json\/wp\/v2\/types\/post"}],"author":[{"embeddable":true,"href":"https:\/\/www.lab.eus\/es\/wp-json\/wp\/v2\/users\/1191"}],"replies":[{"embeddable":true,"href":"https:\/\/www.lab.eus\/es\/wp-json\/wp\/v2\/comments?post=85083"}],"version-history":[{"count":1,"href":"https:\/\/www.lab.eus\/es\/wp-json\/wp\/v2\/posts\/85083\/revisions"}],"predecessor-version":[{"id":85084,"href":"https:\/\/www.lab.eus\/es\/wp-json\/wp\/v2\/posts\/85083\/revisions\/85084"}],"wp:featuredmedia":[{"embeddable":true,"href":"https:\/\/www.lab.eus\/es\/wp-json\/wp\/v2\/media\/85081"}],"wp:attachment":[{"href":"https:\/\/www.lab.eus\/es\/wp-json\/wp\/v2\/media?parent=85083"}],"wp:term":[{"taxonomy":"category","embeddable":true,"href":"https:\/\/www.lab.eus\/es\/wp-json\/wp\/v2\/categories?post=85083"},{"taxonomy":"post_tag","embeddable":true,"href":"https:\/\/www.lab.eus\/es\/wp-json\/wp\/v2\/tags?post=85083"}],"curies":[{"name":"wp","href":"https:\/\/api.w.org\/{rel}","templated":true}]}}