{"id":85076,"date":"2025-10-29T11:05:05","date_gmt":"2025-10-29T11:05:05","guid":{"rendered":"https:\/\/www.lab.eus\/?p=85076"},"modified":"2025-10-29T11:05:08","modified_gmt":"2025-10-29T11:05:08","slug":"profesionales-de-los-sectores-de-discapacidad-y-residencias-se-movilizan-para-exigir-el-desbloqueo-de-los-convenios","status":"publish","type":"post","link":"https:\/\/www.lab.eus\/es\/profesionales-de-los-sectores-de-discapacidad-y-residencias-se-movilizan-para-exigir-el-desbloqueo-de-los-convenios\/","title":{"rendered":"Profesionales de los sectores de discapacidad y residencias se movilizan para exigir el desbloqueo de los convenios"},"content":{"rendered":"\n<p><strong>Personal de los sectores de discapacidad y residencias de ancianos se han concentrado hoy frente a la Agencia Navarra de Autonom\u00eda y Desarrollo de las Personas en Pamplona, en una movilizaci\u00f3n convocada por el sindicato LAB, para exigir avances en la negociaci\u00f3n de los convenios laborales y la mejora de sus condiciones de trabajo.<\/strong><\/p>\n\n\n\n<p>Los trabajadores y trabajadoras del sector denuncian la \u201cactitud irresponsable y obstinada\u201d de las patronales, que se niegan a mejorar sus condiciones laborales, lo que en algunos casos ha provocado p\u00e9rdida de poder adquisitivo. Estas condiciones, se\u00f1alan, afectan a un sector esencial para la sociedad, \u201cnuestro trabajo sostiene la atenci\u00f3n y el cuidado de las personas m\u00e1s vulnerables, y exigimos el respeto y la dignidad que nos corresponden\u201d.<\/p>\n\n\n\n<p>LAB tambi\u00e9n ha criticado la actuaci\u00f3n del Gobierno de Navarra, se\u00f1alando que \u201ctiene una clara responsabilidad ya que inyecta dinero p\u00fablico a empresas privadas\u201d. Pese a estas ayudas, advierten, las empresas contin\u00faan sin mejorar las condiciones laborales del sector, \u201cdemostrando una vez m\u00e1s que los beneficios empresariales est\u00e1n por encima del bienestar de quienes sostienen el sistema de cuidados\u201d.<\/p>\n\n\n\n<p>Con el fin de impulsar la negociaci\u00f3n, LAB ha anunciado que habr\u00e1 una nueva convocatoria el pr\u00f3ximo 13 de noviembre a las 10:00 frente al Parlamento de Navarra y anima a todo el personal de ambos sectores a participar. El sindicato subraya que \u201csolo con fuerza colectiva, unidad y movilizaci\u00f3n se conseguir\u00e1 desbloquear los convenios y lograr las mejoras que llevamos a\u00f1os reclamando\u201d.<\/p>\n","protected":false},"excerpt":{"rendered":"<p>Personal de los sectores de discapacidad y residencias de ancianos se han concentrado hoy frente a la Agencia Navarra de Autonom\u00eda y Desarrollo de las Personas en Pamplona, en una movilizaci\u00f3n convocada por el sindicato LAB, para exigir avances en la negociaci\u00f3n de los convenios laborales y la mejora de sus condiciones de trabajo. Los [&hellip;]<\/p>\n","protected":false},"author":1191,"featured_media":85074,"comment_status":"closed","ping_status":"closed","sticky":false,"template":"","format":"standard","meta":{"_monsterinsights_skip_tracking":false,"_monsterinsights_sitenote_active":false,"_monsterinsights_sitenote_note":"","_monsterinsights_sitenote_category":0,"footnotes":"","_links_to":"","_links_to_target":""},"categories":[18,2961,8],"tags":[3033,3178,3172],"class_list":{"0":"post-85076","1":"post","2":"type-post","3":"status-publish","4":"format-standard","5":"has-post-thumbnail","7":"category-es-accion-sindical","8":"category-residencias-personas-mayores","9":"category-es-servicios-privados","10":"tag-accion-sindical-es","11":"tag-destacado-1","12":"tag-servicios-privados-es"},"_links":{"self":[{"href":"https:\/\/www.lab.eus\/es\/wp-json\/wp\/v2\/posts\/85076","targetHints":{"allow":["GET"]}}],"collection":[{"href":"https:\/\/www.lab.eus\/es\/wp-json\/wp\/v2\/posts"}],"about":[{"href":"https:\/\/www.lab.eus\/es\/wp-json\/wp\/v2\/types\/post"}],"author":[{"embeddable":true,"href":"https:\/\/www.lab.eus\/es\/wp-json\/wp\/v2\/users\/1191"}],"replies":[{"embeddable":true,"href":"https:\/\/www.lab.eus\/es\/wp-json\/wp\/v2\/comments?post=85076"}],"version-history":[{"count":1,"href":"https:\/\/www.lab.eus\/es\/wp-json\/wp\/v2\/posts\/85076\/revisions"}],"predecessor-version":[{"id":85077,"href":"https:\/\/www.lab.eus\/es\/wp-json\/wp\/v2\/posts\/85076\/revisions\/85077"}],"wp:featuredmedia":[{"embeddable":true,"href":"https:\/\/www.lab.eus\/es\/wp-json\/wp\/v2\/media\/85074"}],"wp:attachment":[{"href":"https:\/\/www.lab.eus\/es\/wp-json\/wp\/v2\/media?parent=85076"}],"wp:term":[{"taxonomy":"category","embeddable":true,"href":"https:\/\/www.lab.eus\/es\/wp-json\/wp\/v2\/categories?post=85076"},{"taxonomy":"post_tag","embeddable":true,"href":"https:\/\/www.lab.eus\/es\/wp-json\/wp\/v2\/tags?post=85076"}],"curies":[{"name":"wp","href":"https:\/\/api.w.org\/{rel}","templated":true}]}}