{"id":85068,"date":"2025-10-29T10:39:36","date_gmt":"2025-10-29T10:39:36","guid":{"rendered":"https:\/\/www.lab.eus\/?p=85068"},"modified":"2025-10-29T10:41:46","modified_gmt":"2025-10-29T10:41:46","slug":"lab-exige-compromiso-en-la-votacion-de-la-onu-por-el-fin-del-bloqueo-de-eeuu-contra-cuba","status":"publish","type":"post","link":"https:\/\/www.lab.eus\/es\/lab-exige-compromiso-en-la-votacion-de-la-onu-por-el-fin-del-bloqueo-de-eeuu-contra-cuba\/","title":{"rendered":"LAB exige compromiso en la votaci\u00f3n de la ONU por el fin del bloqueo de EEUU contra Cuba"},"content":{"rendered":"\n<p><strong>Hoy los estados miembro de la Organizaci\u00f3n de las Naciones Unidas votan la resoluci\u00f3n que exige el levantamiento del bloqueo econ\u00f3mico, comercial y financiero impuesto por Estados Unidos a Cuba. Una votaci\u00f3n que, desde 1992, cuenta con el apoyo de la mayor\u00eda absoluta de los estados miembro. El a\u00f1o pasado, 187 gobiernos respaldaron la resoluci\u00f3n, mientras que solo dos pa\u00edses \u2014Estados Unidos e Israel\u2014 se pronunciaron en contra y uno se abstuvo.<\/strong><\/p>\n\n\n\n<p>El bloqueo contra Cuba se prolonga por m\u00e1s de seis d\u00e9cadas, pero es desde 2019, con la aplicaci\u00f3n de la pol\u00edtica de m\u00e1xima presi\u00f3n y las 243 nuevas sanciones impuestas por la primera administraci\u00f3n de Donald Trump, junto a los efectos de la pandemia, cuando se produce la <strong>\u201ctormenta perfecta\u201d<\/strong> contra la econom\u00eda de la isla. La situaci\u00f3n no mejor\u00f3 con la llegada de Biden, ya que no suspendi\u00f3 dichas sanciones y el bloqueo se mantuvo vigente en toda su crudeza. En la actualidad, la segunda administraci\u00f3n Trump, con <strong>Marco Rubio<\/strong> como secretario de Estado, ha aplicado una nueva bater\u00eda de sanciones.<\/p>\n\n\n\n<p>Adem\u00e1s, conforme ha informado <strong>Amanda Verrone<\/strong>, miembro de la Secretar\u00eda de Relaciones Internacionales del sindicato LAB, la votaci\u00f3n de este a\u00f1o est\u00e1 marcada por un aumento sin precedentes en las amenazas, presiones y chantajes sobre una serie de pa\u00edses \u2014principalmente de Europa y Am\u00e9rica Latina\u2014 para que modifiquen su voto hist\u00f3rico a favor del fin del bloqueo. Utilizando mentiras como una supuesta \u201ccolaboraci\u00f3n militar de Cuba con Rusia\u201d en el conflicto con Ucrania (algo totalmente inexistente y sobre lo que no se ha presentado prueba alguna), la administraci\u00f3n Trump ha puesto en marcha toda su maquinaria diplom\u00e1tica en las \u00faltimas semanas.<\/p>\n\n\n\n<p>Por ello, la asociaci\u00f3n de solidaridad <strong>Euskadi-Cuba<\/strong> y las asociaciones de la emigraci\u00f3n cubana en Euskal Herria <strong>Sierra Maestra-Euskadi<\/strong> y <strong>Desembarco del Granma<\/strong> se han reunido hoy en la sede de LAB en Bilbao para denunciar este nuevo episodio de desestabilizaci\u00f3n de la isla y expresar que acompa\u00f1an de cerca la votaci\u00f3n en la ONU y apoyan este <strong>\u201cs\u00ed\u201d un\u00e1nime al fin del bloqueo<\/strong>.<\/p>\n\n\n\n<hr class=\"wp-block-separator has-alpha-channel-opacity\"\/>\n\n\n\n<h3 class=\"wp-block-heading\"><strong>Apoyo a la lucha internacional por el fin del bloqueo contra Cuba<\/strong><\/h3>\n\n\n\n<p>Seg\u00fan <strong>Jos\u00e9 Manzaneda<\/strong>, miembro de la asociaci\u00f3n de amistad Euskadi-Cuba, existe una estrategia de precisi\u00f3n quir\u00fargica contra todas las fuentes de ingreso, inversi\u00f3n o cr\u00e9dito de la isla: el turismo, los convenios m\u00e9dicos, las remesas, las exportaciones farmac\u00e9uticas, etc. Cada a\u00f1o, el costo del bloqueo rondaba los <strong>5.000 millones de d\u00f3lares<\/strong>. Este a\u00f1o se ha incrementado un 50%, llegando a <strong>7.500 millones<\/strong>. Las causas son la mayor eficiencia de la destrucci\u00f3n de los ingresos por exportaciones de bienes y servicios dejados de percibir, destacando el impacto en el turismo. Sin bloqueo, Cuba podr\u00eda registrar <strong>crecimientos superiores al 9% anual<\/strong> en su macroeconom\u00eda.<\/p>\n\n\n\n<p>Hay que recordar la contundente sentencia del <strong>Tribunal Internacional de Bruselas contra el bloqueo a Cuba<\/strong>, celebrada en noviembre de 2023 en el propio Parlamento Europeo con car\u00e1cter simb\u00f3lico. Este tribunal de conciencia, integrado por prestigiosos juristas, intelectuales y l\u00edderes sociales de todo el mundo, declar\u00f3 al <strong>gobierno de Estados Unidos CULPABLE<\/strong> de cometer cr\u00edmenes de lesa humanidad y de intento de genocidio mediante la imposici\u00f3n del bloqueo que, actualmente, afecta especialmente a la salud p\u00fablica cubana.<\/p>\n\n\n\n<hr class=\"wp-block-separator has-alpha-channel-opacity\"\/>\n\n\n\n<h3 class=\"wp-block-heading\"><strong>Algunos datos sobre el impacto de las sanciones de los \u00faltimos seis a\u00f1os en la salud p\u00fablica cubana<\/strong><\/h3>\n\n\n\n<p><strong>Milagros Acea<\/strong>, miembro de las asociaciones de la emigraci\u00f3n cubana Sierra Maestra-Euskadi y Desembarco del Granma, ha explicado que hoy los hospitales y farmacias de Cuba cuentan apenas con el <strong>30% del cuadro b\u00e1sico de medicamentos<\/strong>. Adem\u00e1s, existe una \u201cdeuda quir\u00fargica\u201d de al menos <strong>94.700 pacientes<\/strong>, de los cuales casi <strong>10.000 son ni\u00f1os y ni\u00f1as<\/strong> que, en lo que va de a\u00f1o, no han tenido acceso a la operaci\u00f3n que necesitan.<\/p>\n\n\n\n<p>Es preocupante tambi\u00e9n el incremento de la <strong>mortalidad infantil<\/strong>, que ha pasado de <strong>5 por cada 1.000 nacidos en 2019<\/strong> a <strong>7,5<\/strong> en las \u00faltimas mediciones. Seg\u00fan una economista cubana, con el valor econ\u00f3mico dejado de percibir por el bloqueo durante solo <strong>16 d\u00edas<\/strong> (es decir, <strong>339 millones de d\u00f3lares<\/strong>), se podr\u00eda cubrir toda la compra anual del cuadro b\u00e1sico nacional de medicamentos. Con el dinero correspondiente a <strong>14 horas de bloqueo<\/strong> (unos <strong>12 millones de d\u00f3lares<\/strong>), los pacientes que necesitan di\u00e1lisis o insulina podr\u00edan tener acceso al tratamiento durante un mes.<\/p>\n\n\n\n<hr class=\"wp-block-separator has-alpha-channel-opacity\"\/>\n\n\n\n<h3 class=\"wp-block-heading\"><strong>Primeros resultados de la campa\u00f1a solidaria para medicamentos, materiales sanitarios y marcapasos<\/strong><\/h3>\n\n\n\n<p><strong>Amanda Verrone<\/strong>, miembro de la Secretar\u00eda de Relaciones Internacionales de LAB, ha informado que, como respuesta internacionalista frente a este bloqueo criminal, el sindicato LAB \u2014en alianza con las asociaciones mencionadas\u2014 lanz\u00f3 el <strong>1 de septiembre<\/strong> una campa\u00f1a de recogida de medicamentos, material sanitario y fondos para la compra de marcapasos, titulada <em>\u201cLangileon elkartasunez blokeoa hautsi!\u201d<\/em> (<em>\u201cRomper el bloqueo mediante la solidaridad de los y las trabajadoras\u201d<\/em>).<\/p>\n\n\n\n<p>Los puntos de recogida han sido las <strong>22 sedes del sindicato<\/strong> en toda Hego Euskal Herria, los <strong>centros de salud<\/strong> en los que LAB tiene representaci\u00f3n sindical (como el <strong>Hospital de Basurto<\/strong>), as\u00ed como la sede en Bilbao de Euskadi-Cuba y varias <strong>Herriko tabernas<\/strong>. Debe reconocerse, por encima de todo, el <strong>trabajo militante de los y las delegadas sanitarias de LAB<\/strong>, principalmente en <strong>Osakidetza<\/strong> y <strong>Osasunbidea<\/strong>.<\/p>\n\n\n\n<p>La campa\u00f1a culminar\u00e1 el <strong>31 de octubre<\/strong>, y actualmente se encuentra en proceso de recogida, clasificaci\u00f3n y empaquetado. Amanda Verrone ha compartido los primeros datos, a\u00fan provisionales:<\/p>\n\n\n\n<ul class=\"wp-block-list\">\n<li>Se estima la recogida de unas <strong>cinco toneladas de materiales<\/strong>.<\/li>\n\n\n\n<li>Los materiales recogidos incluyen: medicamentos; jeringuillas, mascarillas, guantes, esparadrapos, vendas, sondas, suturas y productos de higiene como pa\u00f1ales, compresas y preservativos.<\/li>\n\n\n\n<li>La campa\u00f1a ha recaudado tambi\u00e9n <strong>12.000 euros<\/strong>, que se integrar\u00e1n en la campa\u00f1a <strong>\u201cCon la mano en el coraz\u00f3n\u201d<\/strong> de la ONG <strong>Medicuba Europa<\/strong>, con los que se adquirir\u00e1n aproximadamente <strong>20 marcapasos unicamerales<\/strong>.<\/li>\n<\/ul>\n\n\n\n<p>Por todo ello, desde el sindicato <strong>LAB<\/strong> denunciamos los recientes ataques imperialistas contra la isla, exigimos a la comunidad internacional <strong>compromiso en la votaci\u00f3n ante la ONU en contra de este bloqueo criminal<\/strong>, y volvemos a manifestar nuestra defensa de la <strong>soberan\u00eda y autodeterminaci\u00f3n del pueblo de Cuba<\/strong>, de la <strong>Revoluci\u00f3n Cubana<\/strong> y de los valores que ha transmitido a todo el mundo.<\/p>\n\n\n\n<p>Tambi\u00e9n reivindicamos la <strong>retirada de Cuba de la infame lista de pa\u00edses que patrocinan el terrorismo<\/strong>. Tenemos muy claro, y lo decimos con orgullo, que si Cuba tuviera que estar incluida en alguna lista, ser\u00eda en la <strong>lista de los pa\u00edses que defienden la vida, la solidaridad y los derechos humanos<\/strong>. Finalmente, enviamos nuestra solidaridad a la <strong>Central de Trabajadores de Cuba<\/strong> y al <strong>pueblo cubano<\/strong>, tanto en la isla como en Euskal Herria.<\/p>\n","protected":false},"excerpt":{"rendered":"<p>Hoy los estados miembro de la Organizaci\u00f3n de las Naciones Unidas votan la resoluci\u00f3n que exige el levantamiento del bloqueo econ\u00f3mico, comercial y financiero impuesto por Estados Unidos a Cuba. Una votaci\u00f3n que, desde 1992, cuenta con el apoyo de la mayor\u00eda absoluta de los estados miembro. El a\u00f1o pasado, 187 gobiernos respaldaron la resoluci\u00f3n, [&hellip;]<\/p>\n","protected":false},"author":1191,"featured_media":85066,"comment_status":"closed","ping_status":"closed","sticky":false,"template":"","format":"standard","meta":{"_monsterinsights_skip_tracking":false,"_monsterinsights_sitenote_active":false,"_monsterinsights_sitenote_note":"","_monsterinsights_sitenote_category":0,"footnotes":"","_links_to":"","_links_to_target":""},"categories":[18],"tags":[3033,3279],"class_list":{"0":"post-85068","1":"post","2":"type-post","3":"status-publish","4":"format-standard","5":"has-post-thumbnail","7":"category-es-accion-sindical","8":"tag-accion-sindical-es","9":"tag-portada-es"},"_links":{"self":[{"href":"https:\/\/www.lab.eus\/es\/wp-json\/wp\/v2\/posts\/85068","targetHints":{"allow":["GET"]}}],"collection":[{"href":"https:\/\/www.lab.eus\/es\/wp-json\/wp\/v2\/posts"}],"about":[{"href":"https:\/\/www.lab.eus\/es\/wp-json\/wp\/v2\/types\/post"}],"author":[{"embeddable":true,"href":"https:\/\/www.lab.eus\/es\/wp-json\/wp\/v2\/users\/1191"}],"replies":[{"embeddable":true,"href":"https:\/\/www.lab.eus\/es\/wp-json\/wp\/v2\/comments?post=85068"}],"version-history":[{"count":1,"href":"https:\/\/www.lab.eus\/es\/wp-json\/wp\/v2\/posts\/85068\/revisions"}],"predecessor-version":[{"id":85069,"href":"https:\/\/www.lab.eus\/es\/wp-json\/wp\/v2\/posts\/85068\/revisions\/85069"}],"wp:featuredmedia":[{"embeddable":true,"href":"https:\/\/www.lab.eus\/es\/wp-json\/wp\/v2\/media\/85066"}],"wp:attachment":[{"href":"https:\/\/www.lab.eus\/es\/wp-json\/wp\/v2\/media?parent=85068"}],"wp:term":[{"taxonomy":"category","embeddable":true,"href":"https:\/\/www.lab.eus\/es\/wp-json\/wp\/v2\/categories?post=85068"},{"taxonomy":"post_tag","embeddable":true,"href":"https:\/\/www.lab.eus\/es\/wp-json\/wp\/v2\/tags?post=85068"}],"curies":[{"name":"wp","href":"https:\/\/api.w.org\/{rel}","templated":true}]}}