{"id":85060,"date":"2025-10-28T15:24:02","date_gmt":"2025-10-28T15:24:02","guid":{"rendered":"https:\/\/www.lab.eus\/?p=85060"},"modified":"2025-10-28T15:24:05","modified_gmt":"2025-10-28T15:24:05","slug":"lab-denuncia-el-despido-del-45-del-personal-tecnico-audiovisual-de-telesonic-navarra-que-presta-servicio-en-el-auditorio-baluarte","status":"publish","type":"post","link":"https:\/\/www.lab.eus\/es\/lab-denuncia-el-despido-del-45-del-personal-tecnico-audiovisual-de-telesonic-navarra-que-presta-servicio-en-el-auditorio-baluarte\/","title":{"rendered":"LAB denuncia el despido del 45 % del personal t\u00e9cnico audiovisual de Telesonic Navarra que presta servicio en el Auditorio Baluarte"},"content":{"rendered":"\n<p>El sindicato LAB, con el 100 % de la representaci\u00f3n sindical en el sector del personal t\u00e9cnico de espect\u00e1culos y eventos de Navarra, ha denunciado los despidos que afectan al 45 % de la plantilla de Telesonic en el Auditorio Baluarte.<\/p>\n\n\n\n<p>La empresa ha comunicado estos despidos alegando causas organizativas y productivas, as\u00ed como falta de adaptaci\u00f3n del personal. Desde LAB rechazan \u201crotundamente\u201d estos argumentos, especialmente los relativos a la adaptaci\u00f3n, ya que, seg\u00fan el sindicato, la plantilla no ha recibido la formaci\u00f3n necesaria para adaptarse a los importantes cambios t\u00e9cnicos implantados recientemente en el sistema audiovisual de la sala principal del Auditorio Baluarte.<\/p>\n\n\n\n<p>El sindicato recuerda que Telesonic Navarra es la responsable de formar a su personal t\u00e9cnico en el uso del nuevo sistema audiovisual y se\u00f1alan que \u201cno puede hablarse de falta de adaptaci\u00f3n cuando no se ha ofrecido la formaci\u00f3n ni los recursos necesarios para esa adaptaci\u00f3n.\u201d Adem\u00e1s, critican que la empresa no ha tomado las medidas necesarias para garantizar un servicio audiovisual de calidad en Baluarte, \u201chaciendo pagar al personal t\u00e9cnico despedido su propia dejadez en la gesti\u00f3n del trabajo\u201d.<\/p>\n\n\n\n<p>El sindicato denuncia tambi\u00e9n la forma inaceptable en que se ha gestionado el proceso, las personas afectadas se enteraron de su despido al ver el finiquito ingresado en su cuenta corriente, sin comunicaci\u00f3n previa ni explicaci\u00f3n individualizada.<\/p>\n\n\n\n<p><strong>Un movimiento que entorpece la negociaci\u00f3n del convenio del sector<\/strong><\/p>\n\n\n\n<p>Estos despidos se producen en pleno proceso de negociaci\u00f3n del primer convenio para el personal t\u00e9cnico de espect\u00e1culos y eventos de Navarra. LAB considera que no pueden desvincularse del contexto de negociaci\u00f3n colectiva y los interpreta como \u201cun aviso a navegantes, un palo en la rueda del proceso, as\u00ed como un intento de debilitar la organizaci\u00f3n y la fuerza de la plantilla ante posibles movilizaciones\u201d.<\/p>\n\n\n\n<p>El anuncio de los despidos coincidi\u00f3, en el mismo d\u00eda y a la misma hora, con la convocatoria de una asamblea informativa organizada por LAB para analizar el estado de las negociaciones y debatir sobre posibles movilizaciones. Tambi\u00e9n coincidi\u00f3 con una reciente comunicaci\u00f3n del sindicato dirigida a las empresas que forman parte de la patronal, en la que se les hac\u00eda un llamamiento a participar en la negociaci\u00f3n del convenio. \u201cNo creemos que sea coincidencia\u201d, indican desde LAB.<\/p>\n\n\n\n<p><strong>Exigimos responsabilidad, di\u00e1logo y la reversi\u00f3n inmediata de los despidos<\/strong><\/p>\n\n\n\n<p>LAB exige a Telesonic Navarra que asuma su responsabilidad como empresa adjudicataria del servicio audiovisual de Baluarte, revierta los despidos y garantice la estabilidad del empleo. El sindicato advierte de que \u201ceste tipo de actuaciones no contribuyen al entendimiento, sino que tensionan a\u00fan m\u00e1s un proceso que deber\u00eda centrarse en mejorar las condiciones laborales del sector\u201d.<\/p>\n\n\n\n<p>El sindicato asegura que seguir\u00e1 defendiendo con firmeza los derechos de las trabajadoras y los trabajadores t\u00e9cnicos del sector de espect\u00e1culos y eventos navarro, \u201capostando por un convenio justo que dignifique el empleo y garantice unas condiciones laborales acordes con la importancia de quienes hacen posible la actividad cultural y esc\u00e9nica de la comunidad.\u201d<\/p>\n\n\n\n<p>LAB mantiene su voluntad de seguir negociando y valora la implicaci\u00f3n de las empresas que est\u00e1n participando de manera constructiva en este proceso, aunque advierte que no caer\u00e1 en \u201cprovocaciones que busquen desestabilizar la negociaci\u00f3n\u201d y actuar\u00e1 \u201ccon contundencia frente a movimientos que pretendan dinamitar o bloquear los avances alcanzados durante la negociaci\u00f3n del convenio\u201d.<\/p>\n","protected":false},"excerpt":{"rendered":"<p>El sindicato LAB, con el 100 % de la representaci\u00f3n sindical en el sector del personal t\u00e9cnico de espect\u00e1culos y eventos de Navarra, ha denunciado los despidos que afectan al 45 % de la plantilla de Telesonic en el Auditorio Baluarte. La empresa ha comunicado estos despidos alegando causas organizativas y productivas, as\u00ed como falta [&hellip;]<\/p>\n","protected":false},"author":1191,"featured_media":85058,"comment_status":"closed","ping_status":"closed","sticky":false,"template":"","format":"standard","meta":{"_monsterinsights_skip_tracking":false,"_monsterinsights_sitenote_active":false,"_monsterinsights_sitenote_note":"","_monsterinsights_sitenote_category":0,"footnotes":"","_links_to":"","_links_to_target":""},"categories":[18],"tags":[3033,3178],"class_list":{"0":"post-85060","1":"post","2":"type-post","3":"status-publish","4":"format-standard","5":"has-post-thumbnail","7":"category-es-accion-sindical","8":"tag-accion-sindical-es","9":"tag-destacado-1"},"_links":{"self":[{"href":"https:\/\/www.lab.eus\/es\/wp-json\/wp\/v2\/posts\/85060","targetHints":{"allow":["GET"]}}],"collection":[{"href":"https:\/\/www.lab.eus\/es\/wp-json\/wp\/v2\/posts"}],"about":[{"href":"https:\/\/www.lab.eus\/es\/wp-json\/wp\/v2\/types\/post"}],"author":[{"embeddable":true,"href":"https:\/\/www.lab.eus\/es\/wp-json\/wp\/v2\/users\/1191"}],"replies":[{"embeddable":true,"href":"https:\/\/www.lab.eus\/es\/wp-json\/wp\/v2\/comments?post=85060"}],"version-history":[{"count":1,"href":"https:\/\/www.lab.eus\/es\/wp-json\/wp\/v2\/posts\/85060\/revisions"}],"predecessor-version":[{"id":85061,"href":"https:\/\/www.lab.eus\/es\/wp-json\/wp\/v2\/posts\/85060\/revisions\/85061"}],"wp:featuredmedia":[{"embeddable":true,"href":"https:\/\/www.lab.eus\/es\/wp-json\/wp\/v2\/media\/85058"}],"wp:attachment":[{"href":"https:\/\/www.lab.eus\/es\/wp-json\/wp\/v2\/media?parent=85060"}],"wp:term":[{"taxonomy":"category","embeddable":true,"href":"https:\/\/www.lab.eus\/es\/wp-json\/wp\/v2\/categories?post=85060"},{"taxonomy":"post_tag","embeddable":true,"href":"https:\/\/www.lab.eus\/es\/wp-json\/wp\/v2\/tags?post=85060"}],"curies":[{"name":"wp","href":"https:\/\/api.w.org\/{rel}","templated":true}]}}