{"id":85053,"date":"2025-10-28T15:00:04","date_gmt":"2025-10-28T15:00:04","guid":{"rendered":"https:\/\/www.lab.eus\/?p=85053"},"modified":"2025-10-28T15:03:22","modified_gmt":"2025-10-28T15:03:22","slug":"la-plantilla-de-bakelite-iberica-en-paros-para-desbloquear-la-negociacion-del-pacto-de-empresa","status":"publish","type":"post","link":"https:\/\/www.lab.eus\/es\/la-plantilla-de-bakelite-iberica-en-paros-para-desbloquear-la-negociacion-del-pacto-de-empresa\/","title":{"rendered":"La plantilla de Bakelite Iberica en paros para desbloquear la negociaci\u00f3n del Pacto de empresa"},"content":{"rendered":"\n<p>Hoy, 28 de octubre de 2025, las personas trabajadoras de la empresa Bakelite Iberica han dado comienzo a tres d\u00edas de paros parciales para desbloquear la negociaci\u00f3n del Pacto, el cual lleva sin ser renovado desde el a\u00f1o 2020. Los paros de 2 horas se plantean para los d\u00edas 28 de octubre y 1 y 5 de noviembre, y en todos los turnos de trabajo.&nbsp;<\/p>\n\n\n\n<p>La Representaci\u00f3n Legal de las Personas Trabajadoras (RLPT) lleva negociando con la empresa la renovaci\u00f3n del Pacto dede hace mas de 8 meses. Despu\u00e9s de varias movilizaciones para intentar desbloquear la negociaci\u00f3n, la direcci\u00f3n de la empresa sigue mostrando la misma actitud pasiva y sigue sin traer propuestas que puedan propiciar un acercamiento.<\/p>\n\n\n\n<p>Finalmente, queremos denunciar tambi\u00e9n que la empresa ha establecido de forma unilateral unos servicios m\u00ednimos, que a parecer de esta parte, exceden de los necesarios para el mantenimiento y la seguridad de la planta productiva en Lantaron.&nbsp;<\/p>\n","protected":false},"excerpt":{"rendered":"<p>Hoy, 28 de octubre de 2025, las personas trabajadoras de la empresa Bakelite Iberica han dado comienzo a tres d\u00edas de paros parciales para desbloquear la negociaci\u00f3n del Pacto, el cual lleva sin ser renovado desde el a\u00f1o 2020. Los paros de 2 horas se plantean para los d\u00edas 28 de octubre y 1 y [&hellip;]<\/p>\n","protected":false},"author":1191,"featured_media":85051,"comment_status":"closed","ping_status":"closed","sticky":false,"template":"","format":"standard","meta":{"_monsterinsights_skip_tracking":false,"_monsterinsights_sitenote_active":false,"_monsterinsights_sitenote_note":"","_monsterinsights_sitenote_category":0,"footnotes":"","_links_to":"","_links_to_target":""},"categories":[18],"tags":[3033,3178],"class_list":{"0":"post-85053","1":"post","2":"type-post","3":"status-publish","4":"format-standard","5":"has-post-thumbnail","7":"category-es-accion-sindical","8":"tag-accion-sindical-es","9":"tag-destacado-1"},"_links":{"self":[{"href":"https:\/\/www.lab.eus\/es\/wp-json\/wp\/v2\/posts\/85053","targetHints":{"allow":["GET"]}}],"collection":[{"href":"https:\/\/www.lab.eus\/es\/wp-json\/wp\/v2\/posts"}],"about":[{"href":"https:\/\/www.lab.eus\/es\/wp-json\/wp\/v2\/types\/post"}],"author":[{"embeddable":true,"href":"https:\/\/www.lab.eus\/es\/wp-json\/wp\/v2\/users\/1191"}],"replies":[{"embeddable":true,"href":"https:\/\/www.lab.eus\/es\/wp-json\/wp\/v2\/comments?post=85053"}],"version-history":[{"count":1,"href":"https:\/\/www.lab.eus\/es\/wp-json\/wp\/v2\/posts\/85053\/revisions"}],"predecessor-version":[{"id":85054,"href":"https:\/\/www.lab.eus\/es\/wp-json\/wp\/v2\/posts\/85053\/revisions\/85054"}],"wp:featuredmedia":[{"embeddable":true,"href":"https:\/\/www.lab.eus\/es\/wp-json\/wp\/v2\/media\/85051"}],"wp:attachment":[{"href":"https:\/\/www.lab.eus\/es\/wp-json\/wp\/v2\/media?parent=85053"}],"wp:term":[{"taxonomy":"category","embeddable":true,"href":"https:\/\/www.lab.eus\/es\/wp-json\/wp\/v2\/categories?post=85053"},{"taxonomy":"post_tag","embeddable":true,"href":"https:\/\/www.lab.eus\/es\/wp-json\/wp\/v2\/tags?post=85053"}],"curies":[{"name":"wp","href":"https:\/\/api.w.org\/{rel}","templated":true}]}}