{"id":85033,"date":"2025-10-28T11:28:10","date_gmt":"2025-10-28T11:28:10","guid":{"rendered":"https:\/\/www.lab.eus\/?p=85033"},"modified":"2025-10-28T11:33:40","modified_gmt":"2025-10-28T11:33:40","slug":"no-mas-ataques-contra-los-y-las-trabajadoras-de-aludium","status":"publish","type":"post","link":"https:\/\/www.lab.eus\/es\/no-mas-ataques-contra-los-y-las-trabajadoras-de-aludium\/","title":{"rendered":"\u00a1No m\u00e1s ataques contra los y las trabajadoras de Aludium!\u00a0"},"content":{"rendered":"\n<p><strong>LAB denuncia la actitud autoritaria de Aludium y advierte de movilizaciones si no cambia de rumbo<\/strong><\/p>\n\n\n\n<p>Aludium Transformaci\u00f3n de Productos es una empresa situada en Amorebieta. En ella trabajan 537 personas.<\/p>\n\n\n\n<p>Desde el sindicato LAB queremos denunciar p\u00fablicamente la deriva autoritaria que est\u00e1 adoptando la direcci\u00f3n de Aludium, que en los \u00faltimos tiempos viene tomando decisiones unilaterales que suponen un claro retroceso en los derechos de la plantilla y un incremento de la precariedad laboral. Recientemente la empresa ha sido condenada por poner c\u00e1maras escondidas en las oficinas, ha dejado de complementar las pagas extras a las y los trabajadores que est\u00e1n o han estado de baja y ahora ha empezado a criminalizar a los trabajadores y trabajadoras.<\/p>\n\n\n\n<p>La empresa est\u00e1 apostando por unas relaciones laborales basadas en la imposici\u00f3n, la falta de di\u00e1logo y el abuso de poder, ignorando a la representaci\u00f3n sindical y desoyendo las demandas y preocupaciones de las y los trabajadores. Esta actitud est\u00e1 generando un clima laboral muy negativo, que no beneficia ni a la plantilla ni a la propia empresa.<\/p>\n\n\n\n<p>Desde LAB consideramos que esta forma de proceder es irresponsable e inaceptable, y exigimos a la direcci\u00f3n de Aludium que rectifique de inmediato, deje sin efecto las medidas impuestas de manera unilateral y abra un proceso real de di\u00e1logo y escucha con la plantilla.<\/p>\n\n\n\n<p>El respeto, la negociaci\u00f3n y la participaci\u00f3n deben ser la base de cualquier relaci\u00f3n laboral digna. Por ello, si la empresa persiste en su actitud de imposici\u00f3n y cierre, desde LAB llamaremos a la activaci\u00f3n y la movilizaci\u00f3n de las trabajadoras y trabajadores de Aludium en defensa de sus derechos y de unas condiciones laborales justas.&nbsp;<\/p>\n","protected":false},"excerpt":{"rendered":"<p>LAB denuncia la actitud autoritaria de Aludium y advierte de movilizaciones si no cambia de rumbo Aludium Transformaci\u00f3n de Productos es una empresa situada en Amorebieta. En ella trabajan 537 personas. Desde el sindicato LAB queremos denunciar p\u00fablicamente la deriva autoritaria que est\u00e1 adoptando la direcci\u00f3n de Aludium, que en los \u00faltimos tiempos viene tomando [&hellip;]<\/p>\n","protected":false},"author":1191,"featured_media":85035,"comment_status":"closed","ping_status":"closed","sticky":false,"template":"","format":"standard","meta":{"_monsterinsights_skip_tracking":false,"_monsterinsights_sitenote_active":false,"_monsterinsights_sitenote_note":"","_monsterinsights_sitenote_category":0,"footnotes":"","_links_to":"","_links_to_target":""},"categories":[18,2868],"tags":[3033,5347,3178,2996],"class_list":{"0":"post-85033","1":"post","2":"type-post","3":"status-publish","4":"format-standard","5":"has-post-thumbnail","7":"category-es-accion-sindical","8":"category-industria-es","9":"tag-accion-sindical-es","10":"tag-aludium","11":"tag-destacado-1","12":"tag-industria-es"},"_links":{"self":[{"href":"https:\/\/www.lab.eus\/es\/wp-json\/wp\/v2\/posts\/85033","targetHints":{"allow":["GET"]}}],"collection":[{"href":"https:\/\/www.lab.eus\/es\/wp-json\/wp\/v2\/posts"}],"about":[{"href":"https:\/\/www.lab.eus\/es\/wp-json\/wp\/v2\/types\/post"}],"author":[{"embeddable":true,"href":"https:\/\/www.lab.eus\/es\/wp-json\/wp\/v2\/users\/1191"}],"replies":[{"embeddable":true,"href":"https:\/\/www.lab.eus\/es\/wp-json\/wp\/v2\/comments?post=85033"}],"version-history":[{"count":2,"href":"https:\/\/www.lab.eus\/es\/wp-json\/wp\/v2\/posts\/85033\/revisions"}],"predecessor-version":[{"id":85037,"href":"https:\/\/www.lab.eus\/es\/wp-json\/wp\/v2\/posts\/85033\/revisions\/85037"}],"wp:featuredmedia":[{"embeddable":true,"href":"https:\/\/www.lab.eus\/es\/wp-json\/wp\/v2\/media\/85035"}],"wp:attachment":[{"href":"https:\/\/www.lab.eus\/es\/wp-json\/wp\/v2\/media?parent=85033"}],"wp:term":[{"taxonomy":"category","embeddable":true,"href":"https:\/\/www.lab.eus\/es\/wp-json\/wp\/v2\/categories?post=85033"},{"taxonomy":"post_tag","embeddable":true,"href":"https:\/\/www.lab.eus\/es\/wp-json\/wp\/v2\/tags?post=85033"}],"curies":[{"name":"wp","href":"https:\/\/api.w.org\/{rel}","templated":true}]}}