{"id":85019,"date":"2025-10-27T13:48:21","date_gmt":"2025-10-27T13:48:21","guid":{"rendered":"https:\/\/www.lab.eus\/?p=85019"},"modified":"2025-10-27T13:48:24","modified_gmt":"2025-10-27T13:48:24","slug":"una-cuarta-parte-del-sector-de-graficas-ya-respalda-activamente-la-reclamacion-sindical-de-un-convenio-propio-navarro","status":"publish","type":"post","link":"https:\/\/www.lab.eus\/es\/una-cuarta-parte-del-sector-de-graficas-ya-respalda-activamente-la-reclamacion-sindical-de-un-convenio-propio-navarro\/","title":{"rendered":"Una cuarta parte del sector de gr\u00e1ficas ya respalda activamente la reclamaci\u00f3n sindical de un convenio propio navarro"},"content":{"rendered":"\n<p><strong>Los sindicatos LAB, ELA, UGT y CCOO se han concentrado hoy frente a la sede de la patronal AEGRAN para reclamar la negociaci\u00f3n del Convenio de Artes Gr\u00e1ficas de Navarra. Durante el acto, los representantes sindicales han entregado m\u00e1s de 400 firmas de personas trabajadoras del sector, en representaci\u00f3n de aproximadamente una cuarta parte de la plantilla total.<\/strong><\/p>\n\n\n\n<p>Esta acci\u00f3n se produce tras el \u00abcaso omiso\u00bb que, seg\u00fan los sindicatos, la patronal habr\u00eda hecho a la solicitud conjunta de todos los grupos sindicales con capacidad de negociaci\u00f3n del convenio realizada en marzo. \u201cEntonces, la patronal ni siquiera quiso recibirnos\u201d, han recordado los sindicatos.<\/p>\n\n\n\n<p>En esta ocasi\u00f3n, adem\u00e1s de reiterar su petici\u00f3n de di\u00e1logo, los sindicatos han querido trasladar la voz directa de las personas trabajadoras. \u201cHoy traemos no una reclamaci\u00f3n de los sindicatos sino la voz de una cuarta parte del sector que hemos conseguido recavar en unos pocos meses. Una cuarta parte que ya est\u00e1 concienciada y activada en favor de regular dignamente las condiciones de trabajo de todo el sector\u201d, han se\u00f1alado. Asimismo, han manifestado que esperan que esta cuarta parte aumente significativamente en los pr\u00f3ximos meses, dado que continuar\u00e1n trasladando esta situaci\u00f3n a la clase trabajadora de Gr\u00e1ficas en Navarra.<\/p>\n\n\n\n<p>Los sindicatos han expresado su esperanza en que la patronal atienda esta vez la demanda del sector. \u201cQueremos pensar que, as\u00ed como no lo hizo con los sindicatos, AEGRAN s\u00ed escuchar\u00e1 a sus plantillas. De no ser as\u00ed, tristemente, se encontrar\u00e1n con conflictividad en sus empresas en los pr\u00f3ximos meses\u201d.<\/p>\n\n\n\n<p>Por \u00faltimo, LAB, ELA, UGT y CCOO han reiterado su compromiso con la recuperaci\u00f3n del Convenio de Artes Gr\u00e1ficas de Navarra, que perdi\u00f3 vigencia hace diez a\u00f1os. \u201cNuestra determinaci\u00f3n es clara, no pararemos hasta recuperarlo. Solo queremos negociar y tomaremos el tiempo que sea necesario para ello\u201d.<\/p>\n","protected":false},"excerpt":{"rendered":"<p>Los sindicatos LAB, ELA, UGT y CCOO se han concentrado hoy frente a la sede de la patronal AEGRAN para reclamar la negociaci\u00f3n del Convenio de Artes Gr\u00e1ficas de Navarra. Durante el acto, los representantes sindicales han entregado m\u00e1s de 400 firmas de personas trabajadoras del sector, en representaci\u00f3n de aproximadamente una cuarta parte de [&hellip;]<\/p>\n","protected":false},"author":1191,"featured_media":85017,"comment_status":"closed","ping_status":"closed","sticky":false,"template":"","format":"standard","meta":{"_monsterinsights_skip_tracking":false,"_monsterinsights_sitenote_active":false,"_monsterinsights_sitenote_note":"","_monsterinsights_sitenote_category":0,"footnotes":"","_links_to":"","_links_to_target":""},"categories":[18],"tags":[3033,3178],"class_list":{"0":"post-85019","1":"post","2":"type-post","3":"status-publish","4":"format-standard","5":"has-post-thumbnail","7":"category-es-accion-sindical","8":"tag-accion-sindical-es","9":"tag-destacado-1"},"_links":{"self":[{"href":"https:\/\/www.lab.eus\/es\/wp-json\/wp\/v2\/posts\/85019","targetHints":{"allow":["GET"]}}],"collection":[{"href":"https:\/\/www.lab.eus\/es\/wp-json\/wp\/v2\/posts"}],"about":[{"href":"https:\/\/www.lab.eus\/es\/wp-json\/wp\/v2\/types\/post"}],"author":[{"embeddable":true,"href":"https:\/\/www.lab.eus\/es\/wp-json\/wp\/v2\/users\/1191"}],"replies":[{"embeddable":true,"href":"https:\/\/www.lab.eus\/es\/wp-json\/wp\/v2\/comments?post=85019"}],"version-history":[{"count":1,"href":"https:\/\/www.lab.eus\/es\/wp-json\/wp\/v2\/posts\/85019\/revisions"}],"predecessor-version":[{"id":85020,"href":"https:\/\/www.lab.eus\/es\/wp-json\/wp\/v2\/posts\/85019\/revisions\/85020"}],"wp:featuredmedia":[{"embeddable":true,"href":"https:\/\/www.lab.eus\/es\/wp-json\/wp\/v2\/media\/85017"}],"wp:attachment":[{"href":"https:\/\/www.lab.eus\/es\/wp-json\/wp\/v2\/media?parent=85019"}],"wp:term":[{"taxonomy":"category","embeddable":true,"href":"https:\/\/www.lab.eus\/es\/wp-json\/wp\/v2\/categories?post=85019"},{"taxonomy":"post_tag","embeddable":true,"href":"https:\/\/www.lab.eus\/es\/wp-json\/wp\/v2\/tags?post=85019"}],"curies":[{"name":"wp","href":"https:\/\/api.w.org\/{rel}","templated":true}]}}