{"id":85012,"date":"2025-10-27T13:20:06","date_gmt":"2025-10-27T13:20:06","guid":{"rendered":"https:\/\/www.lab.eus\/?p=85012"},"modified":"2025-10-27T13:20:09","modified_gmt":"2025-10-27T13:20:09","slug":"el-departamento-de-educacion-sigue-sin-cumplir-lo-acordado","status":"publish","type":"post","link":"https:\/\/www.lab.eus\/es\/el-departamento-de-educacion-sigue-sin-cumplir-lo-acordado\/","title":{"rendered":"El departamento de educaci\u00f3n sigue sin cumplir lo acordado"},"content":{"rendered":"\n<p><strong>El Departamento de Educaci\u00f3n contin\u00faa sin cumplir lo acordado en el Acuerdo Laboral firmado con el sindicato LAB, en el apartado correspondiente a las ikastolas. Ante esta situaci\u00f3n, las trabajadoras y trabajadores de las ikastolas de \u00c1lava, Bizkaia y Gipuzkoa continuar\u00e1n este curso con las movilizaciones iniciadas el pasado a\u00f1o para denunciar esta situaci\u00f3n.<\/strong><\/p>\n\n\n\n<p>El 1 de junio de 2023, el Departamento de Educaci\u00f3n y el sindicato LAB firmaron el Acuerdo Laboral. En \u00e9l se recogieron y acordaron medidas que afectar\u00edan al conjunto de los trabajadores y trabajadoras de todas las redes educativas de \u00c1lava, Bizkaia y Gipuzkoa.<\/p>\n\n\n\n<p>En lo que respecta al apartado dedicado al personal de las ikastolas, las medidas recogidas no se han cumplido en su totalidad. Por un lado, aunque se acord\u00f3 la equiparaci\u00f3n salarial entre el personal de las ikastolas y el de la red p\u00fablica, dicha equiparaci\u00f3n no se ha hecho efectiva para todo el personal.<\/p>\n\n\n\n<p>Por otro lado, en cuanto al estudio que deb\u00eda realizarse sobre la homologaci\u00f3n pendiente, los plazos establecidos est\u00e1n ampliamente superados y no se aprecia ninguna voluntad de iniciarlo.<\/p>\n\n\n\n<p>El sindicato LAB quiere expresar su preocupaci\u00f3n e indignaci\u00f3n porque el Departamento de Educaci\u00f3n no est\u00e1 cumpliendo lo pactado con LAB en el \u00e1mbito de las ikastolas dentro del Acuerdo Laboral.<\/p>\n\n\n\n<p>Ante esta situaci\u00f3n, LAB puso en marcha el curso pasado una din\u00e1mica de movilizaciones para denunciarla. Aunque ya se\u00f1al\u00f3 entonces que el Acuerdo Laboral firmado con el Departamento de Educaci\u00f3n estaba bloqueado, lamentablemente hay que decir que la situaci\u00f3n no ha cambiado en absoluto.<\/p>\n\n\n\n<p>Tal y como se dijo en su momento, el incumplimiento del acuerdo por parte del Departamento de Educaci\u00f3n tiene consecuencias negativas sobre las trabajadoras y trabajadores de las ikastolas, que ya part\u00edan de unas condiciones laborales y de trabajo diarias poco favorables. El personal de las ikastolas dej\u00f3 claro que, adem\u00e1s de seguir negociando, no les quedaba m\u00e1s opci\u00f3n que emprender otras acciones para que el Departamento de Educaci\u00f3n cumpliera lo acordado.<\/p>\n\n\n\n<p>LAB siempre ha mostrado su voluntad de di\u00e1logo y de alcanzar acuerdos. Prueba de ello es, por un lado, el propio Acuerdo Laboral firmado con el Departamento de Educaci\u00f3n \u2014que llev\u00f3 al \u00e1mbito de negociaci\u00f3n del Convenio de Ikastolas, cumpliendo los compromisos adquiridos\u2014, y por otro lado, el \u00faltimo convenio laboral de las ikastolas firmado con la Asociaci\u00f3n-Partaide de Ikastolas y EIB, correspondiente a 2024.<\/p>\n\n\n\n<p>La falta de cambios y el hecho de que a d\u00eda de hoy sigan sin cumplirse los compromisos recogidos en el Acuerdo Laboral dejan a LAB sin otra alternativa que continuar con las movilizaciones, para exigir al Departamento de Educaci\u00f3n que cumpla lo firmado: la equiparaci\u00f3n salarial para todo el personal de las ikastolas respecto al de la red p\u00fablica y la puesta en marcha, de una vez por todas, del estudio para la homologaci\u00f3n de las condiciones laborales.<\/p>\n\n\n\n<p>Debe superarse el bloqueo y el Departamento de Educaci\u00f3n ha de cumplir sus compromisos en el Convenio Laboral de las Ikastolas de \u00c1lava, Bizkaia y Gipuzkoa, para que las medidas acordadas en el&nbsp;<\/p>\n\n\n\n<p>En Euskal Herria, a 27 de octubre de 2025&nbsp;<\/p>\n\n\n\n<p>Acuerdo Laboral tengan reflejo real. El Departamento de Educaci\u00f3n debe poner sobre la mesa los medios necesarios para poner en marcha todas esas medidas.<\/p>\n\n\n\n<p>Por ello, LAB exige firmemente al Departamento de Educaci\u00f3n que cumpla lo prometido y recogido en el Acuerdo Laboral firmado. No es aceptable que haya pasado tanto tiempo sin ning\u00fan avance; no es aceptable que, por no cumplir lo firmado, las condiciones laborales de parte del personal de las ikastolas no hayan mejorado; no es aceptable, y no lo vamos a aceptar. Hasta que se encuentre una soluci\u00f3n, LAB seguir\u00e1 denunciando esta situaci\u00f3n y reivindicando lo que corresponde a las ikastolas, a trav\u00e9s de la v\u00eda de la movilizaci\u00f3n.<\/p>\n\n\n\n<p>Mostraremos la misma disposici\u00f3n y capacidad que hemos demostrado para negociar, pero ahora para movilizarnos.<\/p>\n\n\n\n<p>\u00a1VAMOS A LUCHAR PARA QUE SE CUMPLA LO QUE NOS CORRESPONDE!<\/p>\n\n\n\n<p>En LAB no permaneceremos inm\u00f3viles viendo c\u00f3mo empeoran las condiciones laborales del personal de las ikastolas. Denunciaremos desde todos los \u00e1mbitos que el Departamento de Educaci\u00f3n sigue sin cumplir los compromisos adquiridos con LAB.<\/p>\n\n\n\n<p>Por tanto, LAB hace un llamamiento al personal de las ikastolas de \u00c1lava, Bizkaia y Gipuzkoa para que se unan a esta exigencia al Departamento de Educaci\u00f3n: que ponga en marcha y cumpla los compromisos adquiridos en el Acuerdo Laboral.<\/p>\n\n\n\n<p>Asimismo, le recuerda al Departamento que el tiempo de las palabras termin\u00f3 hace ya mucho; es hora de pasar a los hechos, de lo contrario nos tendr\u00e1 enfrente. Ejemplo de ello es la movilizaci\u00f3n que hoy, 27 de octubre, hemos llevado a cabo frente a la sede del Departamento de Educaci\u00f3n en Bizkaia.<\/p>\n\n\n\n<p>LAB llama a todo el personal de las ikastolas de \u00c1lava, Bizkaia y Gipuzkoa a unir sus voces con las nuestras para decir alto y claro: \u00a1Equiparaci\u00f3n para todo el personal y estudio de la homologaci\u00f3n de las condiciones laborales, ahora!<\/p>\n","protected":false},"excerpt":{"rendered":"<p>El Departamento de Educaci\u00f3n contin\u00faa sin cumplir lo acordado en el Acuerdo Laboral firmado con el sindicato LAB, en el apartado correspondiente a las ikastolas. Ante esta situaci\u00f3n, las trabajadoras y trabajadores de las ikastolas de \u00c1lava, Bizkaia y Gipuzkoa continuar\u00e1n este curso con las movilizaciones iniciadas el pasado a\u00f1o para denunciar esta situaci\u00f3n. El [&hellip;]<\/p>\n","protected":false},"author":1191,"featured_media":85010,"comment_status":"closed","ping_status":"closed","sticky":false,"template":"","format":"standard","meta":{"_monsterinsights_skip_tracking":false,"_monsterinsights_sitenote_active":false,"_monsterinsights_sitenote_note":"","_monsterinsights_sitenote_category":0,"footnotes":"","_links_to":"","_links_to_target":""},"categories":[18,2990,6],"tags":[3033,3178,3266,3171],"class_list":{"0":"post-85012","1":"post","2":"type-post","3":"status-publish","4":"format-standard","5":"has-post-thumbnail","7":"category-es-accion-sindical","8":"category-educacion","9":"category-es-servicios-publicos","10":"tag-accion-sindical-es","11":"tag-destacado-1","12":"tag-educacion-es","13":"tag-servicios-publicos-es"},"_links":{"self":[{"href":"https:\/\/www.lab.eus\/es\/wp-json\/wp\/v2\/posts\/85012","targetHints":{"allow":["GET"]}}],"collection":[{"href":"https:\/\/www.lab.eus\/es\/wp-json\/wp\/v2\/posts"}],"about":[{"href":"https:\/\/www.lab.eus\/es\/wp-json\/wp\/v2\/types\/post"}],"author":[{"embeddable":true,"href":"https:\/\/www.lab.eus\/es\/wp-json\/wp\/v2\/users\/1191"}],"replies":[{"embeddable":true,"href":"https:\/\/www.lab.eus\/es\/wp-json\/wp\/v2\/comments?post=85012"}],"version-history":[{"count":1,"href":"https:\/\/www.lab.eus\/es\/wp-json\/wp\/v2\/posts\/85012\/revisions"}],"predecessor-version":[{"id":85013,"href":"https:\/\/www.lab.eus\/es\/wp-json\/wp\/v2\/posts\/85012\/revisions\/85013"}],"wp:featuredmedia":[{"embeddable":true,"href":"https:\/\/www.lab.eus\/es\/wp-json\/wp\/v2\/media\/85010"}],"wp:attachment":[{"href":"https:\/\/www.lab.eus\/es\/wp-json\/wp\/v2\/media?parent=85012"}],"wp:term":[{"taxonomy":"category","embeddable":true,"href":"https:\/\/www.lab.eus\/es\/wp-json\/wp\/v2\/categories?post=85012"},{"taxonomy":"post_tag","embeddable":true,"href":"https:\/\/www.lab.eus\/es\/wp-json\/wp\/v2\/tags?post=85012"}],"curies":[{"name":"wp","href":"https:\/\/api.w.org\/{rel}","templated":true}]}}