{"id":84675,"date":"2025-10-24T12:02:25","date_gmt":"2025-10-24T12:02:25","guid":{"rendered":"https:\/\/www.lab.eus\/?p=84675"},"modified":"2025-10-24T12:02:28","modified_gmt":"2025-10-24T12:02:28","slug":"lab-participa-en-el-segundo-encuentro-de-sindicalismo-feminista-internacionalista","status":"publish","type":"post","link":"https:\/\/www.lab.eus\/es\/lab-participa-en-el-segundo-encuentro-de-sindicalismo-feminista-internacionalista\/","title":{"rendered":"LAB participa en el segundo Encuentro de Sindicalismo Feminista Internacionalista"},"content":{"rendered":"\n<p>Entre los d\u00edas 17 y 19 de octubre tuvo lugar en Barcelona el segundo \u00abEncuentro de Sindicalismo Feminista Internacionalista: Mujeres sindicalistas construyendo alternativas frente a las crisis y el fascismo\u00bb. Dos a\u00f1os despu\u00e9s del primer encuentro celebrado en Euskal Herria, el segundo encuentro ha sido organizado por la reci\u00e9n creada comisi\u00f3n feminista de la Coordinadora de los Pueblos de la Federaci\u00f3n Sindical Mundial. En esta ocasi\u00f3n participaron al rededor de 40 mujeres de los sindicatos LAB, la Intersindical Valenciana, La Intersindical, la Intersidincal Alternativa de Catalunya y la Corriente Sindical de Izquierdas de Asturies.<\/p>\n\n\n\n<p>El encuentro tuvo inicio en la tarde del viernes con un an\u00e1lisis colectivo sobre la geopol\u00edtica involucionista actual y el avance de la extrema derecha, subrayando el lugar que ocupa la carrera armament\u00edstica y el espolio medioambiental, en el actual momento de dependencia Norte x Sur, en la creciente construcci\u00f3n del enemigo externo y en el espolio cuerpo-territorial contra las mujeres trabajadoras. Tambi\u00e9n se reflexion\u00f3 sobre la urgencia de reorganizar el sindicalismo soberanista y de contra-poder para que los sectores sociales m\u00e1s afectados por los discursos de odio encuentren en nuestros sindicatos espacios de acogida, defensa colectiva de derechos y procesos de transformaci\u00f3n social.<\/p>\n\n\n\n<p>La primera parte de la ma\u00f1ana del s\u00e1bado estuvo dedicada a la actualizaci\u00f3n de la gu\u00eda sindical creada en el primer encuentro en Euskal Herria, para impulsar el sindicalismo feminista y materializarlo en la negociaci\u00f3n colectiva. Una caja de herramientas compartida entre los sindicatos que conformamos la Coordinadora de los Pueblos, que objetiva intercambiar estrategias y pr\u00e1cticas que las sindicalistas feministas hemos ido creando para superar las resistencias heteropatriarcales existentes dentro y fuera de los sindicatos.<\/p>\n\n\n\n<p>En la segunda parte del encuentro se present\u00f3 un primer diagnostico feminista de los \u00f3rganos de direcci\u00f3n y representaci\u00f3n de la FSM, en cuanto espacio de aglutinaci\u00f3n e incidencia de lo sindicatos miembros de la Coordinadora de los Pueblos. Entre todas identificamos las principales preocupaciones relacionadas con la masculinizaci\u00f3n y personalizaci\u00f3n de los cargos en las relaciones internacionales, la falta de relevo generacional, espacios que poco tienen en cuenta la conciliaci\u00f3n de los cuidados, la escasa representaci\u00f3n de las mujeres y la invisibilizaci\u00f3n del feminismo como paradigma de emancipaci\u00f3n para el conjunto de la clase trabajadora.<\/p>\n\n\n\n<p>Despu\u00e9s de reflexionar sobre c\u00f3mo los espacios de representaci\u00f3n sindical internacional muchas veces leen la realidad global desde una mirada androc\u00e9ntrica y reproducen din\u00e1micas machistas que no consideran las luchas y necesidades de los sectores feminizados, se ha acordado un plan de trabajo para la comisi\u00f3n feminista de la Coordinadora de los Pueblos. Partiendo de acuerdos a corto, medio y largo plazo, el objetivo es hacer del feminismo de clase una apuesta transversal de la Coordinadora y que est\u00e9 presente, con compromiso y seriedad, en los marcos sindicales internacionales en los que participamos. Cambios que empiezan por nuestros propios sindicatos, mediante la confluencia entre las secretar\u00edas feministas y de relaciones internacionales, y que necesitan reflejarse en los marcos internacionalistas que impulsamos.<\/p>\n\n\n\n<p>Finalmente, el encuentro finaliz\u00f3 con una ruta feminista por las calles de Barcelona, en la que, a trav\u00e9s de un ejercicio de rescate de la memoria hist\u00f3rica y vali\u00e9ndonos de la acci\u00f3n directa, renombramos calles, plazas y edificios p\u00fablicos fundamentales para la lucha de las mujeres trabajadoras y que a\u00fan hoy no aparecen en el relato oficial de la ciudad y, por tanto, de la historia. \u00a1El internacionalismo sindical ser\u00e1 feminista o no ser\u00e1! \u00a1Viva la lucha de las mujeres trabajadoras del mundo!<\/p>\n\n\n\n<figure class=\"wp-block-gallery has-nested-images columns-default is-cropped wp-block-gallery-1 is-layout-flex wp-block-gallery-is-layout-flex\">\n<figure class=\"wp-block-image size-large\"><img loading=\"lazy\" decoding=\"async\" width=\"1024\" height=\"768\" data-id=\"84670\" src=\"https:\/\/www.lab.eus\/wp-content\/uploads\/2025\/10\/photo_2025-10-22_16-46-15-1024x768.jpg\" alt=\"\" class=\"wp-image-84670\" srcset=\"https:\/\/www.lab.eus\/wp-content\/uploads\/2025\/10\/photo_2025-10-22_16-46-15-1024x768.jpg 1024w, https:\/\/www.lab.eus\/wp-content\/uploads\/2025\/10\/photo_2025-10-22_16-46-15-300x225.jpg 300w, https:\/\/www.lab.eus\/wp-content\/uploads\/2025\/10\/photo_2025-10-22_16-46-15-768x576.jpg 768w, https:\/\/www.lab.eus\/wp-content\/uploads\/2025\/10\/photo_2025-10-22_16-46-15-560x420.jpg 560w, https:\/\/www.lab.eus\/wp-content\/uploads\/2025\/10\/photo_2025-10-22_16-46-15-80x60.jpg 80w, https:\/\/www.lab.eus\/wp-content\/uploads\/2025\/10\/photo_2025-10-22_16-46-15-150x113.jpg 150w, https:\/\/www.lab.eus\/wp-content\/uploads\/2025\/10\/photo_2025-10-22_16-46-15-696x522.jpg 696w, https:\/\/www.lab.eus\/wp-content\/uploads\/2025\/10\/photo_2025-10-22_16-46-15-1068x801.jpg 1068w, https:\/\/www.lab.eus\/wp-content\/uploads\/2025\/10\/photo_2025-10-22_16-46-15.jpg 1280w\" sizes=\"auto, (max-width: 1024px) 100vw, 1024px\" \/><\/figure>\n\n\n\n<figure class=\"wp-block-image size-large\"><img loading=\"lazy\" decoding=\"async\" width=\"1024\" height=\"577\" data-id=\"84667\" src=\"https:\/\/www.lab.eus\/wp-content\/uploads\/2025\/10\/photo_2025-10-22_16-46-57-1-1024x577.jpg\" alt=\"\" class=\"wp-image-84667\" srcset=\"https:\/\/www.lab.eus\/wp-content\/uploads\/2025\/10\/photo_2025-10-22_16-46-57-1-1024x577.jpg 1024w, https:\/\/www.lab.eus\/wp-content\/uploads\/2025\/10\/photo_2025-10-22_16-46-57-1-300x169.jpg 300w, https:\/\/www.lab.eus\/wp-content\/uploads\/2025\/10\/photo_2025-10-22_16-46-57-1-768x433.jpg 768w, https:\/\/www.lab.eus\/wp-content\/uploads\/2025\/10\/photo_2025-10-22_16-46-57-1-746x420.jpg 746w, https:\/\/www.lab.eus\/wp-content\/uploads\/2025\/10\/photo_2025-10-22_16-46-57-1-150x84.jpg 150w, https:\/\/www.lab.eus\/wp-content\/uploads\/2025\/10\/photo_2025-10-22_16-46-57-1-696x392.jpg 696w, https:\/\/www.lab.eus\/wp-content\/uploads\/2025\/10\/photo_2025-10-22_16-46-57-1-1068x602.jpg 1068w, https:\/\/www.lab.eus\/wp-content\/uploads\/2025\/10\/photo_2025-10-22_16-46-57-1.jpg 1280w\" sizes=\"auto, (max-width: 1024px) 100vw, 1024px\" \/><\/figure>\n<\/figure>\n","protected":false},"excerpt":{"rendered":"<p>Entre los d\u00edas 17 y 19 de octubre tuvo lugar en Barcelona el segundo \u00abEncuentro de Sindicalismo Feminista Internacionalista: Mujeres sindicalistas construyendo alternativas frente a las crisis y el fascismo\u00bb. Dos a\u00f1os despu\u00e9s del primer encuentro celebrado en Euskal Herria, el segundo encuentro ha sido organizado por la reci\u00e9n creada comisi\u00f3n feminista de la Coordinadora [&hellip;]<\/p>\n","protected":false},"author":1191,"featured_media":84673,"comment_status":"closed","ping_status":"closed","sticky":false,"template":"","format":"standard","meta":{"_monsterinsights_skip_tracking":false,"_monsterinsights_sitenote_active":false,"_monsterinsights_sitenote_note":"","_monsterinsights_sitenote_category":0,"footnotes":"","_links_to":"","_links_to_target":""},"categories":[3281,4,2973],"tags":[3173,3279,4992,3518,3024],"class_list":{"0":"post-84675","1":"post","2":"type-post","3":"status-publish","4":"format-standard","5":"has-post-thumbnail","7":"category-secretaria-feminista","8":"category-es-internacional","9":"category-secretarias","10":"tag-internacional-es","11":"tag-portada-es","12":"tag-relaciones-internacionales","13":"tag-secretaria-feminista","14":"tag-secretarias"},"_links":{"self":[{"href":"https:\/\/www.lab.eus\/es\/wp-json\/wp\/v2\/posts\/84675","targetHints":{"allow":["GET"]}}],"collection":[{"href":"https:\/\/www.lab.eus\/es\/wp-json\/wp\/v2\/posts"}],"about":[{"href":"https:\/\/www.lab.eus\/es\/wp-json\/wp\/v2\/types\/post"}],"author":[{"embeddable":true,"href":"https:\/\/www.lab.eus\/es\/wp-json\/wp\/v2\/users\/1191"}],"replies":[{"embeddable":true,"href":"https:\/\/www.lab.eus\/es\/wp-json\/wp\/v2\/comments?post=84675"}],"version-history":[{"count":1,"href":"https:\/\/www.lab.eus\/es\/wp-json\/wp\/v2\/posts\/84675\/revisions"}],"predecessor-version":[{"id":84676,"href":"https:\/\/www.lab.eus\/es\/wp-json\/wp\/v2\/posts\/84675\/revisions\/84676"}],"wp:featuredmedia":[{"embeddable":true,"href":"https:\/\/www.lab.eus\/es\/wp-json\/wp\/v2\/media\/84673"}],"wp:attachment":[{"href":"https:\/\/www.lab.eus\/es\/wp-json\/wp\/v2\/media?parent=84675"}],"wp:term":[{"taxonomy":"category","embeddable":true,"href":"https:\/\/www.lab.eus\/es\/wp-json\/wp\/v2\/categories?post=84675"},{"taxonomy":"post_tag","embeddable":true,"href":"https:\/\/www.lab.eus\/es\/wp-json\/wp\/v2\/tags?post=84675"}],"curies":[{"name":"wp","href":"https:\/\/api.w.org\/{rel}","templated":true}]}}