{"id":84641,"date":"2025-10-24T09:26:55","date_gmt":"2025-10-24T09:26:55","guid":{"rendered":"https:\/\/www.lab.eus\/?p=84641"},"modified":"2025-10-24T09:26:58","modified_gmt":"2025-10-24T09:26:58","slug":"publicacion-del-puesto-de-auxiliar-de-biblioteca-en-la-esperanza","status":"publish","type":"post","link":"https:\/\/www.lab.eus\/es\/publicacion-del-puesto-de-auxiliar-de-biblioteca-en-la-esperanza\/","title":{"rendered":"Publicaci\u00f3n del puesto de auxiliar de biblioteca en La  Esperanza"},"content":{"rendered":"\n<p><strong>Tras m\u00e1s de un a\u00f1o de lucha y reivindicaci\u00f3n por parte de LAB, celebramos la creaci\u00f3n de una nueva plaza de auxiliar de biblioteca en La Esperanza de Bilbo.<\/strong><\/p>\n\n\n\n<p>Un proyecto que no inclu\u00eda personal municipal, y donde la gesti\u00f3n se dejaba en manos privadas. Desde el primer momento, LAB intent\u00f3 paralizar ese modelo de gesti\u00f3n, llegando a interponer un recurso ante el \u00d3rgano Administrativo de Recursos Contractuales.<\/p>\n\n\n\n<p>A lo largo de este a\u00f1o, LAB ha seguido insistiendo ante los responsables de Recursos Humanos para que este servicio sea gestionado por personal municipal. Finalmente, Recursos Humanos va a crear una nueva plaza de auxiliar de biblioteca para dar servicio en el espacio de la Esperanza.<\/p>\n\n\n\n<p>Hay que poner en valor la activaci\u00f3n del colectivo de trabajadores\/as de las bibliotecas de Bilbo, han sido un ejemplo de insistencia. A\u00fan son numerosos los servicios p\u00fablicos municipales que est\u00e1n bajo gesti\u00f3n privada. LAB continuar\u00e1 trabajando para que todos sean gestionados por personal municipal.<\/p>\n","protected":false},"excerpt":{"rendered":"<p>Tras m\u00e1s de un a\u00f1o de lucha y reivindicaci\u00f3n por parte de LAB, celebramos la creaci\u00f3n de una nueva plaza de auxiliar de biblioteca en La Esperanza de Bilbo. Un proyecto que no inclu\u00eda personal municipal, y donde la gesti\u00f3n se dejaba en manos privadas. Desde el primer momento, LAB intent\u00f3 paralizar ese modelo de [&hellip;]<\/p>\n","protected":false},"author":1191,"featured_media":77055,"comment_status":"closed","ping_status":"closed","sticky":false,"template":"","format":"standard","meta":{"_monsterinsights_skip_tracking":false,"_monsterinsights_sitenote_active":false,"_monsterinsights_sitenote_note":"","_monsterinsights_sitenote_category":0,"footnotes":"","_links_to":"","_links_to_target":""},"categories":[18],"tags":[3033,5321],"class_list":{"0":"post-84641","1":"post","2":"type-post","3":"status-publish","4":"format-standard","5":"has-post-thumbnail","7":"category-es-accion-sindical","8":"tag-accion-sindical-es","9":"tag-lortu-dugu-es"},"_links":{"self":[{"href":"https:\/\/www.lab.eus\/es\/wp-json\/wp\/v2\/posts\/84641","targetHints":{"allow":["GET"]}}],"collection":[{"href":"https:\/\/www.lab.eus\/es\/wp-json\/wp\/v2\/posts"}],"about":[{"href":"https:\/\/www.lab.eus\/es\/wp-json\/wp\/v2\/types\/post"}],"author":[{"embeddable":true,"href":"https:\/\/www.lab.eus\/es\/wp-json\/wp\/v2\/users\/1191"}],"replies":[{"embeddable":true,"href":"https:\/\/www.lab.eus\/es\/wp-json\/wp\/v2\/comments?post=84641"}],"version-history":[{"count":1,"href":"https:\/\/www.lab.eus\/es\/wp-json\/wp\/v2\/posts\/84641\/revisions"}],"predecessor-version":[{"id":84642,"href":"https:\/\/www.lab.eus\/es\/wp-json\/wp\/v2\/posts\/84641\/revisions\/84642"}],"wp:featuredmedia":[{"embeddable":true,"href":"https:\/\/www.lab.eus\/es\/wp-json\/wp\/v2\/media\/77055"}],"wp:attachment":[{"href":"https:\/\/www.lab.eus\/es\/wp-json\/wp\/v2\/media?parent=84641"}],"wp:term":[{"taxonomy":"category","embeddable":true,"href":"https:\/\/www.lab.eus\/es\/wp-json\/wp\/v2\/categories?post=84641"},{"taxonomy":"post_tag","embeddable":true,"href":"https:\/\/www.lab.eus\/es\/wp-json\/wp\/v2\/tags?post=84641"}],"curies":[{"name":"wp","href":"https:\/\/api.w.org\/{rel}","templated":true}]}}