{"id":84630,"date":"2025-10-24T08:03:12","date_gmt":"2025-10-24T08:03:12","guid":{"rendered":"https:\/\/www.lab.eus\/?p=84630"},"modified":"2025-10-24T08:13:09","modified_gmt":"2025-10-24T08:13:09","slug":"jornadas-para-hacer-frente-a-la-turistificacion-en-donostia","status":"publish","type":"post","link":"https:\/\/www.lab.eus\/es\/jornadas-para-hacer-frente-a-la-turistificacion-en-donostia\/","title":{"rendered":"Jornadas para hacer frente a la turistificaci\u00f3n en Donostia"},"content":{"rendered":"\n<p>Este fin de semana, en Donostia, se celebrar\u00e1n los encuentros de Euskal Herria a favor del Decrecimiento Tur\u00edstico.<\/p>\n\n\n\n<figure class=\"wp-block-embed is-type-video is-provider-youtube wp-block-embed-youtube wp-embed-aspect-9-16 wp-has-aspect-ratio\"><div class=\"wp-block-embed__wrapper\">\n<div class=\"youtube-embed\" data-video_id=\"\"><iframe loading=\"lazy\" title=\"Turistifikazioari aurre egiteko jardunaldiak Donostian\" width=\"563\" height=\"1000\" src=\"https:\/\/www.youtube.com\/embed\/0dOoithsE-4?feature=oembed&#038;enablejsapi=1\" frameborder=\"0\" allow=\"accelerometer; autoplay; clipboard-write; encrypted-media; gyroscope; picture-in-picture; web-share\" referrerpolicy=\"strict-origin-when-cross-origin\" allowfullscreen><\/iframe><\/div>\n<\/div><\/figure>\n\n\n\n<p>La turistificaci\u00f3n es una estrategia econ\u00f3mica del capital que busca precarizar continuamente a la clase trabajadora, condicionando nuestras vidas en el d\u00eda a d\u00eda. Esto se refleja claramente en varios \u00e1mbitos:<\/p>\n\n\n\n<p>En la e<strong>xpansi\u00f3n de condiciones laborales precarias<\/strong>, especialmente en los sectores de empleo vinculados al turismo. Esto se observa claramente en la hosteler\u00eda, la limpieza y otros servicios.<\/p>\n\n\n\n<p>En el e<strong>ncarecimiento del precio de la vivienda.<\/strong> Mientras se nos niega el derecho a una vivienda digna y accesible, esta se convierte en un negocio y se destina al uso tur\u00edstico.<\/p>\n\n\n\n<p>Y en la i<strong>mposibilidad cada vez m\u00e1s evidente de vivir en nuestros barrios y ciudades<\/strong>, debido a los bajos salarios y los altos precios de la vivienda, y en general por un modelo urbano construido para el negocio y no para las y losvecinos.<\/p>\n\n\n\n<p>Desde LAB estamos organizados tanto en el \u00e1mbito del empleo como en el de la vivienda, y estamos preparadas y preparados para hacer frente, mediante la acci\u00f3n sindical, a la precarizaci\u00f3n que conlleva la turistificaci\u00f3n. Consideramos imprescindible construir alianzas con todas las personas y agentes que luchan contra la turistificaci\u00f3n, para poder enfrentar este fen\u00f3meno con la mayor fuerza posible. Por ello, participaremos en los encuentros organizados por BizilagunEkin y queremos invitar a toda la militancia de LAB a que se sumen.<\/p>\n","protected":false},"excerpt":{"rendered":"<p>Este fin de semana, en Donostia, se celebrar\u00e1n los encuentros de Euskal Herria a favor del Decrecimiento Tur\u00edstico.<\/p>\n","protected":false},"author":1192,"featured_media":84635,"comment_status":"closed","ping_status":"closed","sticky":false,"template":"","format":"video","meta":{"_monsterinsights_skip_tracking":false,"_monsterinsights_sitenote_active":false,"_monsterinsights_sitenote_note":"","_monsterinsights_sitenote_category":0,"footnotes":"","_links_to":"","_links_to_target":""},"categories":[2994],"tags":[3182,3178,3364],"class_list":{"0":"post-84630","1":"post","2":"type-post","3":"status-publish","4":"format-video","5":"has-post-thumbnail","7":"category-accion-social","8":"tag-accion-social-es","9":"tag-destacado-1","10":"tag-donostia-es","11":"post_format-post-format-video"},"_links":{"self":[{"href":"https:\/\/www.lab.eus\/es\/wp-json\/wp\/v2\/posts\/84630","targetHints":{"allow":["GET"]}}],"collection":[{"href":"https:\/\/www.lab.eus\/es\/wp-json\/wp\/v2\/posts"}],"about":[{"href":"https:\/\/www.lab.eus\/es\/wp-json\/wp\/v2\/types\/post"}],"author":[{"embeddable":true,"href":"https:\/\/www.lab.eus\/es\/wp-json\/wp\/v2\/users\/1192"}],"replies":[{"embeddable":true,"href":"https:\/\/www.lab.eus\/es\/wp-json\/wp\/v2\/comments?post=84630"}],"version-history":[{"count":2,"href":"https:\/\/www.lab.eus\/es\/wp-json\/wp\/v2\/posts\/84630\/revisions"}],"predecessor-version":[{"id":84633,"href":"https:\/\/www.lab.eus\/es\/wp-json\/wp\/v2\/posts\/84630\/revisions\/84633"}],"wp:featuredmedia":[{"embeddable":true,"href":"https:\/\/www.lab.eus\/es\/wp-json\/wp\/v2\/media\/84635"}],"wp:attachment":[{"href":"https:\/\/www.lab.eus\/es\/wp-json\/wp\/v2\/media?parent=84630"}],"wp:term":[{"taxonomy":"category","embeddable":true,"href":"https:\/\/www.lab.eus\/es\/wp-json\/wp\/v2\/categories?post=84630"},{"taxonomy":"post_tag","embeddable":true,"href":"https:\/\/www.lab.eus\/es\/wp-json\/wp\/v2\/tags?post=84630"}],"curies":[{"name":"wp","href":"https:\/\/api.w.org\/{rel}","templated":true}]}}