{"id":84624,"date":"2025-10-23T15:33:33","date_gmt":"2025-10-23T15:33:33","guid":{"rendered":"https:\/\/www.lab.eus\/?p=84624"},"modified":"2025-10-23T15:33:36","modified_gmt":"2025-10-23T15:33:36","slug":"lab-reafirma-su-compromiso-con-el-futuro-industrial-de-aiaraldea-y-advierte-al-diputado-general-de-alava-que-el-fondo-y-las-formas-importan","status":"publish","type":"post","link":"https:\/\/www.lab.eus\/es\/lab-reafirma-su-compromiso-con-el-futuro-industrial-de-aiaraldea-y-advierte-al-diputado-general-de-alava-que-el-fondo-y-las-formas-importan\/","title":{"rendered":"LAB reafirma su compromiso con el futuro industrial de Aiaraldea y advierte al Diputado General de \u00c1lava que el fondo y las formas importan."},"content":{"rendered":"\n<p><strong>El sindicato LAB quiere denunciar p\u00fablicamente las formas con las que la Diputaci\u00f3n Foral de \u00c1lava ha anunciado la creaci\u00f3n de una mesa con empresas, municipios y sindicatos para relanzar la industria de Aiaraldea. Seg\u00fan hemos sabido por los medios de comunicaci\u00f3n, incluso ya existe una fecha fijada para la primera reuni\u00f3n, pero LAB no ha recibido ninguna notificaci\u00f3n oficial ni invitaci\u00f3n formal para participar en dicha mesa.<\/strong><\/p>\n\n\n\n<p>Resulta inaceptable que un proceso que, en teor\u00eda, pretende ser participativo y abierto comience excluyendo precisamente a quienes llevamos a\u00f1os denunciando la situaci\u00f3n industrial de la comarca y defendiendo el empleo en cada conflicto. LAB se ha enterado por la prensa, lo que demuestra una vez m\u00e1s la falta de transparencia y de voluntad real de colaboraci\u00f3n por parte de las instituciones.&nbsp;<\/p>\n\n\n\n<p>Aiaraldea es una comarca que en los \u00faltimos a\u00f1os ha sido duramente golpeada por el cierre de empresas y la destrucci\u00f3n de empleo. El tejido industrial, motor econ\u00f3mico de la zona, ha sufrido un deterioro progresivo sin que las administraciones hayan actuado con la urgencia ni el compromiso que la situaci\u00f3n requer\u00eda.&nbsp;<\/p>\n\n\n\n<p>Desde LAB llevamos a\u00f1os advirtiendo de esta deriva y denunciando la pasividad y complicidad tanto del Gobierno Vasco como de la Diputaci\u00f3n Foral de \u00c1lava ante los continuos procesos de desindustrializaci\u00f3n. Cada cierre, cada expediente, cada despido ha sido una se\u00f1al de alarma que las instituciones han preferido ignorar o maquillar con discursos vac\u00edos.<\/p>\n\n\n\n<p>Un ejemplo reciente lo encontramos en Maderas Llodio, donde el comit\u00e9 de empresa, se reuni\u00f3 este lunes con el Departamento de Industria del Gobierno Vasco para solicitar su implicaci\u00f3n y evitar los 35 despidos anunciados. La respuesta, una vez m\u00e1s, fue un portazo. El mismo portazo que recibimos en el proceso de despido colectivo de Tubacex, y en los cierres de Glavista y de Guardian.&nbsp;<\/p>\n\n\n\n<p>Esta actitud refleja a la perfecci\u00f3n la falta de voluntad de las instituciones para intervenir de forma efectiva en defensa del empleo.&nbsp;<\/p>\n\n\n\n<p>Desde LAB vemos necesaria la necesidad de crear una mesa comarcal que re\u00fana a los diferentes agentes sociales, econ\u00f3micos e institucionales de Aiaraldea. Creemos firmemente que el futuro industrial de la comarca debe definirse de forma colectiva, con la participaci\u00f3n real de los trabajadores y trabajadoras, los sindicatos, las empresas, los municipios y las instituciones.<\/p>\n\n\n\n<p>Por eso mismo, la creaci\u00f3n de esta mesa podr\u00eda ser una buena noticia, siempre que se haga con transparencia, participaci\u00f3n y objetivos reales. Sin embargo, la forma en la que se ha anunciado genera desconfianza y pone en duda la sinceridad del proceso.<\/p>\n\n\n\n<p>Ademas, queremos recordar que partiendo de una ponencia de parlamento, ya ha habido un intento de revitalizar econ\u00f3micamente Aiaraldea con un plan\u00e9estrategico comarcal y un plan de actuaci\u00f3n\u00a0inmediato. Planes que lamentablemente y debido a la dejadez de las instuciones supramunicipales no se han desarrollado, ni se han dotado lo suficiente para revertir la situaci\u00f3n socioecon\u00f3mica de Aiaraldea.<\/p>\n\n\n\n<p>Para LAB, la creaci\u00f3n de una mesa de este tipo solo tiene sentido si cumple unas condiciones b\u00e1sicas:<\/p>\n\n\n\n<ul class=\"wp-block-list\">\n<li>Que sea una mesa de trabajo real, no un espacio para la foto o para imponer un relato institucional ya decidido de antemano.<\/li>\n\n\n\n<li>Que el diagn\u00f3stico de la situaci\u00f3n industrial de Aiaraldea se elabore de manera conjunta, incorporando la visi\u00f3n y la experiencia de todos los agentes que viven y trabajan en la comarca.<\/li>\n\n\n\n<li>Que las medidas a adoptar sean fruto de un trabajo colectivo y de acuerdos compartidos, y no el resultado de decisiones unilaterales del Ejecutivo foral o del Gobierno Vasco.<\/li>\n\n\n\n<li>Que se garantice la participaci\u00f3n efectiva de los comit\u00e9s de empresa y de los sindicatos representativos, no solo como oyentes, sino como parte activa en la definici\u00f3n de pol\u00edticas industriales y de empleo.<\/li>\n\n\n\n<li>Que se asegure un compromiso real y dotaci\u00f3n presupuestaria suficiente para que las decisiones que se adopten tengan efecto concreto sobre el territorio.<\/li>\n\n\n\n<li>Y sobre todo, que se garantice el derecho al empleo para todas los trabajadores y trabajadoras de la comarca.<\/li>\n<\/ul>\n\n\n\n<p>Por todo ello, LAB reitera su disposici\u00f3n a trabajar por Aiaraldea, pero tambi\u00e9n su exigencia de que las instituciones cambien las formas y el fondo de su actuaci\u00f3n. El momento exige seriedad, respeto y participaci\u00f3n. Solo as\u00ed ser\u00e1 posible construir, entre todos y todas, una estrategia industrial que garantice empleo y futuro en la comarca.&nbsp;<\/p>\n","protected":false},"excerpt":{"rendered":"<p>El sindicato LAB quiere denunciar p\u00fablicamente las formas con las que la Diputaci\u00f3n Foral de \u00c1lava ha anunciado la creaci\u00f3n de una mesa con empresas, municipios y sindicatos para relanzar la industria de Aiaraldea. Seg\u00fan hemos sabido por los medios de comunicaci\u00f3n, incluso ya existe una fecha fijada para la primera reuni\u00f3n, pero LAB no [&hellip;]<\/p>\n","protected":false},"author":1191,"featured_media":35664,"comment_status":"closed","ping_status":"closed","sticky":false,"template":"","format":"standard","meta":{"_monsterinsights_skip_tracking":false,"_monsterinsights_sitenote_active":false,"_monsterinsights_sitenote_note":"","_monsterinsights_sitenote_category":0,"footnotes":"","_links_to":"","_links_to_target":""},"categories":[18,2868],"tags":[3033,3178,2996],"class_list":{"0":"post-84624","1":"post","2":"type-post","3":"status-publish","4":"format-standard","5":"has-post-thumbnail","7":"category-es-accion-sindical","8":"category-industria-es","9":"tag-accion-sindical-es","10":"tag-destacado-1","11":"tag-industria-es"},"_links":{"self":[{"href":"https:\/\/www.lab.eus\/es\/wp-json\/wp\/v2\/posts\/84624","targetHints":{"allow":["GET"]}}],"collection":[{"href":"https:\/\/www.lab.eus\/es\/wp-json\/wp\/v2\/posts"}],"about":[{"href":"https:\/\/www.lab.eus\/es\/wp-json\/wp\/v2\/types\/post"}],"author":[{"embeddable":true,"href":"https:\/\/www.lab.eus\/es\/wp-json\/wp\/v2\/users\/1191"}],"replies":[{"embeddable":true,"href":"https:\/\/www.lab.eus\/es\/wp-json\/wp\/v2\/comments?post=84624"}],"version-history":[{"count":1,"href":"https:\/\/www.lab.eus\/es\/wp-json\/wp\/v2\/posts\/84624\/revisions"}],"predecessor-version":[{"id":84625,"href":"https:\/\/www.lab.eus\/es\/wp-json\/wp\/v2\/posts\/84624\/revisions\/84625"}],"wp:featuredmedia":[{"embeddable":true,"href":"https:\/\/www.lab.eus\/es\/wp-json\/wp\/v2\/media\/35664"}],"wp:attachment":[{"href":"https:\/\/www.lab.eus\/es\/wp-json\/wp\/v2\/media?parent=84624"}],"wp:term":[{"taxonomy":"category","embeddable":true,"href":"https:\/\/www.lab.eus\/es\/wp-json\/wp\/v2\/categories?post=84624"},{"taxonomy":"post_tag","embeddable":true,"href":"https:\/\/www.lab.eus\/es\/wp-json\/wp\/v2\/tags?post=84624"}],"curies":[{"name":"wp","href":"https:\/\/api.w.org\/{rel}","templated":true}]}}