{"id":84614,"date":"2025-10-23T10:09:09","date_gmt":"2025-10-23T10:09:09","guid":{"rendered":"https:\/\/www.lab.eus\/?p=84614"},"modified":"2025-10-23T10:11:13","modified_gmt":"2025-10-23T10:11:13","slug":"lab-organiza-jornada-de-huelga-y-movilizaciones-para-hoy-en-el-sector-de-las-residencias-para-personas-mayores-de-araba","status":"publish","type":"post","link":"https:\/\/www.lab.eus\/es\/lab-organiza-jornada-de-huelga-y-movilizaciones-para-hoy-en-el-sector-de-las-residencias-para-personas-mayores-de-araba\/","title":{"rendered":"LAB organiz\u00f3 ayer jornada de huelga y movilizaciones en el sector de las Residencias para personas mayores de Araba"},"content":{"rendered":"\n<p><strong>LAB ha retomado la huelga y la movilizaci\u00f3n. Hemos exigido a la Diputaci\u00f3n que asuma su responsabilidad en la superaci\u00f3n del conflicto. Hay que acabar la situaci\u00f3n lamentable que padecen las trabajadoras en las Residencias de Mayores de Araba y es el gobierno del PNV-PSE el que tiene la llave para que las peque\u00f1as oportunidades que generamos el mes pasado en la mesa de negociaci\u00f3n con la Patronal se conviertan en avances y acaben con el bloqueo existente.<\/strong><\/p>\n\n\n\n<p>Han pasado seis a\u00f1os desde que LAB emprendio la lucha por conseguir el I Convenio de \u00c1lava para el sector.Durante este tiempo, la pr\u00e1ctica desarrollada por la Patronal ha respondido a una estrategia basada en el desgaste y la desesperaci\u00f3n de las trabajadoras, mostrando un desprecio absoluto hacia las persona que realizan labores imprescindibles para nuestra comunidad.<\/p>\n\n\n\n<p>Desde LAB hemos querido denunciar en voz alta en todo momento la irresponsabilidad que supone mantener las condiciones laborales actuales en el sector, ya que cronifica la precariedad de las trabajadores y est\u00e1 muy lejos de garantizar una vida de calidad.<\/p>\n\n\n\n<p>En LAB tenemos claro que la persistencia del trato despectivo que est\u00e1n sufriendo las mujeres trabajadoras del sector y las personas que viven en las residencias s\u00f3lo es posible gracias a la colaboraci\u00f3n y apoyo del Gobierno Foral, formado por PNV y PSE. Por eso les hemos interpelado desde LAB en las movilizaciones de ayer.<\/p>\n\n\n\n<p>La privatizaci\u00f3n de los servicios p\u00fablicos, que no tiene freno y la precarizaci\u00f3n de la vida inevitable que conlleva, nos han llevado a un punto de inflexi\u00f3n en el que la situaci\u00f3n de las Residencias de Mayores se ha convertido en el paradigma del fracaso de las pol\u00edticas privatizadoras del PNV: instituciones p\u00fablicas que se desentienden de los problemas de la ciudadania, enriquecimiento de la Patronal, empobrecimiento de la clase trabajadora.<\/p>\n\n\n\n<p>Las trabajadoras que estamos organizadas en LAB queremos lanzar un mensaje claro a la Patronal formada por GESCA Euskadi, LARES y ACRA\/AEZE, as\u00ed como a las Instituciones del pa\u00eds: no vamos a desistir en ningun momento. Seguiremos trabajando sin descanso hasta lograr un Convenio provincial que acabe con la precariedad que se da en el sector, con la publificaci\u00f3n de las residencias como meta final. En esa direcci\u00f3n, animamos a la sociedad alavesa a seguir apoyando esta lucha justa que es de todas.<\/p>\n","protected":false},"excerpt":{"rendered":"<p>LAB ha retomado la huelga y la movilizaci\u00f3n. Hemos exigido a la Diputaci\u00f3n que asuma su responsabilidad en la superaci\u00f3n del conflicto. Hay que acabar la situaci\u00f3n lamentable que padecen las trabajadoras en las Residencias de Mayores de Araba y es el gobierno del PNV-PSE el que tiene la llave para que las peque\u00f1as oportunidades [&hellip;]<\/p>\n","protected":false},"author":1191,"featured_media":84612,"comment_status":"closed","ping_status":"closed","sticky":false,"template":"","format":"standard","meta":{"_monsterinsights_skip_tracking":false,"_monsterinsights_sitenote_active":false,"_monsterinsights_sitenote_note":"","_monsterinsights_sitenote_category":0,"footnotes":"","_links_to":"","_links_to_target":""},"categories":[18],"tags":[3033,3178],"class_list":{"0":"post-84614","1":"post","2":"type-post","3":"status-publish","4":"format-standard","5":"has-post-thumbnail","7":"category-es-accion-sindical","8":"tag-accion-sindical-es","9":"tag-destacado-1"},"_links":{"self":[{"href":"https:\/\/www.lab.eus\/es\/wp-json\/wp\/v2\/posts\/84614","targetHints":{"allow":["GET"]}}],"collection":[{"href":"https:\/\/www.lab.eus\/es\/wp-json\/wp\/v2\/posts"}],"about":[{"href":"https:\/\/www.lab.eus\/es\/wp-json\/wp\/v2\/types\/post"}],"author":[{"embeddable":true,"href":"https:\/\/www.lab.eus\/es\/wp-json\/wp\/v2\/users\/1191"}],"replies":[{"embeddable":true,"href":"https:\/\/www.lab.eus\/es\/wp-json\/wp\/v2\/comments?post=84614"}],"version-history":[{"count":2,"href":"https:\/\/www.lab.eus\/es\/wp-json\/wp\/v2\/posts\/84614\/revisions"}],"predecessor-version":[{"id":84616,"href":"https:\/\/www.lab.eus\/es\/wp-json\/wp\/v2\/posts\/84614\/revisions\/84616"}],"wp:featuredmedia":[{"embeddable":true,"href":"https:\/\/www.lab.eus\/es\/wp-json\/wp\/v2\/media\/84612"}],"wp:attachment":[{"href":"https:\/\/www.lab.eus\/es\/wp-json\/wp\/v2\/media?parent=84614"}],"wp:term":[{"taxonomy":"category","embeddable":true,"href":"https:\/\/www.lab.eus\/es\/wp-json\/wp\/v2\/categories?post=84614"},{"taxonomy":"post_tag","embeddable":true,"href":"https:\/\/www.lab.eus\/es\/wp-json\/wp\/v2\/tags?post=84614"}],"curies":[{"name":"wp","href":"https:\/\/api.w.org\/{rel}","templated":true}]}}