{"id":84590,"date":"2025-10-22T14:57:32","date_gmt":"2025-10-22T14:57:32","guid":{"rendered":"https:\/\/www.lab.eus\/?p=84590"},"modified":"2025-10-22T14:57:35","modified_gmt":"2025-10-22T14:57:35","slug":"lab-exige-al-gobierno-de-navarra-corregir-unos-presupuestos-que-alejan-a-navarra-de-europa-en-sanidad-y-educacion-publica","status":"publish","type":"post","link":"https:\/\/www.lab.eus\/es\/lab-exige-al-gobierno-de-navarra-corregir-unos-presupuestos-que-alejan-a-navarra-de-europa-en-sanidad-y-educacion-publica\/","title":{"rendered":"LAB exige al Gobierno de Navarra corregir unos presupuestos que alejan a Navarra de Europa en sanidad y educaci\u00f3n p\u00fablica"},"content":{"rendered":"\n<p><strong>El Consejo Econ\u00f3mico y Social de Navarra (CES) se ha reunido hoy en Pamplona para abordar el Anteproyecto de Presupuestos Generales de Navarra para 2026. El sindicato LAB critica que la inversi\u00f3n social y la inversi\u00f3n en servicios p\u00fablicos como sanidad y educaci\u00f3n pierden peso e importancia en unos presupuestos que alejan a Navarra de Europa. En la misma l\u00ednea, advierte que de no avanzar en fiscalidad en t\u00e9rminos de progresividad y reparto de la riqueza (que pague m\u00e1s quien m\u00e1s tiene), Navarra dejar\u00e1 de ser eficaz en servicios p\u00fablicos con respecto a Europa.<\/strong><\/p>\n\n\n\n<p>En opini\u00f3n del sindicato LAB, el debate sobre los presupuestos de Navarra de 2026 debe situarse dentro de la l\u00f3gica de dise\u00f1ar una pol\u00edtica presupuestaria y fiscal que permita desarrollar una estrategia de fortalecimiento de los servicios p\u00fablicos que incluya tambi\u00e9n la creaci\u00f3n de un sistema p\u00fablico de cuidados, acabar con los privilegios fiscales de los que m\u00e1s tienen para repartir la riqueza, as\u00ed como desarrollar una verdadera pol\u00edtica de empleo que mejore las condiciones de vida y de trabajo de los trabajadores y trabajadoras navarras.<\/p>\n\n\n\n<p>Al parecer, a trav\u00e9s de los tributos se costear\u00e1 el 84,56% de los presupuestos. El ingreso tributario esperado ser\u00e1 del 19,18% sobre el PIB, cuando en la Uni\u00f3n Europea ha superado el 26% de media en los \u00faltimos a\u00f1os. En Navarra con la presi\u00f3n fiscal que existe en Europa, con su misma competitividad, tendr\u00edamos 1.880 millones de euros m\u00e1s para redistribuirlos presupuestariamente. Suficiente para salir de la autocomplacencia actual y abordar con ambici\u00f3n prioridades como el empleo, la sanidad p\u00fablica, la educaci\u00f3n p\u00fablica o la compra de vivienda.<\/p>\n\n\n\n<p>El sindicato LAB est\u00e1 preocupado por los discursos populistas de la extrema derecha y empresarios. Geroa Bai y tambi\u00e9n el PSN siguen a CEN, VOX, PP y UPN adoptando en relaci\u00f3n a los impuestos discursos que buscan profundizar en la desigualdad y el debilitamiento de los servicios p\u00fablicos. La competitividad de Navarra debe basarse en la cohesi\u00f3n social y la justicia social. Los empresarios en Navarra pagan cinco veces menos que los trabajadores a la Hacienda Foral.<\/p>\n\n\n\n<p>En lo que a la inversi\u00f3n social se refiere no se producen recortes, pero importantes partidas que afectan a servicios p\u00fablicos esenciales pierden peso en los presupuestos de 2026 con respecto al PIB.<\/p>\n\n\n\n<p>As\u00ed, si bien la cantidad destinada a sanidad se incrementa en un 3,33% resultando la mayor partida presupuestaria representando un 24,55% de los presupuestos, supone el 5,28% sobre el PIB (5,30% el a\u00f1o pasado); lo que demuestra que en los \u00faltimos a\u00f1os la inversi\u00f3n est\u00e1 cayendo y la apuesta del Gobierno no responde a las necesidades para resolver los problemas de Osasunbidea, ni al fortalecimiento de un Sistema P\u00fablico de Salud, ni tampoco a la ambici\u00f3n y competitividad del \u00e1mbito europeo, donde el gasto medio de la Uni\u00f3n Europea respecto al PIB ha sido superior al 8% de los \u00faltimos a\u00f1os.<\/p>\n\n\n\n<p>En cuanto a Educaci\u00f3n, se produce un aumento de la cantidad destinada en un 2,97%, lo que representa el 16,78% de los presupuestos y el 3,61% respecto al PIB (el a\u00f1o pasado fue del 3,64%). En cambio, el gasto medio de la Uni\u00f3n Europea respecto al PIB en educaci\u00f3n ha sido superior al 4,7% en los \u00faltimos a\u00f1os. La incapacidad y prepotencia del consejero de Educaci\u00f3n el se\u00f1or Gimeno, se ve acompa\u00f1ada de una falta de inversi\u00f3n en recursos personales y materiales para responder a los retos de la educaci\u00f3n p\u00fablica en Navarra, con una plantilla activa y movilizada. Aqu\u00ed tambi\u00e9n la inversi\u00f3n est\u00e1 cayendo. Por lo que LAB insiste en su propuesta de elevar la inversi\u00f3n en la educaci\u00f3n p\u00fablica al 6% del PIB.<\/p>\n\n\n\n<p>En el apartado de inversi\u00f3n social existen otras partidas importantes y que son las siguientes: UPNA para el edificio m\u00e9dico, compra de vivienda, material sanitario y obras. Tambi\u00e9n otra relativa al ciclo 0-3 y escuelas infantiles, pero insuficiente para publificar dicho ciclo y ordenar la oferta educativa que desde lo p\u00fablico tienen que garantizar las instituciones con la financiaci\u00f3n del Gobierno de Navarra.<\/p>\n\n\n\n<p>Menci\u00f3n positiva requiere el fortalecimiento de la partida referente a la \u201cProtecci\u00f3n Social Reforzada\u201d. As\u00ed, la \u201cAtenci\u00f3n a la infancia\u201d recoge un incremento del 35,74% (68,4 millones de euros), la igualdad entre hombres y mujeres un incremento del 21,93% (4,6 millones de euros) y la partida contra la violencia machista otro incremento del 16,17%. Estos importantes incrementos son necesarios para transformar estas realidades.<\/p>\n\n\n\n<p>Todos los sectores privatizados de cuidados est\u00e1n bloqueados. Las residencias de personas mayores siguen sin convenio de Navarra y su soluci\u00f3n requiere de apoyo presupuestario. El Gobierno de Navarra tiene bloqueados los convenios de las fundaciones p\u00fablicas Gizain y Fundapa que necesitan tambi\u00e9n apoyo presupuestario para la equiparaci\u00f3n. En Intervenci\u00f3n Social, la transformaci\u00f3n del sistema requiere una importante inversi\u00f3n econ\u00f3mica. Por \u00faltimo, el Convenio Sectorial de Discapacidad tambi\u00e9n necesita apoyo presupuestario.<\/p>\n\n\n\n<p>Por tanto, si bien es positivo el incremento de las partidas mencionadas el destino final de las mismas es lo importante y lo que el Gobierno de Navarra debe aclarar.<\/p>\n\n\n\n<p>Finalmente, de este anteproyecto de presupuestos destaca el aumento enorme del gasto o la inversi\u00f3n en el \u00e1mbito de la industria para la transici\u00f3n energ\u00e9tica y transformaci\u00f3n industrial, para lo que se prev\u00e9n grandes subvenciones.<\/p>\n\n\n\n<p>LAB durante estos \u00faltimos meses ha exigido al Gobierno de Navarra recuperar la pol\u00edtica industrial abandonada durante a\u00f1os en nuestro territorio para hacer frente a la situaci\u00f3n de destrucci\u00f3n de empleo del sector y afrontar los retos futuros en ese sentido (transici\u00f3n energ\u00e9tica y transformaci\u00f3n). LAB exige que dicha pol\u00edtica y presupuesto se destine a poner condiciones que aseguren y protejan los puestos de trabajo de los trabajadores y trabajadoras navarras, que se destine a una pol\u00edtica industrial para la transici\u00f3n ecosocial que ponga en el centro de las decisiones pol\u00edticas a la clase trabajadora. En su lugar, el Gobierno quiere utilizar ese dinero para asegurar la rentabilidad del capital, poniendo en sus manos dinero p\u00fablico sin poner condiciones a los empresarios.<\/p>\n\n\n\n<p>Por \u00faltimo, en unos tiempos en los que nos hacen creer que las guerras son la soluci\u00f3n a todos los problemas, LAB se opone firmemente a cualquier intenci\u00f3n de abrir la puerta a la industria armament\u00edstica u a otros negocios de este tipo. Y detr\u00e1s de estos presupuestos no hay ning\u00fan criterio expl\u00edcito al respecto.<\/p>\n","protected":false},"excerpt":{"rendered":"<p>El Consejo Econ\u00f3mico y Social de Navarra (CES) se ha reunido hoy en Pamplona para abordar el Anteproyecto de Presupuestos Generales de Navarra para 2026. El sindicato LAB critica que la inversi\u00f3n social y la inversi\u00f3n en servicios p\u00fablicos como sanidad y educaci\u00f3n pierden peso e importancia en unos presupuestos que alejan a Navarra de [&hellip;]<\/p>\n","protected":false},"author":1191,"featured_media":84588,"comment_status":"closed","ping_status":"closed","sticky":false,"template":"","format":"standard","meta":{"_monsterinsights_skip_tracking":false,"_monsterinsights_sitenote_active":false,"_monsterinsights_sitenote_note":"","_monsterinsights_sitenote_category":0,"footnotes":"","_links_to":"","_links_to_target":""},"categories":[18,2867,6],"tags":[3033,3178,3171],"class_list":{"0":"post-84590","1":"post","2":"type-post","3":"status-publish","4":"format-standard","5":"has-post-thumbnail","7":"category-es-accion-sindical","8":"category-federaciones","9":"category-es-servicios-publicos","10":"tag-accion-sindical-es","11":"tag-destacado-1","12":"tag-servicios-publicos-es"},"_links":{"self":[{"href":"https:\/\/www.lab.eus\/es\/wp-json\/wp\/v2\/posts\/84590","targetHints":{"allow":["GET"]}}],"collection":[{"href":"https:\/\/www.lab.eus\/es\/wp-json\/wp\/v2\/posts"}],"about":[{"href":"https:\/\/www.lab.eus\/es\/wp-json\/wp\/v2\/types\/post"}],"author":[{"embeddable":true,"href":"https:\/\/www.lab.eus\/es\/wp-json\/wp\/v2\/users\/1191"}],"replies":[{"embeddable":true,"href":"https:\/\/www.lab.eus\/es\/wp-json\/wp\/v2\/comments?post=84590"}],"version-history":[{"count":1,"href":"https:\/\/www.lab.eus\/es\/wp-json\/wp\/v2\/posts\/84590\/revisions"}],"predecessor-version":[{"id":84591,"href":"https:\/\/www.lab.eus\/es\/wp-json\/wp\/v2\/posts\/84590\/revisions\/84591"}],"wp:featuredmedia":[{"embeddable":true,"href":"https:\/\/www.lab.eus\/es\/wp-json\/wp\/v2\/media\/84588"}],"wp:attachment":[{"href":"https:\/\/www.lab.eus\/es\/wp-json\/wp\/v2\/media?parent=84590"}],"wp:term":[{"taxonomy":"category","embeddable":true,"href":"https:\/\/www.lab.eus\/es\/wp-json\/wp\/v2\/categories?post=84590"},{"taxonomy":"post_tag","embeddable":true,"href":"https:\/\/www.lab.eus\/es\/wp-json\/wp\/v2\/tags?post=84590"}],"curies":[{"name":"wp","href":"https:\/\/api.w.org\/{rel}","templated":true}]}}