{"id":84583,"date":"2025-10-22T13:52:18","date_gmt":"2025-10-22T13:52:18","guid":{"rendered":"https:\/\/www.lab.eus\/?p=84583"},"modified":"2025-10-22T13:52:21","modified_gmt":"2025-10-22T13:52:21","slug":"exigimos-recuperar-el-poder-adquisitivo-de-hace-15-anos-gobierno-de-navarra-devuelvenos-lo-que-nos-corresponde","status":"publish","type":"post","link":"https:\/\/www.lab.eus\/es\/exigimos-recuperar-el-poder-adquisitivo-de-hace-15-anos-gobierno-de-navarra-devuelvenos-lo-que-nos-corresponde\/","title":{"rendered":"Exigimos recuperar el poder adquisitivo de hace 15 a\u00f1os. Gobierno de Navarra, \u00a1devu\u00e9lvenos lo que nos corresponde!"},"content":{"rendered":"\n<p><strong>Hoy nos concentramos ante la sede del Gobierno de Navarra, y a sabiendas de que las personas que deber\u00edan tomar cartas en este asunto se encuentran en su interior, para que nos oigan. Por ello, vamos a tratar de generar el mayor ruido posible y as\u00ed les ser\u00e1 imposible negar que nos han y escuchado.<\/strong><\/p>\n\n\n\n<p>En los \u00faltimos 15 a\u00f1os el Gobierno de Navarra nos ha robado miles de euros a todas las personas que trabajamos en la Administraci\u00f3n. En 2010 nos redujeron el salario un 5% de media en lo que presentaron como una medida puntual. Sin embargo, esa medida nunca se ha revocado y 15 a\u00f1os despu\u00e9s seguimos con los salarios rebajados.<\/p>\n\n\n\n<p>Desde entonces, las subidas que han experimentado nuestros salarios han sido siempre inferiores al IPC, y entre 2010 y 2015, por ejemplo, la subida salarial fue cero. En estos \u00faltimos 15 a\u00f1os la diferencia entre lo que ha subido nuestro salario y lo que ha subido el IPC alcanza 20 puntos porcentuales; es decir, a d\u00eda de hoy percibimos un 20% menos que hace 15 a\u00f1os.<\/p>\n\n\n\n<p>Al mismo tiempo, aquella rebaja salarial, o directamente, aquel robo de nuestras remuneraciones, supuso romper la proporcionalidad salarial entre los diferentes niveles de la Administraci\u00f3n, algo que va en contra de lo que marca el Estatuto. Se entiende mejor si decimos que, debido a este incumplimiento del Estatuto, quienes trabajan en el nivel A han perdido en estos a\u00f1os en el salario base m\u00e1s de 31.000 euros, los del B m\u00e1s de 18.000, los del C m\u00e1s de 10.000 y los del D m\u00e1s de 3.000. Esto solo en cuanto al salario base. A estas cantidades habr\u00eda que a\u00f1adir los complementos de cada puesto, que se calculan en funci\u00f3n del salario base. As\u00ed pues, la p\u00e9rdida acumulada es mucho mayor aun que las cifras se\u00f1aladas m\u00e1s arriba.<\/p>\n\n\n\n<p>El atraco al que nos vemos sometidos por la Administraci\u00f3n es todav\u00eda m\u00e1s grave si tenemos en cuenta que tiene establecido para el nivel E un salario inferior al salario m\u00ednimo interprofesional. Recordamos que lo que cobra el nivel E sirve de base para calcular lo que percibe el resto de niveles, por lo que nuevamente debemos hablar de miles de euros que se suman al robo de nuestras remuneraciones.<\/p>\n\n\n\n<p>\u2022 El Gobierno de Navarra est\u00e1 incumpliendo lo que marca el Estatuto en cuanto a la proporcionalidad de los salarios entre los diferentes niveles.<\/p>\n\n\n\n<p>\u2022 El Gobierno de Navarra est\u00e1 incumpliendo la aplicaci\u00f3n del salario m\u00ednimo interprofesional.<\/p>\n\n\n\n<p>\u2022 El Gobierno de Navarra est\u00e1 incumpliendo su obligaci\u00f3n de garantizar unas remuneraciones justas para quienes trabajamos en la Administraci\u00f3n.<\/p>\n\n\n\n<p>\u2022 El Gobierno de Navarra lleva15 a\u00f1os rob\u00e1ndonos y contin\u00faa haci\u00e9ndolo en cada n\u00f3mina que recibimos.<\/p>\n\n\n\n<p>Desde LAB hemos reclamado en repetidas ocasiones al Gobierno de Navarra la recuperaci\u00f3n de nuestro nivel salarial previo a este ciclo de 15 a\u00f1os, pero no han tomado ninguna medida para afrontar esta reclamaci\u00f3n. Tambi\u00e9n hemos pedido un reconocimiento de la deuda que tienen contra\u00edda con toda la plantilla y una planificaci\u00f3n para devolver todo lo que nos han robado.<\/p>\n\n\n\n<p>Por todo ello, os animamos a seguir moviliz\u00e1ndonos para reclamar, nada m\u00e1s y nada menos, que aquello que nos corresponde. LAB, desde luego, no cesar\u00e1 en su empe\u00f1o y seguir\u00e1 poni\u00e9ndolo una y otra vez sobre la mesa.<\/p>\n","protected":false},"excerpt":{"rendered":"<p>Hoy nos concentramos ante la sede del Gobierno de Navarra, y a sabiendas de que las personas que deber\u00edan tomar cartas en este asunto se encuentran en su interior, para que nos oigan. Por ello, vamos a tratar de generar el mayor ruido posible y as\u00ed les ser\u00e1 imposible negar que nos han y escuchado. [&hellip;]<\/p>\n","protected":false},"author":1191,"featured_media":84581,"comment_status":"closed","ping_status":"closed","sticky":false,"template":"","format":"standard","meta":{"_monsterinsights_skip_tracking":false,"_monsterinsights_sitenote_active":false,"_monsterinsights_sitenote_note":"","_monsterinsights_sitenote_category":0,"footnotes":"","_links_to":"","_links_to_target":""},"categories":[18],"tags":[3033,3178],"class_list":{"0":"post-84583","1":"post","2":"type-post","3":"status-publish","4":"format-standard","5":"has-post-thumbnail","7":"category-es-accion-sindical","8":"tag-accion-sindical-es","9":"tag-destacado-1"},"_links":{"self":[{"href":"https:\/\/www.lab.eus\/es\/wp-json\/wp\/v2\/posts\/84583","targetHints":{"allow":["GET"]}}],"collection":[{"href":"https:\/\/www.lab.eus\/es\/wp-json\/wp\/v2\/posts"}],"about":[{"href":"https:\/\/www.lab.eus\/es\/wp-json\/wp\/v2\/types\/post"}],"author":[{"embeddable":true,"href":"https:\/\/www.lab.eus\/es\/wp-json\/wp\/v2\/users\/1191"}],"replies":[{"embeddable":true,"href":"https:\/\/www.lab.eus\/es\/wp-json\/wp\/v2\/comments?post=84583"}],"version-history":[{"count":1,"href":"https:\/\/www.lab.eus\/es\/wp-json\/wp\/v2\/posts\/84583\/revisions"}],"predecessor-version":[{"id":84584,"href":"https:\/\/www.lab.eus\/es\/wp-json\/wp\/v2\/posts\/84583\/revisions\/84584"}],"wp:featuredmedia":[{"embeddable":true,"href":"https:\/\/www.lab.eus\/es\/wp-json\/wp\/v2\/media\/84581"}],"wp:attachment":[{"href":"https:\/\/www.lab.eus\/es\/wp-json\/wp\/v2\/media?parent=84583"}],"wp:term":[{"taxonomy":"category","embeddable":true,"href":"https:\/\/www.lab.eus\/es\/wp-json\/wp\/v2\/categories?post=84583"},{"taxonomy":"post_tag","embeddable":true,"href":"https:\/\/www.lab.eus\/es\/wp-json\/wp\/v2\/tags?post=84583"}],"curies":[{"name":"wp","href":"https:\/\/api.w.org\/{rel}","templated":true}]}}