{"id":84573,"date":"2025-10-23T05:45:06","date_gmt":"2025-10-23T05:45:06","guid":{"rendered":"https:\/\/www.lab.eus\/?p=84573"},"modified":"2025-10-23T05:53:10","modified_gmt":"2025-10-23T05:53:10","slug":"argitxu-dufau-lab-est-le-meilleur-outil-de-liberation-nationale","status":"publish","type":"post","link":"https:\/\/www.lab.eus\/es\/argitxu-dufau-lab-est-le-meilleur-outil-de-liberation-nationale\/","title":{"rendered":"Argitxu Dufau : \u00ab LAB est le meilleur outil de lib\u00e9ration nationale \u00bb"},"content":{"rendered":"\n<div class=\"wp-block-columns is-layout-flex wp-container-core-columns-is-layout-9d6595d7 wp-block-columns-is-layout-flex\">\n<div class=\"wp-block-column is-layout-flow wp-block-column-is-layout-flow\">\n<div class=\"wp-block-buttons is-layout-flex wp-block-buttons-is-layout-flex\">\n<div class=\"wp-block-button has-custom-width wp-block-button__width-100\"><a class=\"wp-block-button__link wp-element-button\" href=\"#gaztelera\">ABAJO EN CASTELLANO<\/a><\/div>\n<\/div>\n<\/div>\n<\/div>\n\n\n\n<h4 class=\"wp-block-heading\"><strong>\u00c0 l\u2019occasion des 25 ans de LAB en Ipar Euskal Herria, nous nous sommes entretenus avec Argitxu Dufau, porte-parole de LAB en Iparralde. Nous avons \u00e9voqu\u00e9 le chemin parcouru, mais aussi les d\u00e9fis \u00e0 venir.<\/strong><\/h4>\n\n\n\n<hr class=\"wp-block-separator has-alpha-channel-opacity\"\/>\n\n\n\n<h4 class=\"wp-block-heading\"><strong>On ne f\u00eate pas 25 ans tous les ans. Ce sera une ann\u00e9e sp\u00e9ciale. <\/strong><strong>Comment la vivez-vous ?<\/strong><\/h4>\n\n\n\n<p>25 ans d\u00e9j\u00e0. Parfois difficiles, parfois marqu\u00e9s par des victoires, de la joie, des d\u00e9sillusions, de la frustration\u2026 Et nous pensons que tout cela m\u00e9rite d\u2019\u00eatre c\u00e9l\u00e9br\u00e9. Nous avons tant de choses \u00e0 f\u00eater ensemble apr\u00e8s ces 25 ann\u00e9es. C\u2019est donc avec joie que nous vivons ce moment, et nous sommes pr\u00eat\u00b7es \u00e0 organiser un \u00e9v\u00e9nement dans cet esprit.<\/p>\n\n\n\n<h4 class=\"wp-block-heading\"><strong>C\u2019est le moment de regarder en arri\u00e8re et de mettre en valeur le chemin parcouru. Quels \u00e9l\u00e9ments soulignes-tu ?<\/strong><\/h4>\n\n\n\n<p>Je dirais qu\u2019il y a eu trois phases durant ces 25 ann\u00e9es. La premi\u00e8re phase, \u00e0 mes yeux, tourne autour de la cr\u00e9ation de LAB. La premi\u00e8re apparition publique de LAB, dans les rues de Baiona, a \u00e9t\u00e9 tr\u00e8s conflictuelle avec les autres syndicats, mais tout ne commence pas l\u00e0. Je place aussi dans cette m\u00eame phase les ann\u00e9es 80 et 90, p\u00e9riode o\u00f9 il y a eu des r\u00e9flexions profondes : quel outil fallait-il pour les travailleur\u00b7euses d\u2019Ipar Euskal Herria, pour les travailleur\u00b7euses abertzale ? Quels \u00e9taient leurs besoins ? Pourquoi LAB ? Pourquoi un syndicat abertzale ? Pourquoi le mouvement de gauche ind\u00e9pendantiste avait-il besoin d\u2019un syndicat abertzale aussi en Ipar Euskal Herria ? Ensuite, il y a eu une deuxi\u00e8me phase, celle o\u00f9 LAB a continu\u00e9 \u00e0 se d\u00e9velopper, \u00e0 s\u2019\u00e9tendre et \u00e0 se construire, tant sur le plan technique qu\u2019administratif. Apr\u00e8s cela, il a fallu mettre en place notre action syndicale, aussi bien dans les entreprises que dans la rue. Il a fallu r\u00e9fl\u00e9chir \u00e0 comment assurer notre pr\u00e9sence, comment inventer cette autre fa\u00e7on de faire. Je vois aussi une derni\u00e8re phase, celle d\u2019aujourd\u2019hui. Nous constatons que le syndicat a trouv\u00e9 sa place dans le paysage syndical d\u2019Ipar Euskal Herria, m\u00eame si, rien n\u2019est acquis et que nous devons toujours lutter. Nous sommes arriv\u00e9\u00b7es \u00e0 un moment o\u00f9 nous avons gagn\u00e9 en l\u00e9gitimit\u00e9. Nous avons fait notre place, mais nous devons continuer \u00e0 nous d\u00e9velopper.<\/p>\n\n\n\n<figure class=\"wp-block-image size-large\"><img loading=\"lazy\" decoding=\"async\" width=\"1024\" height=\"683\" src=\"https:\/\/www.lab.eus\/wp-content\/uploads\/2025\/09\/001-1024x683.jpg\" alt=\"\" class=\"wp-image-83157\" srcset=\"https:\/\/www.lab.eus\/wp-content\/uploads\/2025\/09\/001-1024x683.jpg 1024w, https:\/\/www.lab.eus\/wp-content\/uploads\/2025\/09\/001-300x200.jpg 300w, https:\/\/www.lab.eus\/wp-content\/uploads\/2025\/09\/001-768x512.jpg 768w, https:\/\/www.lab.eus\/wp-content\/uploads\/2025\/09\/001-1536x1024.jpg 1536w, https:\/\/www.lab.eus\/wp-content\/uploads\/2025\/09\/001-2048x1366.jpg 2048w, https:\/\/www.lab.eus\/wp-content\/uploads\/2025\/09\/001-630x420.jpg 630w, https:\/\/www.lab.eus\/wp-content\/uploads\/2025\/09\/001-150x100.jpg 150w, https:\/\/www.lab.eus\/wp-content\/uploads\/2025\/09\/001-696x464.jpg 696w, https:\/\/www.lab.eus\/wp-content\/uploads\/2025\/09\/001-1068x712.jpg 1068w, https:\/\/www.lab.eus\/wp-content\/uploads\/2025\/09\/001-1920x1280.jpg 1920w\" sizes=\"auto, (max-width: 1024px) 100vw, 1024px\" \/><\/figure>\n\n\n\n<h4 class=\"wp-block-heading\"><strong>Nous sommes le seul syndicat national. En pratique, nous travaillons et agissons dans des r\u00e9alit\u00e9s administratives diff\u00e9rentes. Comment cela se concr\u00e9tise-t-il ?<\/strong><\/h4>\n\n\n\n<p>\u00c0 mon avis, c\u2019est une force pour nous. Politiquement, pour commencer, mais pas seulement. Nous sommes pr\u00e9sent\u00b7es dans les sept provinces de notre pays. En tant qu\u2019abertzale, il est crucial de construire des ponts entre les diff\u00e9rentes r\u00e9alit\u00e9s. Pour la lib\u00e9ration nationale, LAB est notre meilleur outil. Parfois, il peut y avoir des difficult\u00e9s ou des obstacles. Pourquoi ? Dans notre petit pays, vivre au quotidien avec trois langues n\u2019est pas toujours facile. Parce qu\u2019avoir deux l\u00e9gislations diff\u00e9rentes n\u2019est pas toujours facile. Les cultures militantes ne sont pas toujours identiques. Les rythmes, qu\u2019on le veuille ou non, sont parfois li\u00e9s \u00e0 l\u2019actualit\u00e9 de Paris ou de Madrid, et ne sont pas toujours les m\u00eames. J\u2019ai utilis\u00e9 le mot \u00ab obstacle \u00bb, mais \u00e0 mon sens, il faut transformer l\u2019obstacle en force. Il faut montrer \u00e0 Paris et \u00e0 Madrid qu\u2019il existe des alternatives, et qu\u2019elles peuvent \u00eatre construites depuis ici, Euskal Herria. Des alternatives pour construire un front face aux deux \u00c9tats.<\/p>\n\n\n\n<h4 class=\"wp-block-heading\"><strong>Nous avons encore de nombreuses ann\u00e9es devant nous. Les d\u00e9fis ne manqueront pas. Notre pr\u00e9sence dans les lieux de travail s\u2019accro\u00eet, renfor\u00e7ant notre capacit\u00e9 \u00e0 r\u00e9pondre aux situations concr\u00e8tes. Quels sont les prochains d\u00e9fis ?<\/strong><\/h4>\n\n\n\n<p>S\u2019organiser avec LAB dans les lieux de travail. C\u2019est l\u00e0, \u00e0 mon avis, notre grand d\u00e9fi, et je pense que ceci est directement li\u00e9 aux \u00e9lections syndicales. C\u2019est notre d\u00e9fi quotidien. Ensuite, nous devons travailler sur la mani\u00e8re dont nous portons notre projet, comment nous concr\u00e9tisons notre proposition socio-politique par l\u2019action syndicale. Si nous sommes \u00e0 LAB et non dans un autre syndicat, c\u2019est parce que nous voulons faire les choses autrement. L\u00e0 aussi, nous avons de nouvelles \u00e9tapes \u00e0 franchir. \u00c0 mon sens, l\u2019action syndicale est \u00e9galement une cl\u00e9 pour exprimer cette autre fa\u00e7on de faire et pour organiser les travailleur\u00b7euses, dans les entreprises et dans la rue. Nous devons nous appuyer sur ces deux pieds<\/p>\n\n\n\n<h4 class=\"wp-block-heading\"><strong>Sur ce chemin, les obstacles n\u2019ont pas manqu\u00e9, ni les attaques des autres syndicats.<\/strong><strong> Pourtant, LAB construit des espaces de collaboration. <\/strong><strong>O\u00f9 en sommes-nous aujourd\u2019hui ?<\/strong><\/h4>\n\n\n\n<p>Nous avons souvent \u00e9voqu\u00e9 les obstacles. O\u00f9 en sommes-nous ? Je soulignerais le travail que nous faisons pour organiser le 1er Mai. Pendant de nombreuses ann\u00e9es, il \u00e9tait organis\u00e9 par l\u2019intersyndicale, en excluant LAB et en laissant tr\u00e8s peu de place aux autres acteurs sociaux, qui pourtant ont leur place dans cette journ\u00e9e de lutte. \u00c0 mon avis, nous avons \u00e9t\u00e9 proactifs pour repenser, ouvrir cette journ\u00e9e et permettre \u00e0 plus de monde de trouver sa place dans cette journ\u00e9e de lutte. Cette place leur revenait, mais ce n\u2019\u00e9tait pas toujours exprim\u00e9 ainsi. Et pourquoi est-ce que je souligne particuli\u00e8rement cette journ\u00e9e ? Parce qu\u2019elle illustre aussi le travail que nous faisons dans d\u2019autres luttes, d\u2019autres mobilisations.<\/p>\n\n\n\n<h4 class=\"wp-block-heading\"><strong>LAB s\u2019\u00e9tend et doit continuer \u00e0 s\u2019\u00e9tendre.<\/strong><strong> Dans cette perspective, les \u00e9lections syndicales sont un rendez-vous important. <\/strong><strong>Quels sont les prochains rendez-vous ?<\/strong><\/h4>\n\n\n\n<p>Je citerais d\u2019abord les \u00e9lections syndicales dans le secteur priv\u00e9, par exemple : dans la f\u00e9d\u00e9ration de l\u2019industrie, dans la f\u00e9d\u00e9ration des services priv\u00e9s, et en partie dans le m\u00e9dico-social \u2014 qui n\u2019est toujours pas un service public aujourd\u2019hui, mais privatis\u00e9\u2014. Depuis les ordonnances de Macron les \u00e9lections syndicales et surtout les droits syndicaux dans les entreprises ont \u00e9t\u00e9 r\u00e9form\u00e9s. Cela a m\u00e9caniquement instaur\u00e9 un nouveau cycle \u00e9lectoral. Ainsi, tr\u00e8s prochainement, cette ann\u00e9e et la suivante, un cycle d\u2019\u00e9lections syndicales aura lieu dans le priv\u00e9. L\u2019objectif, bien s\u00fbr, est de poursuivre le travail entam\u00e9 depuis longtemps dans les entreprises et aussi de s\u2019organiser dans de nouvelles entreprises.<\/p>\n\n\n\n<h4 class=\"wp-block-heading\"><strong>Et pour ce qui concerne la fonction publique ?<\/strong><\/h4>\n\n\n\n<p>Dans la fonction publique, il y a trois axes. D\u2019une part, la fonction publique territoriale : mairies, la communaut\u00e9 d\u2019agglom\u00e9ration, les conservatoires et autres lieux similaires ; il y a aussi la fonction publique hospitali\u00e8re, avec les diff\u00e9rents h\u00f4pitaux comme ceux de Baiona, Donibane Garazi, Maule ou Donapaule. Enfin, ce qu\u2019on appelle la fonction publique d\u2019\u00c9tat. Mais pour r\u00e9sumer, en ce qui concerne la fonction publique d\u2019\u00c9tat, la seule \u00e9lection \u00e0 laquelle nous nous pr\u00e9sentons actuellement est celle de l\u2019enseignement. Celles-ci auront lieu en d\u00e9cembre 2026. Bien s\u00fbr, ce type d\u2019\u00e9lections ne se pr\u00e9pare pas au dernier moment. Nous commen\u00e7ons d\u00e8s maintenant \u00e0 rencontrer les membres, \u00e0 pr\u00e9ciser ce que nous proposons aux travailleur\u00b7euses, tant sur le plan organisationnel que sur les propositions syndicales que nous faisons pour les agent\u00b7es de la fonction publique.<\/p>\n\n\n\n<h4 class=\"wp-block-heading\"><strong>Mais en parall\u00e8le, nous m\u00e8nerons aussi des luttes plus g\u00e9n\u00e9rales, comme la dynamique \u00ab Hemen Erabaki \u00bb.<\/strong><\/h4>\n\n\n\n<p>Nous avons renouvel\u00e9 la proposition \u00ab Hemen erabaki \u00bb et nous voulons approfondir dans cette voie. En 2012, nous avions publi\u00e9 pour la premi\u00e8re fois une proposition intitul\u00e9e \u00ab Bertan Erabaki \u00bb. Plus de dix ans sont pass\u00e9, et nous avons donc d\u00e9cid\u00e9 d\u2019adapter notre proposition, car la situation politique, institutionnelle et sociale a beaucoup chang\u00e9. La premi\u00e8re proposition se concentrait sur les travailleur\u00b7euses du priv\u00e9, dans le cadre de la n\u00e9gociation collective. Nous y avons ajout\u00e9 une deuxi\u00e8me proposition, destin\u00e9e aux travailleur\u00b7euses de la fonction publique. Et nous avons aussi ajout\u00e9 une troisi\u00e8me revendication ou proposition : la cr\u00e9ation d\u2019un Observatoire socio-\u00e9conomique \u00e0 l\u2019\u00e9chelle d\u2019Ipar Euskal Herria. En 2012, notre proposition ne concernait aucune institution propre, car il n\u2019y en avait pas. Aujourd\u2019hui, nous faisons cette proposition car il existe une institution, la communaut\u00e9 d\u2019agglom\u00e9ration, et il est n\u00e9cessaire d\u2019y avoir un observatoire comme celui-ci. Les prochaines \u00e9tapes consisteront \u00e0 am\u00e9liorer et \u00e0 diffuser notre proposition. Nous avons beaucoup de p\u00e9dagogie \u00e0 faire autour d\u2019 \u00ab Hemen Erabaki \u00bb. Il s\u2019agit d\u2019un projet propos\u00e9 par LAB, mais aussi d\u2019une revendication et un besoin pour l\u2019ensemble du territoire.<\/p>\n\n\n\n<h4 class=\"wp-block-heading\"><strong>LAB est un syndicat sociopolitique, et nous avons la vocation de provoquer des transformations profondes. Quel sera le r\u00f4le de LAB dans le processus \u00ab Batera \u00bb ?<\/strong><\/h4>\n\n\n\n<p>L\u2019objectif de Batera est de progresser dans ce processus institutionnel pour obtenir plus de comp\u00e9tences et changer le statut institutionnel. C\u2019est aussi un espace o\u00f9 se rencontrent diff\u00e9rents acteur\u00b7trices. Et l\u00e0, il est important, selon nous, de mettre en avant les questions sociales d\u00e8s le d\u00e9part. Et, bien s\u00fbr, d\u2019int\u00e9grer le monde du travail \u00e0 la plateforme Batera, afin d\u2019obtenir plus de comp\u00e9tences. Il existe diff\u00e9rentes d\u00e9clinaisons, et celle que nous devons porter est la n\u00e9gociation collective locale. En r\u00e9sum\u00e9, il s\u2019agit d\u2019obtenir pour Ipar Euskal Herria la reconnaissance institutionnelle et sociale dont il a besoin. Pour cela, il est crucial et indispensable d\u2019avoir, sur ce territoire, un espace propre de n\u00e9gociation collective.<\/p>\n\n\n\n<h4 class=\"wp-block-heading\"><strong>Comment s\u2019annonce la rentr\u00e9e scolaire au Pays Basque Nord ?<\/strong><\/h4>\n\n\n\n<p>Nous sommes en plein cycle de mobilisations, surtout depuis que Bayrou a rendu publique une proposition de budget d\u2019aust\u00e9rit\u00e9. Depuis, les mobilisations se multiplient : journ\u00e9es de blocage, journ\u00e9es de gr\u00e8ve, etc. LAB, bien s\u00fbr, a sa place dans ces luttes, car nous sommes directement touch\u00e9s. Mais il est vrai que nous devons aussi profiter de ces moments pour montrer ce qu\u2019est LAB, ce que nous proposons et ce qu\u2019est aussi le Euskal Herria.<\/p>\n\n\n\n<hr class=\"wp-block-separator has-alpha-channel-opacity\"\/>\n\n\n\n<h1 class=\"wp-block-heading\" id=\"gaztelera\">Argitxu Dufau: \u201cLAB es la mejor herramienta para la liberaci\u00f3n nacional\u201d<\/h1>\n\n\n\n<h4 class=\"wp-block-heading\"><strong>Argitxu Dufau, portavoz de Ipar Euskal Herria. Analizamos el camino recorrido y debatimos los retos que deberemos afrontar en los pr\u00f3ximos a\u00f1os.<\/strong><\/h4>\n\n\n\n<hr class=\"wp-block-separator has-alpha-channel-opacity\"\/>\n\n\n\n<p><\/p>\n\n\n\n<h4 class=\"wp-block-heading\"><strong><strong>25 a\u00f1os no se cumplen todos los d\u00edas. Ser\u00e1 un a\u00f1o especial. \u00bfComo lo est\u00e1is viviendo?<\/strong><\/strong><\/h4>\n\n\n\n<p>Han pasado 25 a\u00f1os. A veces dif\u00edciles, a veces con victorias, alegr\u00edas, decepciones, frustraci\u00f3n\u2026 Y pensamos que todo eso hay que celebrarlo. Tenemos que celebrar juntas y juntos todo lo que ha pasado en estos 25 a\u00f1os. As\u00ed que lo vivimos con alegr\u00eda y dispuestas a organizar la celebraci\u00f3n de forma colectiva.<\/p>\n\n\n\n<h4 class=\"wp-block-heading\"><strong>Es un buen momento para mirar atr\u00e1s y valorar el camino recorrido. \u00bfQu\u00e9 subrayar\u00edais?<\/strong><\/h4>\n\n\n\n<p>Yo dir\u00eda que, en estos 25 a\u00f1os, ha habido tres fases. La primera la sit\u00fao en torno a la creaci\u00f3n. La primera aparici\u00f3n de LAB, en las calles de Baiona, fue muy conflictiva en relaci\u00f3n con otros sindicatos, pero no todo empez\u00f3 ah\u00ed. \u00abLa primera aparici\u00f3n p\u00fablica y tambi\u00e9n las d\u00e9cadas de los 80 y 90, yo las sit\u00fao en la misma fase, en la que exist\u00edan distintas reflexiones: \u00bfQu\u00e9 tipo de instrumento hac\u00eda falta en Ipar Euskal Herria para los y las trabajadoras abertzales? \u00bfQu\u00e9 necesidades hab\u00eda? \u00bfQu\u00e9 era lo que hac\u00eda falta? \u00bfPor qu\u00e9 LAB? \u00bfPor qu\u00e9 un sindicato abertzale? \u00bfPor qu\u00e9 la izquierda abertzale necesitaba un sindicato abertzale tambi\u00e9n en Ipar Euskal Herria? Luego hay una segunda fase, la relativa a c\u00f3mo se ha extendido, ampliado y construido el sindicato, tanto t\u00e9cnica como administrativamente. Despu\u00e9s de eso, c\u00f3mo se crea, c\u00f3mo se alimenta la acci\u00f3n sindical, tanto en las empresas como en la calle. C\u00f3mo asegurar nuestra presencia, c\u00f3mo acertar con esa nueva forma de hacer las cosas. Tambi\u00e9n veo una \u00faltima fase, la actual. Observamos que el sindicato se ha hecho un hueco en el panorama sindical en Ipar Euskal Herria, aunque a\u00fan nos queda mucho por lo que luchar. A\u00fan as\u00ed, hemos llegado a un momento en el que hemos ganado en legitimidad. Nos hemos ganado nuestro sitio y tenemos que seguir extendi\u00e9ndonos.<\/p>\n\n\n\n<figure class=\"wp-block-image size-large\"><img loading=\"lazy\" decoding=\"async\" width=\"1024\" height=\"683\" src=\"https:\/\/www.lab.eus\/wp-content\/uploads\/2025\/09\/001-1024x683.jpg\" alt=\"\" class=\"wp-image-83157\" srcset=\"https:\/\/www.lab.eus\/wp-content\/uploads\/2025\/09\/001-1024x683.jpg 1024w, https:\/\/www.lab.eus\/wp-content\/uploads\/2025\/09\/001-300x200.jpg 300w, https:\/\/www.lab.eus\/wp-content\/uploads\/2025\/09\/001-768x512.jpg 768w, https:\/\/www.lab.eus\/wp-content\/uploads\/2025\/09\/001-1536x1024.jpg 1536w, https:\/\/www.lab.eus\/wp-content\/uploads\/2025\/09\/001-2048x1366.jpg 2048w, https:\/\/www.lab.eus\/wp-content\/uploads\/2025\/09\/001-630x420.jpg 630w, https:\/\/www.lab.eus\/wp-content\/uploads\/2025\/09\/001-150x100.jpg 150w, https:\/\/www.lab.eus\/wp-content\/uploads\/2025\/09\/001-696x464.jpg 696w, https:\/\/www.lab.eus\/wp-content\/uploads\/2025\/09\/001-1068x712.jpg 1068w, https:\/\/www.lab.eus\/wp-content\/uploads\/2025\/09\/001-1920x1280.jpg 1920w\" sizes=\"auto, (max-width: 1024px) 100vw, 1024px\" \/><\/figure>\n\n\n\n<h4 class=\"wp-block-heading\"><strong>Somos el \u00fanico sindicato nacional. En la pr\u00e1ctica tenemos que actuar en diferentes realidades administrativas. \u00bfC\u00f3mo se materializa esto?<\/strong><\/h4>\n\n\n\n<p>Creo que para nosotras es un punto positivo, es una fortaleza. Para empezar, desde un punto de vista pol\u00edtico, aunque no \u00fanicamente desde ah\u00ed. Estamos presentes en las siete provincias de nuestro pa\u00eds. Como abertzales, eso es muy importante para tender puentes. LAB es la mejor herramienta para la liberaci\u00f3n nacional. A veces tambi\u00e9n puede haber algunas dificultades u obst\u00e1culos. \u00bfPor qu\u00e9? En nuestro peque\u00f1o pa\u00eds, funcionar a diario con tres lenguas no siempre resulta f\u00e1cil. Tampoco lo es funcionar bajo dos marcos legales distintos. La cultura militante no siempre es la misma. Los ritmos, queramos o no, a veces est\u00e1n ligados a la actualidad de Par\u00eds o Madrid y no siempre son iguales. En mi opini\u00f3n, debemos convertir los obst\u00e1culos en fortaleza, para demostrar a Par\u00eds y Madrid que hacen falta alternativas, que efectivamente existen, y que se pueden construir desde Euskal Herria; alternativas para construir un frente ante los dos Estados.<\/p>\n\n\n\n<h4 class=\"wp-block-heading\"><strong>Nos quedan muchos a\u00f1os por cumplir. No nos faltar\u00e1n retos. Nuestra presencia en los centros de trabajo est\u00e1 aumentando, al igual que nuestra capacidad de responder a situaciones espec\u00edficas. \u00bfCu\u00e1les son los pr\u00f3ximos retos de cara a los diferentes \u00e1mbitos?<\/strong><\/h4>\n\n\n\n<p>Organizaci\u00f3n, tanto en los centros de trabajo como en el seno de LAB. Creo que este es un gran reto y lo relaciono con las elecciones sindicales. Ese es nuestro desaf\u00edo en el d\u00eda a d\u00eda. Luego tenemos que trabajar c\u00f3mo desarrollamos nuestra propuesta socio-pol\u00edtica, c\u00f3mo llevamos a cabo la acci\u00f3n sindical si estamos en LAB y no en otro sindicato, porque queremos hacer las cosas de otra manera y ah\u00ed tambi\u00e9n tenemos nuevos pasos que dar. Creo que la acci\u00f3n sindical tambi\u00e9n es clave para expresar esa otra forma de hacer que es nuestra y para organizar a los y las trabajadoras, en las empresas y en la calle. Esas tienen que ser nuestras dos bases.<\/p>\n\n\n\n<h4 class=\"wp-block-heading\"><strong>En esta trayectoria no han faltado los obst\u00e1culos ni los ataques por parte de otros sindicatos. Sin embargo, LAB est\u00e1 construyendo espacios de colaboraci\u00f3n. \u00bfEn qu\u00e9 momento nos encontramos?<\/strong><\/h4>\n\n\n\n<p>Destacar\u00eda el trabajo que realizamos para organizar el Primero de Mayo. Durante muchos a\u00f1os se organizaba como intersindical, se exclu\u00eda a LAB y apenas se dejaba espacio a otros agentes del movimiento social, que deben tener su lugar en este d\u00eda de lucha de la clase trabajadora. Creo que hemos sido proactivas para reinventar ese d\u00eda, hacerlo m\u00e1s inclusivo y para que m\u00e1s gente sienta que tiene su lugar en dicha jornada de lucha. Deb\u00edan tener su sitio, pero no siempre se planteaba as\u00ed. \u00bfY por qu\u00e9 hago especial hincapi\u00e9 en ese d\u00eda? Porque ilustra tambi\u00e9n el trabajo que hacemos en otras luchas, en otras movilizaciones.<\/p>\n\n\n\n<h4 class=\"wp-block-heading\"><strong>LAB se est\u00e1 extendiendo y tiene que seguir en la misma direcci\u00f3n. En este sentido las elecciones sindicales son una cita importante. \u00bfCu\u00e1les son las pr\u00f3ximas citas?<\/strong><\/h4>\n\n\n\n<p>Mencionar\u00e9 las elecciones sindicales, por ejemplo, en el sector privado. Es decir, en la federaci\u00f3n de Industria, en la de Servicios Privados y en parte del sector sociocomunitario, que en la actualidad no es un servicio p\u00fablico, ya que est\u00e1 privatizada. Desde las medidas planteadas por Macron, desde esta nueva reforma, se han reformado las elecciones sindicales y, especialmente, los derechos sindicales en las empresas. Debido a esto, se ha instalado un ciclo de elecciones sindicales de forma autom\u00e1tica. Por lo tanto, pronto, este a\u00f1o y el siguiente habr\u00e1 un ciclo de elecciones sindicales tambi\u00e9n en el sector privado. El objetivo es seguir con el trabajo que llevamos haciendo en las empresas desde hace mucho tiempo, y entrar tambi\u00e9n en empresas nuevas.<\/p>\n\n\n\n<h4 class=\"wp-block-heading\"><strong>\u00bfY en lo que respecta a la funci\u00f3n p\u00fablica?<\/strong><\/h4>\n\n\n\n<p>En la funci\u00f3n p\u00fablica existen tres \u00e1mbitos. Por un lado, la funci\u00f3n p\u00fablica del territorio. Aqu\u00ed tenemos a los ayuntamientos, la mancomunidad, los conservatorios y centros similares; pero tambi\u00e9n a la funci\u00f3n p\u00fablica de los hospitales. Hay distintos hospitales en Baiona, Garazi, Maule y Donapaleu. Y luego contamos con la denominada funci\u00f3n p\u00fablica del Estado. Pero, en resumen, las \u00fanicas elecciones en las que nos presentamos son las de la ense\u00f1anza. Todas se celebran el mismo d\u00eda, ser\u00e1n en diciembre de 2026. Por supuesto, unas elecciones de estas caracter\u00edsticas no se preparan en el \u00faltimo momento. Empezamos a reunirnos con la gente, para concretar lo que proponemos de cara a las y los trabajadores, a nivel organizativo, y definir las propuestas sindicales dirigidas a las y los trabajadores de la funci\u00f3n p\u00fablica.<\/p>\n\n\n\n<h4 class=\"wp-block-heading\"><strong>Pero con ello tambi\u00e9n desarrollaremos luchas m\u00e1s amplias, como la din\u00e1mica \u201cHemen erabaki\u201d (Aqu\u00ed decidimos).<\/strong><\/h4>\n\n\n\n<p>Hemos renovado la propuesta \u201cHemen erabaki\u201d y vamos a profundizar en ella. En 2012 la dimos a conocer por primera , han pasado m\u00e1s de 10 a\u00f1os y hemos decidido actualizarla, debido a que la situaci\u00f3n pol\u00edtica, institucional y social ha cambiado. El \u00e1mbito de negociaci\u00f3n colectiva se centraba en las y los trabajadores del sector privado, por lo tanto, le hemos sumado una segunda propuesta para los y las trabajadoras del sector p\u00fablico. Y hemos a\u00f1adido una tercera reivindicaci\u00f3n o propuesta, crear un Observario Sociecon\u00f3mico a nivel de Ipar Euskal Herria. Adem\u00e1s, en 2012 no exist\u00eda la Mancomunidad, carec\u00edamos de instituci\u00f3n propia, y ahora existe una instituci\u00f3n en Ipar Euskal Herria; es necesario disponer de un observatorio de esas caracter\u00edsticas. Pretendemos continuar alimentando y extendiendo nuestra propuesta. Tenemos mucha pedagog\u00eda por hacer en torno a \u201cHemen erabaki\u201d. El objetivo es que este proyecto propuesto por LAB se convierta en una reivindicaci\u00f3n o necesidad de todo el territorio.<\/p>\n\n\n\n<h4 class=\"wp-block-heading\"><strong>El nuestro es un sindicato sociopol\u00edtico, con una clara vocaci\u00f3n de generar transformaciones de calado. \u00bfCu\u00e1l ser\u00e1 la labor de LAB en el proceso Batera que se va a abrir?<\/strong><\/h4>\n\n\n\n<p>El objetivo de Batera es avanzar en el proceso institucional para conseguir m\u00e1s competencias y cambiar el estatus institucional. Esa es la din\u00e1mica. Adem\u00e1s, se trata de un espacio en el que nos reunimos diferentes agentes. En nuestra opini\u00f3n, es importante que se contemplen los temas sociales desde el principio. Y por supuesto, que el \u00e1mbito laboral est\u00e9 presente en la plataforma y por consiguiente, conseguir m\u00e1s competencias. Puede haber diferentes declinaciones y la que nosotras tenemos que llevar es que se negocie aqu\u00ed, que Ipar Euskal Herria tenga el reconocimiento institucional que necesita, el reconocimiento social. Para ello es importante e indispensable que este territorio disponga de un \u00e1mbito propio de negociaci\u00f3n colectiva.<\/p>\n\n\n\n<h4 class=\"wp-block-heading\"><strong>\u00bfC\u00f3mo se presenta el curso en Ipar Euskal Herria?<\/strong><\/h4>\n\n\n\n<p>Nos encontramos en un ciclo de movilizaciones desde que Bayrou present\u00f3 de forma p\u00fablica una propuesta de presupuestos basada en la austeridad. Desde entonces las movilizaciones se est\u00e1n multiplicando, sean jornadas de bloqueo o huelga, etc. LAB tiene su espacio en estas luchas que nos afectan directamente. Pero es verdad que tambi\u00e9n desde aqu\u00ed tenemos que conseguir mostrar qu\u00e9 es LAB, cu\u00e1l es la propuesta que realizamos y tambi\u00e9n qu\u00e9 es Euskal Herria.<\/p>\n","protected":false},"excerpt":{"rendered":"<p>\u00c0 l\u2019occasion des 25 ans de LAB en Ipar Euskal Herria, nous nous sommes entretenus avec Argitxu Dufau, porte-parole de LAB en Iparralde. Nous avons \u00e9voqu\u00e9 le chemin parcouru, mais aussi les d\u00e9fis \u00e0 venir.<\/p>\n","protected":false},"author":1192,"featured_media":84575,"comment_status":"closed","ping_status":"closed","sticky":false,"template":"","format":"video","meta":{"_monsterinsights_skip_tracking":false,"_monsterinsights_sitenote_active":false,"_monsterinsights_sitenote_note":"","_monsterinsights_sitenote_category":0,"footnotes":"","_links_to":"","_links_to_target":""},"categories":[18],"tags":[3028,3033,1299,3222,3279],"class_list":{"0":"post-84573","1":"post","2":"type-post","3":"status-publish","4":"format-video","5":"has-post-thumbnail","7":"category-es-accion-sindical","8":"tag-accion-sindical-2","9":"tag-accion-sindical-es","10":"tag-ekintza-sindikala","11":"tag-ipar-euskal-herria-es","12":"tag-portada-es","13":"post_format-post-format-video"},"_links":{"self":[{"href":"https:\/\/www.lab.eus\/es\/wp-json\/wp\/v2\/posts\/84573","targetHints":{"allow":["GET"]}}],"collection":[{"href":"https:\/\/www.lab.eus\/es\/wp-json\/wp\/v2\/posts"}],"about":[{"href":"https:\/\/www.lab.eus\/es\/wp-json\/wp\/v2\/types\/post"}],"author":[{"embeddable":true,"href":"https:\/\/www.lab.eus\/es\/wp-json\/wp\/v2\/users\/1192"}],"replies":[{"embeddable":true,"href":"https:\/\/www.lab.eus\/es\/wp-json\/wp\/v2\/comments?post=84573"}],"version-history":[{"count":4,"href":"https:\/\/www.lab.eus\/es\/wp-json\/wp\/v2\/posts\/84573\/revisions"}],"predecessor-version":[{"id":84596,"href":"https:\/\/www.lab.eus\/es\/wp-json\/wp\/v2\/posts\/84573\/revisions\/84596"}],"wp:featuredmedia":[{"embeddable":true,"href":"https:\/\/www.lab.eus\/es\/wp-json\/wp\/v2\/media\/84575"}],"wp:attachment":[{"href":"https:\/\/www.lab.eus\/es\/wp-json\/wp\/v2\/media?parent=84573"}],"wp:term":[{"taxonomy":"category","embeddable":true,"href":"https:\/\/www.lab.eus\/es\/wp-json\/wp\/v2\/categories?post=84573"},{"taxonomy":"post_tag","embeddable":true,"href":"https:\/\/www.lab.eus\/es\/wp-json\/wp\/v2\/tags?post=84573"}],"curies":[{"name":"wp","href":"https:\/\/api.w.org\/{rel}","templated":true}]}}