{"id":84565,"date":"2025-10-22T11:31:41","date_gmt":"2025-10-22T11:31:41","guid":{"rendered":"https:\/\/www.lab.eus\/?p=84565"},"modified":"2025-10-22T11:43:14","modified_gmt":"2025-10-22T11:43:14","slug":"confebask-da-un-nuevo-paso-en-la-negacion-de-la-negociacion-del-salario-minimo-propio","status":"publish","type":"post","link":"https:\/\/www.lab.eus\/es\/confebask-da-un-nuevo-paso-en-la-negacion-de-la-negociacion-del-salario-minimo-propio\/","title":{"rendered":"Confebask da un nuevo paso en la negaci\u00f3n de la negociaci\u00f3n del salario m\u00ednimo propio"},"content":{"rendered":"\n<p><strong>En la conciliaci\u00f3n promovida por los sindicatos ELA y LAB, la patronal de la CAV se niega por tercera vez a negociar el salario m\u00ednimo propio\u00a0<\/strong><\/p>\n\n\n\n<p>En los \u00faltimos meses, los sindicatos ELA, LAB, ESK, STEILAS, HIRU y ETXALDE estamos trabajando con intensidad por un salario m\u00ednimo propio. Para ello hemos abordado dos v\u00edas: por un lado, el acuerdo interprofesional que, en el marco de las competencias con las que contamos, posibilitar\u00eda un salario m\u00ednimo propio para todas y todos los trabajadores; y por otro, la modificaci\u00f3n del estatuto de los trabajadores mediante el impulso de la iniciativa legislativa popular y la asunci\u00f3n por parte de las comunidades aut\u00f3nomas de la competencia para establecer un salario m\u00ednimo propio.<\/p>\n\n\n\n<p>Pese a que la Iniciativa Legislativa Popular (ILP) contara con el apoyo de 138.495 firmas, el Gobierno Vasco ha presentado un informe desfavorable que, supuestamente era jur\u00eddico, pero lo ha revestido de argumentos netamente pol\u00edticos para poder posicionarse en contra. El PNV ha mostrado de forma clara su oposici\u00f3n a la iniciativa legislativa popular, ha dado la espalda al paso que se pod\u00eda dar en beneficio de las y los trabajadores y en el camino de la soberan\u00eda.<\/p>\n\n\n\n<p>El Gobierno Vasco y la patronal, ambas, optan por bloquear la v\u00eda del salario m\u00ednimo propio. Confebask ha vuelto a rechazar hoy la mejora de las condiciones laborales y de vida de miles de trabajadores y trabajadoras y el paso que necesita este pa\u00eds.<\/p>\n\n\n\n<p>Urge moverse ante esta situaci\u00f3n de bloqueo. La mayor\u00eda social y pol\u00edtica se ha mostrado p\u00fablicamente a favor de un salario m\u00ednimo propio, y esto no puede quedarse en meras palabras. Tenemos que frenar la pobreza, y necesitamos medios para reducir la cada vez m\u00e1s manifiesta precariedad y las brechas salariales. Hacemos un llamamiento a todos los partidos pol\u00edticos a que voten en el Parlamento a favor de la iniciativa legislativa popular, ya que no es posible defender de palabra la necesidad de un salario m\u00ednimo propio y posicionarse a trav\u00e9s de las acciones en contra de la iniciativa legislativa popular.<\/p>\n\n\n\n<p>Por otro lado, tenemos que obligar a Confebask a moverse. Ya es hora de que el Gobierno interpele de verdad a Confebask y le obligue a negociar el salario m\u00ednimo.<\/p>\n\n\n\n<p>En los pr\u00f3ximos meses vamos a reforzar el camino de la movilizaci\u00f3n. Obligar a mover posiciones es imprescindible y para ello utilizaremos todas las herramientas a nuestro alcance. Vamos a seguir trabajando porque creemos que es una medida que va a mejorar las condiciones laborales y de vida de las y los trabajadores vascos, porque es la manera de dar el paso en el camino de la soberan\u00eda. Tenemos que seguir interpelando y presionando a Confebask y es hora de que el Gobierno asuma su responsabilidad en ello.&nbsp;<\/p>\n","protected":false},"excerpt":{"rendered":"<p>En la conciliaci\u00f3n promovida por los sindicatos ELA y LAB, la patronal de la CAV se niega por tercera vez a negociar el salario m\u00ednimo propio\u00a0 En los \u00faltimos meses, los sindicatos ELA, LAB, ESK, STEILAS, HIRU y ETXALDE estamos trabajando con intensidad por un salario m\u00ednimo propio. Para ello hemos abordado dos v\u00edas: por [&hellip;]<\/p>\n","protected":false},"author":1191,"featured_media":84563,"comment_status":"closed","ping_status":"closed","sticky":false,"template":"","format":"standard","meta":{"_monsterinsights_skip_tracking":false,"_monsterinsights_sitenote_active":false,"_monsterinsights_sitenote_note":"","_monsterinsights_sitenote_category":0,"footnotes":"","_links_to":"","_links_to_target":""},"categories":[18],"tags":[3033,3279],"class_list":{"0":"post-84565","1":"post","2":"type-post","3":"status-publish","4":"format-standard","5":"has-post-thumbnail","7":"category-es-accion-sindical","8":"tag-accion-sindical-es","9":"tag-portada-es"},"_links":{"self":[{"href":"https:\/\/www.lab.eus\/es\/wp-json\/wp\/v2\/posts\/84565","targetHints":{"allow":["GET"]}}],"collection":[{"href":"https:\/\/www.lab.eus\/es\/wp-json\/wp\/v2\/posts"}],"about":[{"href":"https:\/\/www.lab.eus\/es\/wp-json\/wp\/v2\/types\/post"}],"author":[{"embeddable":true,"href":"https:\/\/www.lab.eus\/es\/wp-json\/wp\/v2\/users\/1191"}],"replies":[{"embeddable":true,"href":"https:\/\/www.lab.eus\/es\/wp-json\/wp\/v2\/comments?post=84565"}],"version-history":[{"count":1,"href":"https:\/\/www.lab.eus\/es\/wp-json\/wp\/v2\/posts\/84565\/revisions"}],"predecessor-version":[{"id":84566,"href":"https:\/\/www.lab.eus\/es\/wp-json\/wp\/v2\/posts\/84565\/revisions\/84566"}],"wp:featuredmedia":[{"embeddable":true,"href":"https:\/\/www.lab.eus\/es\/wp-json\/wp\/v2\/media\/84563"}],"wp:attachment":[{"href":"https:\/\/www.lab.eus\/es\/wp-json\/wp\/v2\/media?parent=84565"}],"wp:term":[{"taxonomy":"category","embeddable":true,"href":"https:\/\/www.lab.eus\/es\/wp-json\/wp\/v2\/categories?post=84565"},{"taxonomy":"post_tag","embeddable":true,"href":"https:\/\/www.lab.eus\/es\/wp-json\/wp\/v2\/tags?post=84565"}],"curies":[{"name":"wp","href":"https:\/\/api.w.org\/{rel}","templated":true}]}}