{"id":84554,"date":"2025-10-21T14:37:43","date_gmt":"2025-10-21T14:37:43","guid":{"rendered":"https:\/\/www.lab.eus\/?p=84554"},"modified":"2025-10-21T14:37:46","modified_gmt":"2025-10-21T14:37:46","slug":"el-gobierno-vasco-mantiene-a-su-personal-publico-subordinado-a-madrid","status":"publish","type":"post","link":"https:\/\/www.lab.eus\/es\/el-gobierno-vasco-mantiene-a-su-personal-publico-subordinado-a-madrid\/","title":{"rendered":"El Gobierno Vasco mantiene a su personal p\u00fablico subordinado a Madrid"},"content":{"rendered":"\n<p><strong>Hoy se ha celebrado en Lakua la reuni\u00f3n de la Mesa General de la Funci\u00f3n P\u00fablica de la CAV. Seg\u00fan LAB, la actitud mostrada por el Gobierno Vasco mantiene tres rasgos habituales: rechazo e imposici\u00f3n en la negociaci\u00f3n colectiva; rechazo de las posibilidades de autogobierno y dependencia de Madrid; y continuidad con los gobiernos anteriores presididos por Pradales.<\/strong><\/p>\n\n\n\n<p>LAB present\u00f3 por escrito mejoras a las propuestas que el Gobierno nos present\u00f3, y hoy las hemos analizado por \u00e1mbitos: medidas para el personal de cuidados mercantilizados; para todo el personal p\u00fablico bajo la Mesa General; Educaci\u00f3n; Osakidetza; Gobierno Vasco; Lanbide; Justicia; EITB; empresas p\u00fablicas; y personal de servicios p\u00fablicos privatizados.<\/p>\n\n\n\n<p>Hemos subrayado las prioridades de cada \u00e1mbito, solicitando partidas presupuestarias y financiaci\u00f3n para ellas: financiaci\u00f3n necesaria para los convenios; inversi\u00f3n para reducir ratios; recursos y planes para la euskaldunizaci\u00f3n; subidas salariales frente a la p\u00e9rdida de poder adquisitivo del 20% en los \u00faltimos a\u00f1os; financiaci\u00f3n para reducir la jornada a 30 horas; planes de rejuvenecimiento; inversi\u00f3n para reducir la temporalidad y estabilizar los puestos de trabajo, as\u00ed como estructurar y crear nuevos puestos; medidas para la salud laboral; y procesos de recuperaci\u00f3n de servicios privatizados y financiaci\u00f3n para equiparar y homologar los salarios del personal en el camino hacia la publicizaci\u00f3n.<\/p>\n\n\n\n<p>El Gobierno Vasco ha presentado una visi\u00f3n id\u00edlica de la situaci\u00f3n de los servicios y del empleo p\u00fablico, mostrando una actitud de no negociaci\u00f3n. LAB ha visto rechazadas todas sus propuestas.<\/p>\n\n\n\n<p>Este a\u00f1o, nuevamente, ha ignorado el autogobierno y ha dejado claro que espera los criterios de Madrid, sin presentar ninguna propuesta. Desde LAB hemos se\u00f1alado que los l\u00edmites impuestos desde el Estado espa\u00f1ol pueden superarse mediante acuerdos complementarios, como hemos logrado en todos los convenios firmados en la educaci\u00f3n p\u00fablica. Sin embargo, ha renunciado a la posibilidad de extender la funci\u00f3n p\u00fablica a todo el personal p\u00fablico. Queda claro que se trata de una cuesti\u00f3n de voluntad, y que la voluntad solo puede cambiarse mediante la lucha.<\/p>\n\n\n\n<p>LAB tambi\u00e9n se ha movilizado esta vez para influir en los presupuestos a favor de un empleo p\u00fablico de calidad y mejores condiciones laborales. Para lograr avances en esa direcci\u00f3n, como se ha demostrado muchas veces y ha quedado claro hoy, la lucha es el \u00fanico camino.&nbsp;<\/p>\n","protected":false},"excerpt":{"rendered":"<p>Hoy se ha celebrado en Lakua la reuni\u00f3n de la Mesa General de la Funci\u00f3n P\u00fablica de la CAV. Seg\u00fan LAB, la actitud mostrada por el Gobierno Vasco mantiene tres rasgos habituales: rechazo e imposici\u00f3n en la negociaci\u00f3n colectiva; rechazo de las posibilidades de autogobierno y dependencia de Madrid; y continuidad con los gobiernos anteriores [&hellip;]<\/p>\n","protected":false},"author":1191,"featured_media":84552,"comment_status":"closed","ping_status":"closed","sticky":false,"template":"","format":"standard","meta":{"_monsterinsights_skip_tracking":false,"_monsterinsights_sitenote_active":false,"_monsterinsights_sitenote_note":"","_monsterinsights_sitenote_category":0,"footnotes":"","_links_to":"","_links_to_target":""},"categories":[18,3118,6],"tags":[3033,3178,3171],"class_list":{"0":"post-84554","1":"post","2":"type-post","3":"status-publish","4":"format-standard","5":"has-post-thumbnail","7":"category-es-accion-sindical","8":"category-politica-de-empleo","9":"category-es-servicios-publicos","10":"tag-accion-sindical-es","11":"tag-destacado-1","12":"tag-servicios-publicos-es"},"_links":{"self":[{"href":"https:\/\/www.lab.eus\/es\/wp-json\/wp\/v2\/posts\/84554","targetHints":{"allow":["GET"]}}],"collection":[{"href":"https:\/\/www.lab.eus\/es\/wp-json\/wp\/v2\/posts"}],"about":[{"href":"https:\/\/www.lab.eus\/es\/wp-json\/wp\/v2\/types\/post"}],"author":[{"embeddable":true,"href":"https:\/\/www.lab.eus\/es\/wp-json\/wp\/v2\/users\/1191"}],"replies":[{"embeddable":true,"href":"https:\/\/www.lab.eus\/es\/wp-json\/wp\/v2\/comments?post=84554"}],"version-history":[{"count":1,"href":"https:\/\/www.lab.eus\/es\/wp-json\/wp\/v2\/posts\/84554\/revisions"}],"predecessor-version":[{"id":84555,"href":"https:\/\/www.lab.eus\/es\/wp-json\/wp\/v2\/posts\/84554\/revisions\/84555"}],"wp:featuredmedia":[{"embeddable":true,"href":"https:\/\/www.lab.eus\/es\/wp-json\/wp\/v2\/media\/84552"}],"wp:attachment":[{"href":"https:\/\/www.lab.eus\/es\/wp-json\/wp\/v2\/media?parent=84554"}],"wp:term":[{"taxonomy":"category","embeddable":true,"href":"https:\/\/www.lab.eus\/es\/wp-json\/wp\/v2\/categories?post=84554"},{"taxonomy":"post_tag","embeddable":true,"href":"https:\/\/www.lab.eus\/es\/wp-json\/wp\/v2\/tags?post=84554"}],"curies":[{"name":"wp","href":"https:\/\/api.w.org\/{rel}","templated":true}]}}