{"id":84544,"date":"2025-10-21T11:35:58","date_gmt":"2025-10-21T11:35:58","guid":{"rendered":"https:\/\/www.lab.eus\/?p=84544"},"modified":"2025-10-21T11:36:01","modified_gmt":"2025-10-21T11:36:01","slug":"el-gobierno-vasco-da-la-espalda-a-la-reivindicacion-del-salario-minimo-propio-apoyada-por-138-495-trabajadoras-y-trabajadores","status":"publish","type":"post","link":"https:\/\/www.lab.eus\/es\/el-gobierno-vasco-da-la-espalda-a-la-reivindicacion-del-salario-minimo-propio-apoyada-por-138-495-trabajadoras-y-trabajadores\/","title":{"rendered":"El Gobierno Vasco da la espalda a la reivindicaci\u00f3n del salario m\u00ednimo propio apoyada por 138.495 trabajadoras y trabajadores"},"content":{"rendered":"\n<p><strong>Ma\u00f1ana, 22 de octubre, haremos un intento de conciliaci\u00f3n con Confebask en el Consejo de Relaciones Laborales (CRL), en Bilbo. Confebask y el Gobierno Vasco rechazan la participaci\u00f3n del Gobierno Vasco.<\/strong><\/p>\n\n\n\n<p>El Gobierno Vasco quiere cerrar todas las v\u00edas a establecer aqu\u00ed un salario m\u00ednimo propio. Ha rechazado la reivindicaci\u00f3n de dignificar las condiciones de vida de las y los trabajadores vascos: por un lado, la negativa a mediar en el intento de conciliaci\u00f3n que tendremos ma\u00f1ana con la patronal. Por otro lado, se niega a tramitar la Iniciativa Legislativa Popular apoyada por 138.495 firmas. El Gobierno Vasco ha rechazado en apenas un mes lo solicitado por casi 300.000 trabajadoras y trabajadores a trav\u00e9s de sus firmas, rechazando, primero, la iniciativa legislativa popular de las y los pensionistas, y, despu\u00e9s, la del salario m\u00ednimo propio.&nbsp;<\/p>\n\n\n\n<p>La ILP no tiene excusas desde el punto de vista t\u00e9cnico y, por tanto, el informe del Gobierno deber\u00eda permitir llevar el debate al Parlamento. Sin embargo, el Gobierno de Pradales, en clara posici\u00f3n antidemocr\u00e1tica, esgrime argumentos pol\u00edticos para cerrar las puertas al debate.<\/p>\n\n\n\n<p>Es una hipocres\u00eda absoluta la del Partido Nacionalista Vasco: minusvalora la modificaci\u00f3n de una ley estatal para poder acceder al salario m\u00ednimo propio argumentando que se deber\u00eda recoger en el Estatuto de Autonom\u00eda, cuando durante 40 a\u00f1os no ha manifestado ninguna voluntad de asumir la competencia del salario m\u00ednimo propio en el Estatuto de Autonom\u00eda. Limitar este asunto exclusivamente a la negociaci\u00f3n colectiva es condenar a la clase trabajadora vasca al Salario M\u00ednimo Estatal. El Gobierno sabe perfectamente que Confebask no est\u00e1 dispuesta a negociar el salario m\u00ednimo que necesita la clase trabajadora vasca y est\u00e1 dando por buena su postura. No ha hecho absolutamente nada para presionar a la patronal.<\/p>\n\n\n\n<p>El PNV ha relacionado el tema del salario m\u00ednimo propio con el debate del estatus. Est\u00e1 mintiendo. LAB le ha pedido una reuni\u00f3n para hablar del estatus y el PNV lo ha rechazado argumentando que los temas sindicales no tienen espacio en ese debate. Con los otros partidos no tenemos inconveniente en que en las reuniones bilaterales tambi\u00e9n se hable de este tema. En consecuencia, tanto en el Parlamento Vasco como en el debate sobre el estatus, el PNV quiere quitar voz a los sindicatos, a las y los trabajadores.<\/p>\n\n\n\n<p>La clase trabajadora vasca necesita un salario m\u00ednimo propio, porque es una v\u00eda importante para hacer frente a las brechas salariales, para repartir la riqueza de una manera m\u00e1s adecuada, para poner l\u00edmites a la precariedad y para reducir la pobreza. En Euskal Herria necesitamos un salario m\u00ednimo propio. La patronal y el Gobierno Vasco quieren obstaculizar las dos v\u00edas en las que estamos trabajando. La persistencia del binomio entre el PNV y Confebask no es buena noticia para la clase trabajadora vasca. Es hora de reforzar las movilizaciones en la lucha por el salario m\u00ednimo propio. LAB seguir\u00e1 trabajando tanto el los centro de trabajo como en la calle.&nbsp;<\/p>\n","protected":false},"excerpt":{"rendered":"<p>Ma\u00f1ana, 22 de octubre, haremos un intento de conciliaci\u00f3n con Confebask en el Consejo de Relaciones Laborales (CRL), en Bilbo. Confebask y el Gobierno Vasco rechazan la participaci\u00f3n del Gobierno Vasco. El Gobierno Vasco quiere cerrar todas las v\u00edas a establecer aqu\u00ed un salario m\u00ednimo propio. Ha rechazado la reivindicaci\u00f3n de dignificar las condiciones de [&hellip;]<\/p>\n","protected":false},"author":1191,"featured_media":84542,"comment_status":"closed","ping_status":"closed","sticky":false,"template":"","format":"standard","meta":{"_monsterinsights_skip_tracking":false,"_monsterinsights_sitenote_active":false,"_monsterinsights_sitenote_note":"","_monsterinsights_sitenote_category":0,"footnotes":"","_links_to":"","_links_to_target":""},"categories":[18],"tags":[3033,3178],"class_list":{"0":"post-84544","1":"post","2":"type-post","3":"status-publish","4":"format-standard","5":"has-post-thumbnail","7":"category-es-accion-sindical","8":"tag-accion-sindical-es","9":"tag-destacado-1"},"_links":{"self":[{"href":"https:\/\/www.lab.eus\/es\/wp-json\/wp\/v2\/posts\/84544","targetHints":{"allow":["GET"]}}],"collection":[{"href":"https:\/\/www.lab.eus\/es\/wp-json\/wp\/v2\/posts"}],"about":[{"href":"https:\/\/www.lab.eus\/es\/wp-json\/wp\/v2\/types\/post"}],"author":[{"embeddable":true,"href":"https:\/\/www.lab.eus\/es\/wp-json\/wp\/v2\/users\/1191"}],"replies":[{"embeddable":true,"href":"https:\/\/www.lab.eus\/es\/wp-json\/wp\/v2\/comments?post=84544"}],"version-history":[{"count":1,"href":"https:\/\/www.lab.eus\/es\/wp-json\/wp\/v2\/posts\/84544\/revisions"}],"predecessor-version":[{"id":84545,"href":"https:\/\/www.lab.eus\/es\/wp-json\/wp\/v2\/posts\/84544\/revisions\/84545"}],"wp:featuredmedia":[{"embeddable":true,"href":"https:\/\/www.lab.eus\/es\/wp-json\/wp\/v2\/media\/84542"}],"wp:attachment":[{"href":"https:\/\/www.lab.eus\/es\/wp-json\/wp\/v2\/media?parent=84544"}],"wp:term":[{"taxonomy":"category","embeddable":true,"href":"https:\/\/www.lab.eus\/es\/wp-json\/wp\/v2\/categories?post=84544"},{"taxonomy":"post_tag","embeddable":true,"href":"https:\/\/www.lab.eus\/es\/wp-json\/wp\/v2\/tags?post=84544"}],"curies":[{"name":"wp","href":"https:\/\/api.w.org\/{rel}","templated":true}]}}