{"id":84537,"date":"2025-10-21T09:21:05","date_gmt":"2025-10-21T09:21:05","guid":{"rendered":"https:\/\/www.lab.eus\/?p=84537"},"modified":"2025-10-21T09:22:12","modified_gmt":"2025-10-21T09:22:12","slug":"exitosos-encuentros-sobre-accion-sindical-transformadora","status":"publish","type":"post","link":"https:\/\/www.lab.eus\/es\/exitosos-encuentros-sobre-accion-sindical-transformadora\/","title":{"rendered":"Exitosos encuentros sobre acci\u00f3n sindical transformadora"},"content":{"rendered":"\n<p>La fundaci\u00f3n Ipar Hegoa celebr\u00f3 el pasado 16 de octubre en Donostia sus Encuentros Sindicales bajo el t\u00edtulo \u201cAcci\u00f3n sindical transformadora\u201d, diez a\u00f1os despu\u00e9s de que se iniciara el proceso Birpentsatzen. Una vez asentadas las bases de la estrategia de sindicalizaci\u00f3n y de la acci\u00f3n sindical en los \u00faltimos a\u00f1os, el objetivo de estos encuentros fue profundizar en las mismos. M\u00e1s de 200 miembros del sindicato participaron en la primera sesi\u00f3n. El 23 de octubre tendr\u00e1 lugar la segunda sesi\u00f3n de los encuentros.<\/p>\n\n\n\n<p>La primera intervenci\u00f3n fue la del coordinador general, Igor Arroyo. Comenz\u00f3 aludiendo al \u00abhito hist\u00f3rico\u00bb que marcaron los exitosos paros y movilizaciones del 15 de octubre en favor de Palestina. Despu\u00e9s, se refiri\u00f3 al proceso Birpentsatzen puesto en marcha hace diez a\u00f1os por LAB, destacando su car\u00e1cter pionero en el \u00e1mbito del sindicalismo vasco y que suposo cambios significativos en el mismo. Ahondando en esto, desgran\u00f3 las decisiones tomadas en los \u00faltimos a\u00f1os por el sindicato. En primer lugar, la reconceptualizaci\u00f3n del conflicto de clases, que ha pasado del conflicto entre trabajo y capital al conflicto entre vida y capital. En segundo lugar, situar en el centro la situaci\u00f3n de las mujeres* trabajadoras. En tercer lugar, la recomposici\u00f3n del sujeto de clase, abri\u00e9ndola a nuevos sectores (riders y trabajadoras de hogar, entre otros). En cuarto lugar, el sindicalismo social, subrayando la decisi\u00f3n de LAB de intervenir tambi\u00e9n en el \u00e1mbito de la vivienda. Y en quinto lugar, la apuesta por trabajar el sindicalismo antirracista, que incluye tambi\u00e9n una cr\u00edtica a la blanquitud. \u00abEstamos renovando el sindicalismo vasco, con obst\u00e1culos, resistencias y dificultades\u00bb, afirm\u00f3 Arroyo.<\/p>\n\n\n\n<p>Seguidamente intervino el soci\u00f3logo Dennis Merklen, miembro del movimiento de izquierda y liberaci\u00f3n de Uruguay y profesor de la Universidad Nouvelle-Par\u00eds. Habl\u00f3 sobre los cambios que se pueden producir en la sociedad y en el mundo laboral, respondiendo a las preguntas que le hizo el secretario de Formaci\u00f3n de LAB, Jagoba Zulueta. Sobre los cambios experimentados en los \u00faltimos diez a\u00f1os, se centr\u00f3 en el \u00e1mbito tecnol\u00f3gico, subrayando que \u00e9ste se est\u00e1 desarrollando gracias a la iniciativa privada y que, en consecuencia, el sector privado est\u00e1 acumulando un enorme poder. Tambi\u00e9n se refiri\u00f3 a la vinculaci\u00f3n de las corporaciones tecnol\u00f3gicas con la creaci\u00f3n del deseo y a\u00f1adi\u00f3 que tambi\u00e9n act\u00faan en beneficio del capitalismo, porque aumentan el individualismo.<\/p>\n\n\n\n<p>Por otra parte, tambi\u00e9n puso en duda que el proceso de atomizaci\u00f3n sea imparable, destacando que en los \u00faltimos a\u00f1os han surgido nuevas formas de socializaci\u00f3n. Aludiendo al caso de Euskal Herria, tambi\u00e9n alab\u00f3 que \u00abaqu\u00ed este proceso no es tan profundo\u00bb. No obstante, cit\u00f3 que los v\u00ednculos territoriales de las y los trabajadores se encuentran diluidos.<\/p>\n\n\n\n<p>En cuanto a Europa, expres\u00f3 su preocupaci\u00f3n porque las guerras parecen inevitables, la desestabilizaci\u00f3n es grande y los estados est\u00e1n a la deriva (inversi\u00f3n belicista, mala acogida a las personas migrantes&#8230;). En relaci\u00f3n con ello, se refiri\u00f3 tambi\u00e9n al miedo al futuro. Asimismo, sobre el auge de la ultraderecha, subray\u00f3 las diferencias entre los procesos de Am\u00e9rica y Europa y precis\u00f3 que, en el caso de esta \u00faltima, la influencia de la desindustrializaci\u00f3n, la destrucci\u00f3n de la clase trabajadora y el impacto de la crisis de las izquierdas es evidente.<\/p>\n\n\n\n<p>Tambi\u00e9n reflexion\u00f3 sobre la militancia, destacando que en los \u00faltimos a\u00f1os hemos pasado de las y los militantes \u00absellos de correo\u00bb a los y las militantes \u00abpost-it\u201d, y que esto ha hecho aflorar problemas en relaci\u00f3n con a la discplina.<\/p>\n\n\n\n<p>Para terminar, y a preguntas de las personas asistentes, se refiri\u00f3 a que la izquierda tiene una crisis en torno a la utop\u00eda y subray\u00f3 que su misi\u00f3n es dar esperanza y denunciar el horror.<\/p>\n\n\n\n<p><strong>Planificaci\u00f3n de las luchas desde la base<\/strong><\/p>\n\n\n\n<p>Valery Alzaga, mexicana afincada en Escocia, fue la segunda invitada internacional. Se trata de una organizadora sindical y activista por los derechos de las personas migrantes. Era su primera visita a Euskal Herria tras participar de forma telem\u00e1tica en los encuentros sindicales realizados hace dos a\u00f1os en torno al racismo. Se centr\u00f3 en las herramientas, estrategias y t\u00e9cnicas para vincular a los y las trabajadoras con la lucha sindical, bas\u00e1ndose en su experiencia de m\u00e1s de 40 a\u00f1os. De hecho, comenz\u00f3 a organizar a limpiadoras de grandes rascacielos de Estados Unidos de Am\u00e9rica; principalmente trabajadoras racializadas que los sindicatos ten\u00edan olvidadas y se encontraban en situaci\u00f3n irregular. Posteriormente trabaj\u00f3 en Europa (Alemania, Suecia, Europa del Este).<\/p>\n\n\n\n<p>Ha trabajado en la creaci\u00f3n de campa\u00f1as para conseguir de derechos, en gran medida innovadoras. En relaci\u00f3n con esto, subray\u00f3 la importancia de actuar a la ofensiva en una intervenci\u00f3n llena de energ\u00eda y vitalidad, incidiendo en que el trabajo sindical debe ser creativo.<\/p>\n\n\n\n<p>Trat\u00f3 sobre la planificaci\u00f3n de las campa\u00f1as. As\u00ed, destac\u00f3 que hab\u00eda que definir bien el objetivo (empezando por el final) y que el trabajo hecho con la base, que se hace cara a cara y de forma individualizada con las y los trabajadores, es fundamental. As\u00ed, este trabajo permite activar a las y los trabajadores y convertirlos en motor de la lucha. \u00abLa base se construye en la lucha, ganando luchas y solucionando problemas concretos\u00bb, puntualiz\u00f3. Asimismo, abog\u00f3 por actuar paso a paso mediante un proceso gradual que incremente el poder y la capacidad de influencia de los y las trabajadores.<\/p>\n\n\n\n<p>Tambi\u00e9n destac\u00f3 la importancia de medir y evaluar todo lo que se trabaja a nivel organizativo. Asimismo, se refiri\u00f3 a que \u00abtenemos que crear narrativas sociales, convirtiendo al sindicato en un instrumento de lucha que beneficie a todos y todas\u00bb.<\/p>\n\n\n\n<figure class=\"wp-block-gallery has-nested-images columns-default is-cropped wp-block-gallery-1 is-layout-flex wp-block-gallery-is-layout-flex\">\n<figure class=\"wp-block-image size-large\"><img loading=\"lazy\" decoding=\"async\" width=\"1024\" height=\"683\" data-id=\"84528\" src=\"https:\/\/www.lab.eus\/wp-content\/uploads\/2025\/10\/IMG_0651-1024x683.jpg\" alt=\"\" class=\"wp-image-84528\" srcset=\"https:\/\/www.lab.eus\/wp-content\/uploads\/2025\/10\/IMG_0651-1024x683.jpg 1024w, https:\/\/www.lab.eus\/wp-content\/uploads\/2025\/10\/IMG_0651-300x200.jpg 300w, https:\/\/www.lab.eus\/wp-content\/uploads\/2025\/10\/IMG_0651-768x512.jpg 768w, https:\/\/www.lab.eus\/wp-content\/uploads\/2025\/10\/IMG_0651-1536x1024.jpg 1536w, https:\/\/www.lab.eus\/wp-content\/uploads\/2025\/10\/IMG_0651-2048x1365.jpg 2048w, https:\/\/www.lab.eus\/wp-content\/uploads\/2025\/10\/IMG_0651-630x420.jpg 630w, https:\/\/www.lab.eus\/wp-content\/uploads\/2025\/10\/IMG_0651-150x100.jpg 150w, https:\/\/www.lab.eus\/wp-content\/uploads\/2025\/10\/IMG_0651-696x464.jpg 696w, https:\/\/www.lab.eus\/wp-content\/uploads\/2025\/10\/IMG_0651-1068x712.jpg 1068w, https:\/\/www.lab.eus\/wp-content\/uploads\/2025\/10\/IMG_0651-1920x1280.jpg 1920w\" sizes=\"auto, (max-width: 1024px) 100vw, 1024px\" \/><\/figure>\n\n\n\n<figure class=\"wp-block-image size-large\"><img loading=\"lazy\" decoding=\"async\" width=\"1024\" height=\"683\" data-id=\"84525\" src=\"https:\/\/www.lab.eus\/wp-content\/uploads\/2025\/10\/IMG_0604-1024x683.jpg\" alt=\"\" class=\"wp-image-84525\" srcset=\"https:\/\/www.lab.eus\/wp-content\/uploads\/2025\/10\/IMG_0604-1024x683.jpg 1024w, https:\/\/www.lab.eus\/wp-content\/uploads\/2025\/10\/IMG_0604-300x200.jpg 300w, https:\/\/www.lab.eus\/wp-content\/uploads\/2025\/10\/IMG_0604-768x512.jpg 768w, https:\/\/www.lab.eus\/wp-content\/uploads\/2025\/10\/IMG_0604-1536x1024.jpg 1536w, https:\/\/www.lab.eus\/wp-content\/uploads\/2025\/10\/IMG_0604-2048x1365.jpg 2048w, https:\/\/www.lab.eus\/wp-content\/uploads\/2025\/10\/IMG_0604-630x420.jpg 630w, https:\/\/www.lab.eus\/wp-content\/uploads\/2025\/10\/IMG_0604-150x100.jpg 150w, https:\/\/www.lab.eus\/wp-content\/uploads\/2025\/10\/IMG_0604-696x464.jpg 696w, https:\/\/www.lab.eus\/wp-content\/uploads\/2025\/10\/IMG_0604-1068x712.jpg 1068w, https:\/\/www.lab.eus\/wp-content\/uploads\/2025\/10\/IMG_0604-1920x1280.jpg 1920w\" sizes=\"auto, (max-width: 1024px) 100vw, 1024px\" \/><\/figure>\n\n\n\n<figure class=\"wp-block-image size-large\"><img loading=\"lazy\" decoding=\"async\" width=\"1024\" height=\"683\" data-id=\"84522\" src=\"https:\/\/www.lab.eus\/wp-content\/uploads\/2025\/10\/IMG_0625-1024x683.jpg\" alt=\"\" class=\"wp-image-84522\" srcset=\"https:\/\/www.lab.eus\/wp-content\/uploads\/2025\/10\/IMG_0625-1024x683.jpg 1024w, https:\/\/www.lab.eus\/wp-content\/uploads\/2025\/10\/IMG_0625-300x200.jpg 300w, https:\/\/www.lab.eus\/wp-content\/uploads\/2025\/10\/IMG_0625-768x512.jpg 768w, https:\/\/www.lab.eus\/wp-content\/uploads\/2025\/10\/IMG_0625-1536x1024.jpg 1536w, https:\/\/www.lab.eus\/wp-content\/uploads\/2025\/10\/IMG_0625-2048x1365.jpg 2048w, https:\/\/www.lab.eus\/wp-content\/uploads\/2025\/10\/IMG_0625-630x420.jpg 630w, https:\/\/www.lab.eus\/wp-content\/uploads\/2025\/10\/IMG_0625-150x100.jpg 150w, https:\/\/www.lab.eus\/wp-content\/uploads\/2025\/10\/IMG_0625-696x464.jpg 696w, https:\/\/www.lab.eus\/wp-content\/uploads\/2025\/10\/IMG_0625-1068x712.jpg 1068w, https:\/\/www.lab.eus\/wp-content\/uploads\/2025\/10\/IMG_0625-1920x1280.jpg 1920w\" sizes=\"auto, (max-width: 1024px) 100vw, 1024px\" \/><\/figure>\n\n\n\n<figure class=\"wp-block-image size-large\"><img loading=\"lazy\" decoding=\"async\" width=\"1024\" height=\"683\" data-id=\"84521\" src=\"https:\/\/www.lab.eus\/wp-content\/uploads\/2025\/10\/IMG_0583-1024x683.jpg\" alt=\"\" class=\"wp-image-84521\" srcset=\"https:\/\/www.lab.eus\/wp-content\/uploads\/2025\/10\/IMG_0583-1024x683.jpg 1024w, https:\/\/www.lab.eus\/wp-content\/uploads\/2025\/10\/IMG_0583-300x200.jpg 300w, https:\/\/www.lab.eus\/wp-content\/uploads\/2025\/10\/IMG_0583-768x512.jpg 768w, https:\/\/www.lab.eus\/wp-content\/uploads\/2025\/10\/IMG_0583-1536x1024.jpg 1536w, https:\/\/www.lab.eus\/wp-content\/uploads\/2025\/10\/IMG_0583-2048x1365.jpg 2048w, https:\/\/www.lab.eus\/wp-content\/uploads\/2025\/10\/IMG_0583-630x420.jpg 630w, https:\/\/www.lab.eus\/wp-content\/uploads\/2025\/10\/IMG_0583-150x100.jpg 150w, https:\/\/www.lab.eus\/wp-content\/uploads\/2025\/10\/IMG_0583-696x464.jpg 696w, https:\/\/www.lab.eus\/wp-content\/uploads\/2025\/10\/IMG_0583-1068x712.jpg 1068w, https:\/\/www.lab.eus\/wp-content\/uploads\/2025\/10\/IMG_0583-1920x1280.jpg 1920w\" sizes=\"auto, (max-width: 1024px) 100vw, 1024px\" \/><\/figure>\n\n\n\n<figure class=\"wp-block-image size-large\"><img loading=\"lazy\" decoding=\"async\" width=\"1024\" height=\"683\" data-id=\"84516\" src=\"https:\/\/www.lab.eus\/wp-content\/uploads\/2025\/10\/IMG_07021-1024x683.jpg\" alt=\"\" class=\"wp-image-84516\" srcset=\"https:\/\/www.lab.eus\/wp-content\/uploads\/2025\/10\/IMG_07021-1024x683.jpg 1024w, https:\/\/www.lab.eus\/wp-content\/uploads\/2025\/10\/IMG_07021-300x200.jpg 300w, https:\/\/www.lab.eus\/wp-content\/uploads\/2025\/10\/IMG_07021-768x512.jpg 768w, https:\/\/www.lab.eus\/wp-content\/uploads\/2025\/10\/IMG_07021-1536x1024.jpg 1536w, https:\/\/www.lab.eus\/wp-content\/uploads\/2025\/10\/IMG_07021-2048x1365.jpg 2048w, https:\/\/www.lab.eus\/wp-content\/uploads\/2025\/10\/IMG_07021-630x420.jpg 630w, https:\/\/www.lab.eus\/wp-content\/uploads\/2025\/10\/IMG_07021-150x100.jpg 150w, https:\/\/www.lab.eus\/wp-content\/uploads\/2025\/10\/IMG_07021-696x464.jpg 696w, https:\/\/www.lab.eus\/wp-content\/uploads\/2025\/10\/IMG_07021-1068x712.jpg 1068w, https:\/\/www.lab.eus\/wp-content\/uploads\/2025\/10\/IMG_07021-1920x1280.jpg 1920w\" sizes=\"auto, (max-width: 1024px) 100vw, 1024px\" \/><\/figure>\n\n\n\n<figure class=\"wp-block-image size-large\"><img loading=\"lazy\" decoding=\"async\" width=\"1024\" height=\"683\" data-id=\"84513\" src=\"https:\/\/www.lab.eus\/wp-content\/uploads\/2025\/10\/IMG_0586-1024x683.jpg\" alt=\"\" class=\"wp-image-84513\" srcset=\"https:\/\/www.lab.eus\/wp-content\/uploads\/2025\/10\/IMG_0586-1024x683.jpg 1024w, https:\/\/www.lab.eus\/wp-content\/uploads\/2025\/10\/IMG_0586-300x200.jpg 300w, https:\/\/www.lab.eus\/wp-content\/uploads\/2025\/10\/IMG_0586-768x512.jpg 768w, https:\/\/www.lab.eus\/wp-content\/uploads\/2025\/10\/IMG_0586-1536x1024.jpg 1536w, https:\/\/www.lab.eus\/wp-content\/uploads\/2025\/10\/IMG_0586-2048x1365.jpg 2048w, https:\/\/www.lab.eus\/wp-content\/uploads\/2025\/10\/IMG_0586-630x420.jpg 630w, https:\/\/www.lab.eus\/wp-content\/uploads\/2025\/10\/IMG_0586-150x100.jpg 150w, https:\/\/www.lab.eus\/wp-content\/uploads\/2025\/10\/IMG_0586-696x464.jpg 696w, https:\/\/www.lab.eus\/wp-content\/uploads\/2025\/10\/IMG_0586-1068x712.jpg 1068w, https:\/\/www.lab.eus\/wp-content\/uploads\/2025\/10\/IMG_0586-1920x1280.jpg 1920w\" sizes=\"auto, (max-width: 1024px) 100vw, 1024px\" \/><\/figure>\n<\/figure>\n","protected":false},"excerpt":{"rendered":"<p>La fundaci\u00f3n Ipar Hegoa celebr\u00f3 el pasado 16 de octubre en Donostia sus Encuentros Sindicales bajo el t\u00edtulo \u201cAcci\u00f3n sindical transformadora\u201d, diez a\u00f1os despu\u00e9s de que se iniciara el proceso Birpentsatzen. Una vez asentadas las bases de la estrategia de sindicalizaci\u00f3n y de la acci\u00f3n sindical en los \u00faltimos a\u00f1os, el objetivo de estos encuentros [&hellip;]<\/p>\n","protected":false},"author":1191,"featured_media":84531,"comment_status":"closed","ping_status":"closed","sticky":false,"template":"","format":"standard","meta":{"_monsterinsights_skip_tracking":false,"_monsterinsights_sitenote_active":false,"_monsterinsights_sitenote_note":"","_monsterinsights_sitenote_category":0,"footnotes":"","_links_to":"","_links_to_target":""},"categories":[18],"tags":[3033,5346,3178,4954,3529],"class_list":{"0":"post-84537","1":"post","2":"type-post","3":"status-publish","4":"format-standard","5":"has-post-thumbnail","7":"category-es-accion-sindical","8":"tag-accion-sindical-es","9":"tag-accion-sindical-transformadora","10":"tag-destacado-1","11":"tag-encuentros-sindicales","12":"tag-ipar-hegoa-2"},"_links":{"self":[{"href":"https:\/\/www.lab.eus\/es\/wp-json\/wp\/v2\/posts\/84537","targetHints":{"allow":["GET"]}}],"collection":[{"href":"https:\/\/www.lab.eus\/es\/wp-json\/wp\/v2\/posts"}],"about":[{"href":"https:\/\/www.lab.eus\/es\/wp-json\/wp\/v2\/types\/post"}],"author":[{"embeddable":true,"href":"https:\/\/www.lab.eus\/es\/wp-json\/wp\/v2\/users\/1191"}],"replies":[{"embeddable":true,"href":"https:\/\/www.lab.eus\/es\/wp-json\/wp\/v2\/comments?post=84537"}],"version-history":[{"count":1,"href":"https:\/\/www.lab.eus\/es\/wp-json\/wp\/v2\/posts\/84537\/revisions"}],"predecessor-version":[{"id":84538,"href":"https:\/\/www.lab.eus\/es\/wp-json\/wp\/v2\/posts\/84537\/revisions\/84538"}],"wp:featuredmedia":[{"embeddable":true,"href":"https:\/\/www.lab.eus\/es\/wp-json\/wp\/v2\/media\/84531"}],"wp:attachment":[{"href":"https:\/\/www.lab.eus\/es\/wp-json\/wp\/v2\/media?parent=84537"}],"wp:term":[{"taxonomy":"category","embeddable":true,"href":"https:\/\/www.lab.eus\/es\/wp-json\/wp\/v2\/categories?post=84537"},{"taxonomy":"post_tag","embeddable":true,"href":"https:\/\/www.lab.eus\/es\/wp-json\/wp\/v2\/tags?post=84537"}],"curies":[{"name":"wp","href":"https:\/\/api.w.org\/{rel}","templated":true}]}}