{"id":84507,"date":"2025-10-20T15:09:09","date_gmt":"2025-10-20T15:09:09","guid":{"rendered":"https:\/\/www.lab.eus\/?p=84507"},"modified":"2025-10-20T15:09:12","modified_gmt":"2025-10-20T15:09:12","slug":"el-sindicato-lab-se-suma-a-la-campana-mutuak-stop-puesta-en-marcha-por-la-plataforma-en-defensa-de-la-sanidad-publica-y-varios-sindicatos-en-el-sur-de-euskal-herria","status":"publish","type":"post","link":"https:\/\/www.lab.eus\/es\/el-sindicato-lab-se-suma-a-la-campana-mutuak-stop-puesta-en-marcha-por-la-plataforma-en-defensa-de-la-sanidad-publica-y-varios-sindicatos-en-el-sur-de-euskal-herria\/","title":{"rendered":"El sindicato LAB se suma a la campa\u00f1a \u201cMUTUAK STOP\u201d, puesta en marcha por la Plataforma en Defensa de la Sanidad P\u00fablica y varios sindicatos en el sur de Euskal Herria"},"content":{"rendered":"\n<p><strong>En la primavera de 2023 denunciamos p\u00fablicamente que un documento de la Seguridad Social, que lleg\u00f3 a manos de LAB, preve\u00eda distintos pasos encaminados a posibilitar el desmantelamiento de los servicios p\u00fablicos de salud, y que ello vendr\u00eda de la mano del fortalecimiento de las Mutuas patronales.<\/strong><\/p>\n\n\n\n<p>Entonces, a ra\u00edz de aquella denuncia, el Gobierno de Navarra declar\u00f3 que no dar\u00eda v\u00eda libre a ese plan estatal de refuerzo de las Mutuas. En cambio, el Gobierno de la CAV (Comunidad Aut\u00f3noma Vasca) no rechaz\u00f3 esta nueva v\u00eda de privatizaci\u00f3n.<\/p>\n\n\n\n<p>Posteriormente, en diferentes comunidades del Estado, esos pasos se han ido materializando uno tras otro, contando incluso con el apoyo de CCOO y UGT dentro del plan de empleo de Navarra.<\/p>\n\n\n\n<p>Ese plan no es m\u00e1s que otro paso hacia la privatizaci\u00f3n de la sanidad p\u00fablica. El plan prev\u00e9 distintos saltos, entre ellos: dejar en manos de las Mutuas el historial cl\u00ednico de las personas trabajadoras; entregar a las Mutuas privadas algunos servicios importantes de Osasunbidea y Osakidetza; arrebatar a la atenci\u00f3n primaria las competencias para dar bajas y altas m\u00e9dicas, transfiriendo esa potestad al m\u00e9dico de la empresa; y otras muchas medidas restrictivas.<\/p>\n\n\n\n<p>Todas esas medidas est\u00e1n dise\u00f1adas para proteger la econom\u00eda de las empresas, no para garantizar la salud de las y los trabajadores.<\/p>\n\n\n\n<p>El sindicato LAB defender\u00e1 con firmeza el sistema p\u00fablico de salud y, ante esta situaci\u00f3n, reclamar\u00e1 la publicaci\u00f3n (estatizaci\u00f3n) de las Mutuas. De este modo, apoyar\u00e1 las diferentes iniciativas que persigan estos objetivos, entre ellas la campa\u00f1a \u201cMutuak Stop\u201d, puesta en marcha por diversos sindicatos y plataformas en defensa del sistema p\u00fablico de salud.&nbsp;<\/p>\n","protected":false},"excerpt":{"rendered":"<p>En la primavera de 2023 denunciamos p\u00fablicamente que un documento de la Seguridad Social, que lleg\u00f3 a manos de LAB, preve\u00eda distintos pasos encaminados a posibilitar el desmantelamiento de los servicios p\u00fablicos de salud, y que ello vendr\u00eda de la mano del fortalecimiento de las Mutuas patronales. Entonces, a ra\u00edz de aquella denuncia, el Gobierno [&hellip;]<\/p>\n","protected":false},"author":1191,"featured_media":71685,"comment_status":"closed","ping_status":"closed","sticky":false,"template":"","format":"standard","meta":{"_monsterinsights_skip_tracking":false,"_monsterinsights_sitenote_active":false,"_monsterinsights_sitenote_note":"","_monsterinsights_sitenote_category":0,"footnotes":"","_links_to":"","_links_to_target":""},"categories":[18,15],"tags":[3033,3178],"class_list":{"0":"post-84507","1":"post","2":"type-post","3":"status-publish","4":"format-standard","5":"has-post-thumbnail","7":"category-es-accion-sindical","8":"category-es-salud-laboral","9":"tag-accion-sindical-es","10":"tag-destacado-1"},"_links":{"self":[{"href":"https:\/\/www.lab.eus\/es\/wp-json\/wp\/v2\/posts\/84507","targetHints":{"allow":["GET"]}}],"collection":[{"href":"https:\/\/www.lab.eus\/es\/wp-json\/wp\/v2\/posts"}],"about":[{"href":"https:\/\/www.lab.eus\/es\/wp-json\/wp\/v2\/types\/post"}],"author":[{"embeddable":true,"href":"https:\/\/www.lab.eus\/es\/wp-json\/wp\/v2\/users\/1191"}],"replies":[{"embeddable":true,"href":"https:\/\/www.lab.eus\/es\/wp-json\/wp\/v2\/comments?post=84507"}],"version-history":[{"count":1,"href":"https:\/\/www.lab.eus\/es\/wp-json\/wp\/v2\/posts\/84507\/revisions"}],"predecessor-version":[{"id":84508,"href":"https:\/\/www.lab.eus\/es\/wp-json\/wp\/v2\/posts\/84507\/revisions\/84508"}],"wp:featuredmedia":[{"embeddable":true,"href":"https:\/\/www.lab.eus\/es\/wp-json\/wp\/v2\/media\/71685"}],"wp:attachment":[{"href":"https:\/\/www.lab.eus\/es\/wp-json\/wp\/v2\/media?parent=84507"}],"wp:term":[{"taxonomy":"category","embeddable":true,"href":"https:\/\/www.lab.eus\/es\/wp-json\/wp\/v2\/categories?post=84507"},{"taxonomy":"post_tag","embeddable":true,"href":"https:\/\/www.lab.eus\/es\/wp-json\/wp\/v2\/tags?post=84507"}],"curies":[{"name":"wp","href":"https:\/\/api.w.org\/{rel}","templated":true}]}}