{"id":84487,"date":"2025-10-20T09:36:50","date_gmt":"2025-10-20T09:36:50","guid":{"rendered":"https:\/\/www.lab.eus\/?p=84487"},"modified":"2025-10-20T09:36:53","modified_gmt":"2025-10-20T09:36:53","slug":"tras-la-mayor-movilizacion-social-por-palestina-lab-impulsara-iniciativas-para-suspender-toda-relacion-con-israel","status":"publish","type":"post","link":"https:\/\/www.lab.eus\/es\/tras-la-mayor-movilizacion-social-por-palestina-lab-impulsara-iniciativas-para-suspender-toda-relacion-con-israel\/","title":{"rendered":"Tras la mayor movilizaci\u00f3n social por Palestina, LAB impulsar\u00e1 iniciativas para suspender toda relaci\u00f3n con Israel"},"content":{"rendered":"\n<p><strong>El coordinador general de LAB, Igor Arroyo, y el responsable de relaciones internacionales, Koldo S\u00e1enz, han ofrecido una rueda de prensa en Bilbao para valorar la movilizaci\u00f3n del 15 de octubre y anunciar nuevas iniciativas de cara al futuro.<\/strong><\/p>\n\n\n\n<p>En cuanto a la valoraci\u00f3n, han destacado tres claves: la del 15-O ha sido la mayor movilizaci\u00f3n a favor de Palestina; el sindicalismo sociopol\u00edtico defendido por LAB desde su fundaci\u00f3n se ha fortalecido; y Hego Euskal Herria se ha consolidado como sujeto de lucha.<\/p>\n\n\n\n<p>Tras el 15-O, LAB exige a las instituciones y a la patronal que atiendan la demanda de las 110.000 trabajadoras y trabajadores que llenaron las calles de las cuatro capitales vascas: la suspensi\u00f3n de toda relaci\u00f3n institucional y comercial con Israel.<\/p>\n\n\n\n<hr class=\"wp-block-separator has-alpha-channel-opacity\"\/>\n\n\n\n<h2 class=\"wp-block-heading\">1. La mayor movilizaci\u00f3n por Palestina realizada hasta la fecha<\/h2>\n\n\n\n<p>La del 15-O ha sido la mayor movilizaci\u00f3n a favor de Palestina que se ha llevado a cabo en Euskal Herria: m\u00e1s de 110.000 personas en las manifestaciones convocadas por los sindicatos a mediod\u00eda en Bilbo, Donostia, Gasteiz e Iru\u00f1ea y unas 50.000 por la tarde en los estruendos populares de Gernika-Palestina.<\/p>\n\n\n\n<p>El impacto en el mundo laboral ha sido muy significativo: en muchas peque\u00f1as empresas y en medio centenar de grandes empresas el par\u00f3n fue total. La huelga de toda la jornada convocada en la ense\u00f1anza tuvo un amplio seguimiento, con un 60% en las escuelas p\u00fablicas, un 80% en las ikastolas y un 85% en el Consorcio Haurreskolak. En la EHU se suspendi\u00f3 la actividad acad\u00e9mica y se realizaron m\u00e1s de 200 movilizaciones de centro a centro.<\/p>\n\n\n\n<p>Estas cifras se acercan a las registradas en las Huelgas Generales de las dos \u00faltimas d\u00e9cadas, es decir, este Paro General tuvo un seguimiento equivalente a una huelga general en cuanto al n\u00famero de trabajadores movilizados. A nivel europeo no hay ning\u00fan otro territorio que haya realizado una movilizaci\u00f3n sindical de esta envergadura; solo Italia se acerca a Euskal Herria.<\/p>\n\n\n\n<hr class=\"wp-block-separator has-alpha-channel-opacity\"\/>\n\n\n\n<h2 class=\"wp-block-heading\">2. Se ha reforzado el sindicalismo sociopol\u00edtico<\/h2>\n\n\n\n<p>Aunque todas las huelgas y paros generales tienen una dimensi\u00f3n pol\u00edtica, hay algunos que se organizan expresamente al hilo de una cuesti\u00f3n eminentemente pol\u00edtica. En este sentido, en Hego Euskal Herria no se produc\u00edan huelgas o paros sociopol\u00edticos desde 2008.<\/p>\n\n\n\n<p>A mediados de septiembre, LAB vio clara la posibilidad y necesidad de poner en marcha una iniciativa de este tipo ante el genocidio palestino. Y se volc\u00f3 en las numerosas tareas que precisa la construcci\u00f3n de una huelga o paro general: empujar para que el resto de sindicatos den el paso, llegar a acuerdos para sacar adelante la iniciativa, definir y registrar la convocatoria de paro, movilizar la base social del sindicato, difundir informaci\u00f3n y organizar asambleas en los centros de trabajo, contactar con los y las comerciantes, organizar cientos de concentraciones y las cuatro grandes manifestaciones de las capitales, y finalmente, materializar la jornada.<\/p>\n\n\n\n<p>En este recorrido ha habido dificultades pero sin duda el resultado ha merecido la pena: m\u00e1s all\u00e1 de los matices, todos y cada uno de los sindicatos de Hego Euskal Herria hemos hecho una convocatoria de paro general para denunciar el genocidio palestino. De esta forma se refuerza el sindicalismo sociopol\u00edtico que LAB ha reivindicado y practicado desde su fundaci\u00f3n. Hemos demostrado en la pr\u00e1ctica que la responsabilidad y la funci\u00f3n de los sindicatos no se limita a la negociaci\u00f3n de las condiciones de trabajo, que tenemos mucho que decir en los asuntos pol\u00edticos y sociales.<\/p>\n\n\n\n<p>En el caso de Palestina, la convocatoria de un paro pol\u00edtico era necesaria no s\u00f3lo desde el punto de vista de la solidaridad internacionalista sino tambi\u00e9n de la lucha por la transformaci\u00f3n de Euskal Herria. Ante el auge de la ola reaccionaria y autoritaria a nivel mundial, el 15 de octubre transmite un mensaje claro: el sionismo no se impondr\u00e1 en Palestina y el fascismo no pasar\u00e1 por Euskal Herria.<\/p>\n\n\n\n<hr class=\"wp-block-separator has-alpha-channel-opacity\"\/>\n\n\n\n<h2 class=\"wp-block-heading\">3. Se ha reforzado el marco vasco<\/h2>\n\n\n\n<p>El 15 de octubre Hego Euskal Herria se ha visualizado como sujeto. Al igual que ocurriera con la ola de pensionistas de 2018, la convocatoria de Hego Euskal Herria ha superado la realizada a nivel estatal.<\/p>\n\n\n\n<p>As\u00ed ha sido tanto en cuanto al modelo de movilizaci\u00f3n, con posibilidad de paros aislados en el Estado y Paro General en Hego Euskal Herria, como en cuanto al mensaje, m\u00e1s difuso en el Estado y centrado en la demanda de cese de toda relaci\u00f3n comercial e institucional con Israel en Hego Euskal Herria, as\u00ed como en cuanto al nivel de movilizaci\u00f3n, con m\u00e1s huelguistas y manifestantes que en ning\u00fan sitio.<\/p>\n\n\n\n<p>Adem\u00e1s, la iniciativa de la U15 se ha basado en el criterio de la territorialidad vasca, laurak bat, y hemos trabajado en base a dicho criterio no s\u00f3lo los sindicatos abertzales sino tambi\u00e9n los estatales. As\u00ed mismo, cuando la comunidad palestina ha tomado la palabra al final de las manifestaciones, se ha dirigido a Euskal Herria de pueblo a pueblo. As\u00ed, el 15-O ha contribuido sin duda a reforzar el \u00e1mbito vasco.<\/p>\n\n\n\n<hr class=\"wp-block-separator has-alpha-channel-opacity\"\/>\n\n\n\n<h2 class=\"wp-block-heading\">4. De cara al futuro: iniciativa para seguir interpelando a instituciones y patronal<\/h2>\n\n\n\n<p>La demanda del paro general ha sido clara: el cese de toda relaci\u00f3n institucional y comercial con Israel. Ni las instituciones ni la patronal pueden ignorar la mayor movilizaci\u00f3n sindical de los \u00faltimos a\u00f1os.<\/p>\n\n\n\n<p>La existencia de una fr\u00e1gil tregua en Gaza no disminuye la pertinencia ni la urgencia de esta demanda. Y es que la soluci\u00f3n al conflicto en Palestina exige implementar las siguientes medidas: descolonizar todo el territorio palestino, desde el R\u00edo Jord\u00e1n hasta el Mar Mediterr\u00e1neo; hacer efectivo el derecho de las y los refugiados palestinos a volver a su territorio; y ejercer el derecho de autodeterminaci\u00f3n de Palestina.<\/p>\n\n\n\n<p>Para ello, por un lado, hay que articular mayor\u00edas sindicales, sociales y pol\u00edticas a favor de Palestina, tanto en Euskal Herria como a nivel internacional. Y por otro, hay que promover la campa\u00f1a internacional de Boicot, Desinversi\u00f3n y Sanciones, aislando a todos los niveles, tal y como se hizo con la Sud\u00e1frica del apartheid, al estado colonial israel\u00ed que practica el apartheid.<\/p>\n\n\n\n<p>Para seguir presionando a favor de las demandas formuladas el 15 de octubre, dos son las l\u00edneas de trabajo que LAB abordar\u00e1 en los pr\u00f3ximos meses. En primer lugar, LAB pide a los partidos pol\u00edticos vascos que trasladen la propuesta de romper relaciones con el sionismo a todas las instituciones: Gobierno Vasco, Gobierno de Navarra, diputaciones y ayuntamientos. En segundo lugar, LAB llevar\u00e1 una moci\u00f3n a las empresas que mantengan relaciones comerciales con Israel para que el Comit\u00e9 de Empresa inste a la direcci\u00f3n a que rompa dichas relaciones. Este tipo de mociones han sido aprobadas ya tanto en los diferentes comit\u00e9s de empresa de CAF como en los de otras empresas. En colaboraci\u00f3n con el resto de sindicatos, LAB trabajar\u00e1 para extender esta iniciativa al resto de empresas.<\/p>\n\n\n\n<p>Por \u00faltimo, a nivel sindical tambi\u00e9n se puede aportar en esta l\u00ednea, aislando a los sindicatos sionistas. En la Federaci\u00f3n Sindical Mundial (FSM), a la que pertenece LAB y que este a\u00f1o cumple 80 a\u00f1os, no existe ning\u00fan sindicato de ese tipo, porque el sionismo y el colonialismo es contrario a las bases ideol\u00f3gicas de la FSM. En cambio, el sindicato sionista Histradut forma parte de la CSI, la otra gran federaci\u00f3n sindical a nivel mundial, y participa con total normalidad en sus iniciativas. Asimismo, Histradut participa en la Organizaci\u00f3n Internacional del Trabajo (OIT), de car\u00e1cter tripartito.<\/p>\n","protected":false},"excerpt":{"rendered":"<p>El coordinador general de LAB, Igor Arroyo, y el responsable de relaciones internacionales, Koldo S\u00e1enz, han ofrecido una rueda de prensa en Bilbao para valorar la movilizaci\u00f3n del 15 de octubre y anunciar nuevas iniciativas de cara al futuro. En cuanto a la valoraci\u00f3n, han destacado tres claves: la del 15-O ha sido la mayor [&hellip;]<\/p>\n","protected":false},"author":1191,"featured_media":84485,"comment_status":"closed","ping_status":"closed","sticky":false,"template":"","format":"standard","meta":{"_monsterinsights_skip_tracking":false,"_monsterinsights_sitenote_active":false,"_monsterinsights_sitenote_note":"","_monsterinsights_sitenote_category":0,"footnotes":"","_links_to":"","_links_to_target":""},"categories":[18],"tags":[3033,5343,3279],"class_list":{"0":"post-84487","1":"post","2":"type-post","3":"status-publish","4":"format-standard","5":"has-post-thumbnail","7":"category-es-accion-sindical","8":"tag-accion-sindical-es","9":"tag-langileokpalestinarekin-es","10":"tag-portada-es"},"_links":{"self":[{"href":"https:\/\/www.lab.eus\/es\/wp-json\/wp\/v2\/posts\/84487","targetHints":{"allow":["GET"]}}],"collection":[{"href":"https:\/\/www.lab.eus\/es\/wp-json\/wp\/v2\/posts"}],"about":[{"href":"https:\/\/www.lab.eus\/es\/wp-json\/wp\/v2\/types\/post"}],"author":[{"embeddable":true,"href":"https:\/\/www.lab.eus\/es\/wp-json\/wp\/v2\/users\/1191"}],"replies":[{"embeddable":true,"href":"https:\/\/www.lab.eus\/es\/wp-json\/wp\/v2\/comments?post=84487"}],"version-history":[{"count":1,"href":"https:\/\/www.lab.eus\/es\/wp-json\/wp\/v2\/posts\/84487\/revisions"}],"predecessor-version":[{"id":84488,"href":"https:\/\/www.lab.eus\/es\/wp-json\/wp\/v2\/posts\/84487\/revisions\/84488"}],"wp:featuredmedia":[{"embeddable":true,"href":"https:\/\/www.lab.eus\/es\/wp-json\/wp\/v2\/media\/84485"}],"wp:attachment":[{"href":"https:\/\/www.lab.eus\/es\/wp-json\/wp\/v2\/media?parent=84487"}],"wp:term":[{"taxonomy":"category","embeddable":true,"href":"https:\/\/www.lab.eus\/es\/wp-json\/wp\/v2\/categories?post=84487"},{"taxonomy":"post_tag","embeddable":true,"href":"https:\/\/www.lab.eus\/es\/wp-json\/wp\/v2\/tags?post=84487"}],"curies":[{"name":"wp","href":"https:\/\/api.w.org\/{rel}","templated":true}]}}