{"id":84477,"date":"2025-10-17T13:22:13","date_gmt":"2025-10-17T13:22:13","guid":{"rendered":"https:\/\/www.lab.eus\/?p=84477"},"modified":"2025-10-17T13:22:16","modified_gmt":"2025-10-17T13:22:16","slug":"lab-reclama-en-el-parlamento-un-salto-cualitativo-en-el-amejoramiento-del-fuero-para-garantizar-un-trabajo-y-una-vida-dignas-en-navarra","status":"publish","type":"post","link":"https:\/\/www.lab.eus\/es\/lab-reclama-en-el-parlamento-un-salto-cualitativo-en-el-amejoramiento-del-fuero-para-garantizar-un-trabajo-y-una-vida-dignas-en-navarra\/","title":{"rendered":"LAB reclama en el Parlamento un salto cualitativo en el Amejoramiento del Fuero para garantizar un trabajo y una vida dignas en Navarra"},"content":{"rendered":"\n<p><strong>Imanol Karrera, portavoz de LAB en Nafarroa, ha comparecido esta ma\u00f1ana en el Parlamento de Navarra dentro de la <em>ponencia de estudio para la actualizaci\u00f3n de la LORAFNA y su adecuaci\u00f3n a la realidad social y al sentir de la sociedad navarra del siglo XXI<\/em>. En su intervenci\u00f3n, ha subrayado la \u201cnecesidad de abordar un debate que permita dar un salto cualitativo m\u00e1s all\u00e1 de una mera actualizaci\u00f3n formal, con el objetivo de avanzar en la garant\u00eda de un trabajo y una vida dignas para la ciudadan\u00eda navarra\u201d. Un nuevo Amejoramiento del Fuero que, seg\u00fan LAB, debe ser refrendado por la ciudadan\u00eda navarra.<\/strong><\/p>\n\n\n\n<p>\u201cLAB tiene profundas ra\u00edces en Navarra y ha seguido de cerca su desarrollo pol\u00edtico e institucional en las \u00faltimas d\u00e9cadas\u201d, ha afirmado Karrera durante su intervenci\u00f3n. En el 40 aniversario del Amejoramiento del Fuero, LAB present\u00f3 la declaraci\u00f3n titulada <em>\u00a1Levant\u00e9monos! Despu\u00e9s de 40 a\u00f1os \u00a1hag\u00e1moslo posible! <\/em>Para el sindicato, el balance tras estas cuatro d\u00e9cadas es claramente deficitario, no solo en t\u00e9rminos de democratizaci\u00f3n, sino tambi\u00e9n en lo relativo a las condiciones de vida y trabajo.<\/p>\n\n\n\n<p>En palabras de LAB, \u201cno se puede hablar de autogobierno si el nivel del mismo es totalmente limitado y sin plenas competencias en cuestiones laborales y sociales que contin\u00faan bajo control del Estado\u201d. Denuncian que en materia de pol\u00edtica de empleo Navarra no puede establecer un salario m\u00ednimo propio ni regular la jornada laboral acorde a sus necesidades socioecon\u00f3micas. Tampoco es posible definir una pensi\u00f3n m\u00ednima tal como reclaman los pensionistas. Aunque la Comunidad dispone de ciertas competencias fiscales, el sindicato critica que no se aprovechan para implementar pol\u00edticas progresivas y redistributivas, y lamenta la falta de soberan\u00eda plena en impuestos indirectos como el IVA, que siguen siendo competencia del Estado.<\/p>\n\n\n\n<p>A este d\u00e9ficit estructural del Amejoramiento, LAB suma el agotamiento del proceso de transferencias, las reformas laborales impuestas desde el Estado, la estatalizaci\u00f3n de la negociaci\u00f3n colectiva, la impugnaci\u00f3n por parte del Tribunal Constitucional de numerosas leyes navarras, as\u00ed como la imposici\u00f3n de leyes b\u00e1sicas y la modificaci\u00f3n del art\u00edculo 135 de la Constituci\u00f3n espa\u00f1ola.<\/p>\n\n\n\n<p>\u201cPara mirar al futuro con ambici\u00f3n\u201d, LAB afirma, \u201ces necesario ir m\u00e1s all\u00e1 de la autocomplacencia y superar esta insuficiente realidad\u201d. En este sentido, el sindicato ha presentado una serie de propuestas que buscan avanzar en la actualizaci\u00f3n del Amejoramiento del Fuero \u201cy no limitarse a una mera revisi\u00f3n\u201d. Este proceso, dicen, debe suponer \u201cun salto cualitativo que mejore las condiciones de vida y de trabajo en la regi\u00f3n\u201d.<\/p>\n\n\n\n<p>El sindicato destaca la oficialidad del euskera en todo el territorio navarro como una reivindicaci\u00f3n imprescindible. Subraya que \u201cno se puede entender Navarra sin el euskera\u201d y denuncia que, desde un punto de vista democr\u00e1tico y de derechos humanos, es incomprensible que se elaboren discursos y decretos para excluir esta lengua en lugar de defenderla y ampliar sus derechos. Seg\u00fan LAB, \u201cNavarra y su sociedad deben sustentarse en los principios de cohesi\u00f3n e igualdad, que deben aplicarse tambi\u00e9n en materia ling\u00fc\u00edstica para evitar dividir el territorio en zonas y garantizar la igualdad de derechos para toda la poblaci\u00f3n\u201d. En este sentido, el sindicato recuerda que si se reconoce el euskera como lengua propia y se ha reclamado ante Europa su oficialidad, el Amejoramiento Foral \u201cdebe recoger ese car\u00e1cter propio, es decir, la oficialidad del euskera en toda Navarra\u201d.<\/p>\n\n\n\n<p>Respecto a la cuesti\u00f3n democr\u00e1tica, LAB reclama que sean los propios navarros y navarras quienes decidan libremente su futuro, recordando que hace 40 a\u00f1os no hubo debate ni refer\u00e9ndum alguno para aprobar el Amejoramiento, que califican como un Estatuto Auton\u00f3mico dependiente de la Constituci\u00f3n Espa\u00f1ola resultado de una propuesta excluyente. \u201cEste es un d\u00e9ficit democr\u00e1tico objetivo y acreditado que la actualizaci\u00f3n de la LORAFNA debe corregir\u201d, sostienen.<\/p>\n\n\n\n<p>El sindicato subraya tambi\u00e9n la necesidad de que Navarra cuente con plenas competencias para decidir sus pol\u00edticas sociolaborales y el sistema de protecci\u00f3n social, y defiende la creaci\u00f3n de un marco propio de relaciones laborales y protecci\u00f3n social, con un c\u00f3digo laboral y una seguridad social propios. Se\u00f1alan que \u201c40 a\u00f1os han demostrado que la estatalizaci\u00f3n de las relaciones laborales supone una p\u00e9rdida de derechos, mientras que la existencia de convenios propios y leyes propias favorece a los trabajadores y trabajadoras navarras\u201d.<\/p>\n\n\n\n<p>LAB reclama que se garantice una participaci\u00f3n sindical plural y efectiva en los espacios institucionales, que atienda las necesidades del tejido econ\u00f3mico navarro y los intereses de los trabajadores y trabajadoras de la regi\u00f3n. El sindicato denuncia \u201cla usurpaci\u00f3n de la representaci\u00f3n sindical y del Di\u00e1logo Social por parte de la patronal, representada en la CEN, y de los sindicatos UGT y CCOO, que actualmente re\u00fanen menos del 50% de la representaci\u00f3n sindical\u201d, y rechaza as\u00ed \u201cel monopolio y la representaci\u00f3n sesgada que perpet\u00faan un modelo excluyente de participaci\u00f3n\u201d. En este sentido, advierten que \u201cson inaceptables planteamientos que retrotraen a tiempos pasados y anteponen intereses pol\u00edticos y corporativos para mantener el modelo de Estado y su marco de relaciones socio-laborales\u201d.<\/p>\n\n\n\n<p>El sindicato concluye con un llamamiento a abrir un proceso de debate \u201camplio e ilimitado\u201d sobre el modelo social, econ\u00f3mico e institucional de Navarra y sobre las relaciones que la Comunidad desea mantener con el Estado espa\u00f1ol y con el resto de territorios vascos.<\/p>\n","protected":false},"excerpt":{"rendered":"<p>Imanol Karrera, portavoz de LAB en Nafarroa, ha comparecido esta ma\u00f1ana en el Parlamento de Navarra dentro de la ponencia de estudio para la actualizaci\u00f3n de la LORAFNA y su adecuaci\u00f3n a la realidad social y al sentir de la sociedad navarra del siglo XXI. En su intervenci\u00f3n, ha subrayado la \u201cnecesidad de abordar un [&hellip;]<\/p>\n","protected":false},"author":1191,"featured_media":84475,"comment_status":"closed","ping_status":"closed","sticky":false,"template":"","format":"standard","meta":{"_monsterinsights_skip_tracking":false,"_monsterinsights_sitenote_active":false,"_monsterinsights_sitenote_note":"","_monsterinsights_sitenote_category":0,"footnotes":"","_links_to":"","_links_to_target":""},"categories":[3283],"tags":[3178],"class_list":{"0":"post-84477","1":"post","2":"type-post","3":"status-publish","4":"format-standard","5":"has-post-thumbnail","7":"category-sin-categorizar","8":"tag-destacado-1"},"_links":{"self":[{"href":"https:\/\/www.lab.eus\/es\/wp-json\/wp\/v2\/posts\/84477","targetHints":{"allow":["GET"]}}],"collection":[{"href":"https:\/\/www.lab.eus\/es\/wp-json\/wp\/v2\/posts"}],"about":[{"href":"https:\/\/www.lab.eus\/es\/wp-json\/wp\/v2\/types\/post"}],"author":[{"embeddable":true,"href":"https:\/\/www.lab.eus\/es\/wp-json\/wp\/v2\/users\/1191"}],"replies":[{"embeddable":true,"href":"https:\/\/www.lab.eus\/es\/wp-json\/wp\/v2\/comments?post=84477"}],"version-history":[{"count":1,"href":"https:\/\/www.lab.eus\/es\/wp-json\/wp\/v2\/posts\/84477\/revisions"}],"predecessor-version":[{"id":84478,"href":"https:\/\/www.lab.eus\/es\/wp-json\/wp\/v2\/posts\/84477\/revisions\/84478"}],"wp:featuredmedia":[{"embeddable":true,"href":"https:\/\/www.lab.eus\/es\/wp-json\/wp\/v2\/media\/84475"}],"wp:attachment":[{"href":"https:\/\/www.lab.eus\/es\/wp-json\/wp\/v2\/media?parent=84477"}],"wp:term":[{"taxonomy":"category","embeddable":true,"href":"https:\/\/www.lab.eus\/es\/wp-json\/wp\/v2\/categories?post=84477"},{"taxonomy":"post_tag","embeddable":true,"href":"https:\/\/www.lab.eus\/es\/wp-json\/wp\/v2\/tags?post=84477"}],"curies":[{"name":"wp","href":"https:\/\/api.w.org\/{rel}","templated":true}]}}