{"id":84446,"date":"2025-10-16T13:01:36","date_gmt":"2025-10-16T13:01:36","guid":{"rendered":"https:\/\/www.lab.eus\/?p=84446"},"modified":"2025-10-16T13:01:39","modified_gmt":"2025-10-16T13:01:39","slug":"defender-la-atencion-especializada-en-patologia-dual-como-parte-de-un-sistema-publico-comunitario-de-cuidados","status":"publish","type":"post","link":"https:\/\/www.lab.eus\/es\/defender-la-atencion-especializada-en-patologia-dual-como-parte-de-un-sistema-publico-comunitario-de-cuidados\/","title":{"rendered":"Defender la atenci\u00f3n especializada en patolog\u00eda dual como parte de un sistema p\u00fablico comunitario de cuidados"},"content":{"rendered":"\n<p><strong>Desde hace m\u00e1s de un a\u00f1o, las trabajadoras y trabajadores de la \u00fanica residencia sociosanitaria especializada en patolog\u00eda dual, Abegia, observamos con preocupaci\u00f3n la decisi\u00f3n anunciada por el Diputado de Pol\u00edticas Sociales, Gorka Urtaran, de desmantelar este recurso \u00fanico en la Comunidad Aut\u00f3noma Vasca. El Departamento de Pol\u00edticas Sociales del Instituto Foral de Bienestar Social de \u00c1lava (IFBS) ha decidido destinar el espacio de Abegia a la atenci\u00f3n de personas en situaci\u00f3n de exclusi\u00f3n social y hasta ahora destinada a un proyecto especializado en la atenci\u00f3n a personas con patolog\u00eda dual.<\/strong><\/p>\n\n\n\n<p>No tenemos ninguna duda de que este territorio requiere de un claro refuerzo de la red de atenci\u00f3n a personas en situaci\u00f3n de exclusi\u00f3n social, es de hecho una necesidad real y urgente. Sin embargo, la implementaci\u00f3n de este servicio anunciado por el responsable de pol\u00edticas sociales de la diputaci\u00f3n, como un claro refuerzo de los servicios sociales del territorio, se ha llevado a cabo a costa de otro colectivo vulnerable y olvidado: las personas con patolog\u00eda dual.<\/p>\n\n\n\n<p>El servicio de Abegia ofrece una atenci\u00f3n integral y especializada, con lista de espera constante, alto aprovechamiento y un equipo formado y comprometido con la compleja realidad de quienes conviven con trastornos mentales y adicciones. Hemos sido testigos directos del impacto positivo de este recurso en la vida de las personas atendidas.<\/p>\n\n\n\n<p>Denunciamos que la decisi\u00f3n institucional se ha tomado sin un an\u00e1lisis del contexto sociosanitario actual. No se han presentado datos claros sobre la magnitud de la poblaci\u00f3n en situaci\u00f3n de calle en el territorio. \u00bfPuede el Departamento de Pol\u00edticas Sociales se\u00f1alar con datos cu\u00e1ntas personas sobreviven en la calle, en lonjas u otros lugares sin condiciones dignas en este territorio? Se ha priorizado la agenda pol\u00edtica sobre la realidad asistencial, debilitando un pilar fundamental de la red de salud mental.<\/p>\n\n\n\n<p>Reconocemos la urgencia de crear recursos para personas en situaci\u00f3n de exclusi\u00f3n, pero nos oponemos rotundamente a que estas plazas necesarias sean a costa de sacrificar una atenci\u00f3n tan especializada y dif\u00edcilmente sustituible como la nuestra. Rechazamos que se enfrenten las necesidades de dos colectivos vulnerables en lugar de garantizar recursos para ambos.<\/p>\n\n\n\n<p>Las profesionales de Abegia, que durante a\u00f1os hemos acompa\u00f1ado y defendido este proyecto, nos vemos obligadas a asumir las decisiones de una administraci\u00f3n que no nos reconoce como trabajadoras propias. El IFBS lleva a\u00f1os externalizando la gesti\u00f3n de los servicios sociales del territorio. Lo decimos alto y claro, las trabajadoras de Abegia, somos trabajadoras publicas y exigimos por tanto al IFBS la publificaci\u00f3n del servicio.&nbsp;<\/p>\n\n\n\n<p>Tambi\u00e9n advertimos que la transformaci\u00f3n anunciada no contempla un aumento real de profesionales ni una adaptaci\u00f3n estructural. M\u00e1s plazas no significan mejor atenci\u00f3n si no se refuerzan los recursos humanos y materiales.&nbsp;<\/p>\n\n\n\n<p>Por ello, exigimos visibilizar esta p\u00e9rdida. No se trata solo de defender un proyecto, sino de reivindicar el derecho a una atenci\u00f3n digna, especializada y continuada. El cierre del servicio no solo priva a las personas usuarias de un recurso adecuado, sino que impacta en sus familias, muchas veces agotadas y sin apoyos suficientes, y priva al territorio de una herramienta eficaz para prevenci\u00f3n, tratamiento e inclusi\u00f3n social.<\/p>\n\n\n\n<p>Llevamos meses reclamando un sistema p\u00fablico comunitario de cuidados de calidad. Sin embargo, con esta decisi\u00f3n la Diputaci\u00f3n Foral de \u00c1lava, lejos de avanzar en esa direcci\u00f3n, retrocede.&nbsp;<\/p>\n\n\n\n<p>Nos negamos a que esta medida pase desapercibida. Lo que est\u00e1 en juego no es solo un recurso, sino la forma en que como sociedad decidimos cuidar y dignificar a quienes m\u00e1s lo necesitan.&nbsp;<\/p>\n","protected":false},"excerpt":{"rendered":"<p>Desde hace m\u00e1s de un a\u00f1o, las trabajadoras y trabajadores de la \u00fanica residencia sociosanitaria especializada en patolog\u00eda dual, Abegia, observamos con preocupaci\u00f3n la decisi\u00f3n anunciada por el Diputado de Pol\u00edticas Sociales, Gorka Urtaran, de desmantelar este recurso \u00fanico en la Comunidad Aut\u00f3noma Vasca. El Departamento de Pol\u00edticas Sociales del Instituto Foral de Bienestar Social [&hellip;]<\/p>\n","protected":false},"author":1191,"featured_media":84444,"comment_status":"closed","ping_status":"closed","sticky":false,"template":"","format":"standard","meta":{"_monsterinsights_skip_tracking":false,"_monsterinsights_sitenote_active":false,"_monsterinsights_sitenote_note":"","_monsterinsights_sitenote_category":0,"footnotes":"","_links_to":"","_links_to_target":""},"categories":[18,6],"tags":[3033,3178,3171],"class_list":{"0":"post-84446","1":"post","2":"type-post","3":"status-publish","4":"format-standard","5":"has-post-thumbnail","7":"category-es-accion-sindical","8":"category-es-servicios-publicos","9":"tag-accion-sindical-es","10":"tag-destacado-1","11":"tag-servicios-publicos-es"},"_links":{"self":[{"href":"https:\/\/www.lab.eus\/es\/wp-json\/wp\/v2\/posts\/84446","targetHints":{"allow":["GET"]}}],"collection":[{"href":"https:\/\/www.lab.eus\/es\/wp-json\/wp\/v2\/posts"}],"about":[{"href":"https:\/\/www.lab.eus\/es\/wp-json\/wp\/v2\/types\/post"}],"author":[{"embeddable":true,"href":"https:\/\/www.lab.eus\/es\/wp-json\/wp\/v2\/users\/1191"}],"replies":[{"embeddable":true,"href":"https:\/\/www.lab.eus\/es\/wp-json\/wp\/v2\/comments?post=84446"}],"version-history":[{"count":1,"href":"https:\/\/www.lab.eus\/es\/wp-json\/wp\/v2\/posts\/84446\/revisions"}],"predecessor-version":[{"id":84447,"href":"https:\/\/www.lab.eus\/es\/wp-json\/wp\/v2\/posts\/84446\/revisions\/84447"}],"wp:featuredmedia":[{"embeddable":true,"href":"https:\/\/www.lab.eus\/es\/wp-json\/wp\/v2\/media\/84444"}],"wp:attachment":[{"href":"https:\/\/www.lab.eus\/es\/wp-json\/wp\/v2\/media?parent=84446"}],"wp:term":[{"taxonomy":"category","embeddable":true,"href":"https:\/\/www.lab.eus\/es\/wp-json\/wp\/v2\/categories?post=84446"},{"taxonomy":"post_tag","embeddable":true,"href":"https:\/\/www.lab.eus\/es\/wp-json\/wp\/v2\/tags?post=84446"}],"curies":[{"name":"wp","href":"https:\/\/api.w.org\/{rel}","templated":true}]}}